{"id":11456,"date":"2012-03-12T19:20:23","date_gmt":"2012-03-12T17:20:23","guid":{"rendered":"http:\/\/www.letourismeaparis.fr\/?p=11456"},"modified":"2012-03-12T19:20:23","modified_gmt":"2012-03-12T17:20:23","slug":"cine-rencontre-au-musee-dapper","status":"publish","type":"post","link":"http:\/\/www.letourismeaparis.fr\/index.php\/2012\/03\/12\/cine-rencontre-au-musee-dapper\/","title":{"rendered":"Carte blanche \u00e0 L\u00e9onora Miano Mahogany March au mus\u00e9e Dapper"},"content":{"rendered":"<p>Du mercredi 14 au samedi 24 mars<br \/>\nSc\u00e8ne slam \u00ab Afropean \u00bb<br \/>\nSoir\u00e9e slam avec L\u00e9onora Miano, Silex et le collectif On a slam\u00e9 sur la lune.<br \/>\nMercredi 14 mars \u00e0 20 h 30<br \/>\nFemmes cr\u00e9atrices dans le cin\u00e9ma d&rsquo;Ousmane Semb\u00e8ne<br \/>\nCette rencontre abordera la place des femmes dans le cin\u00e9ma du S\u00e9n\u00e9galais Ousmane Semb\u00e8ne.<!--more--><br \/>\nVendredi 16 mars \u00e0 20 h 30<br \/>\nBlack in Blue : Le Passage du Milieu de Guy Deslauriers<br \/>\nUne occasion de s&rsquo;interroger sur la naissance de l&rsquo;identit\u00e9 antillaise dans le film du Martiniquais Guy Deslauriers.<br \/>\nSamedi 17 mars \u00e0 14 h 30<br \/>\nRastafari : la couleur de Dieu<br \/>\nL&rsquo;expression spirituelle et radicale du rastafarisme sera ici \u00e9voqu\u00e9e.<br \/>\nSamedi 24 mars \u00e0 14 h 30<br \/>\nEntr\u00e9e libre<br \/>\nR\u00e9servation au 01 45 00 91 75<br \/>\n35 bis rue Paul Val\u00e9ry paris 75016<\/p>\n","protected":false},"excerpt":{"rendered":"<p>Du mercredi 14 au samedi 24 mars Sc\u00e8ne slam \u00ab Afropean \u00bb Soir\u00e9e slam avec L\u00e9onora Miano, Silex et le collectif On a slam\u00e9 sur la lune. Mercredi 14 mars \u00e0 20 h 30 Femmes cr\u00e9atrices dans le cin\u00e9ma d&rsquo;Ousmane&#8230;<\/p>\n","protected":false},"author":2,"featured_media":0,"comment_status":"open","ping_status":"open","sticky":false,"template":"","format":"standard","meta":{"ngg_post_thumbnail":0,"jetpack_post_was_ever_published":false,"_jetpack_newsletter_access":"","footnotes":""},"categories":[1],"tags":[],"class_list":["post-11456","post","type-post","status-publish","format-standard","hentry","category-non-classe"],"jetpack_featured_media_url":"","jetpack-related-posts":[{"id":16160,"url":"http:\/\/www.letourismeaparis.fr\/index.php\/2015\/01\/19\/concerts-dhiver-la-mairie-du-19-eme-du-6-au-14-fevrier\/","url_meta":{"origin":11456,"position":0},"title":"Concerts  d&#039;hiver \u00e0 la mairie du 19 \u00e8me du 6 au 14 f\u00e9vrier","author":"Fabienne TM","date":"19 janvier 2015","format":false,"excerpt":"\u00a0 Du 6 au 14 f\u00e9vrier, la Mairie du 19e vous invite aux \u201cConcerts d\u2019hiver\u201d, un festival de musique classique et d\u2019art lyrique, organis\u00e9 en partenariat avec \u00ab La Fabrique \u00e0 Enchantements \u00bb. Au programme : 14 spectacles musicaux gratuits sont donn\u00e9s dans la salle des f\u00eates de la Mairie\u2026","rel":"","context":"Dans &quot;Musique&quot;","block_context":{"text":"Musique","link":"http:\/\/www.letourismeaparis.fr\/index.php\/category\/culture\/concerts-musique\/musique\/"},"img":{"alt_text":"","src":"","width":0,"height":0},"classes":[]},{"id":12156,"url":"http:\/\/www.letourismeaparis.fr\/index.php\/2012\/11\/15\/design-en-afrique-sasseoir-se-coucher-et-rever-jusquau-14-juillet-2013\/","url_meta":{"origin":11456,"position":1},"title":"Design en Afrique  : S&#039;asseoir, se coucher et r\u00eaver jusqu&#039;au 14 juillet 2013","author":"Fabienne TM","date":"15 novembre 2012","format":false,"excerpt":"Design en Afrique S'asseoir, se coucher et r\u00eaver L'exposition Design en Afrique d\u00e9voile un univers vou\u00e9 principalement \u00e0 des objets supportant le corps. Leur conception est marqu\u00e9e par une cr\u00e9ativit\u00e9 en prise directe avec les attitudes, les mouvements, mais aussi avec les symboles de la d\u00e9coration. Formes et fonctions dialoguent\u2026","rel":"","context":"Dans &quot;Non class\u00e9&quot;","block_context":{"text":"Non class\u00e9","link":"http:\/\/www.letourismeaparis.fr\/index.php\/category\/non-classe\/"},"img":{"alt_text":"","src":"","width":0,"height":0},"classes":[]},{"id":21064,"url":"http:\/\/www.letourismeaparis.fr\/index.php\/2018\/06\/04\/la-nuit-du-handicap-levenement-du-9-juin\/","url_meta":{"origin":11456,"position":2},"title":"La Nuit du handicap, l&#039;\u00e9v\u00e9nement du 9 juin","author":"Fabienne TM","date":"4 juin 2018","format":false,"excerpt":"Le samedi 9 juin 2018, vous \u00eates invit\u00e9s par des personnes porteuses de handicap \u00e0 passer une soir\u00e9e festive et conviviale, pour faire des rencontres hors du commun ! Au programme : Ap\u00e9ro, musiques, spectacles, t\u00e9moignages, films\u2026 Les personnes handicap\u00e9es r\u00e9v\u00e8leront leurs talents ! La nuit du handicap c\u2019est :\u2026","rel":"","context":"Dans &quot;Oeuvres-Caritatives&quot;","block_context":{"text":"Oeuvres-Caritatives","link":"http:\/\/www.letourismeaparis.fr\/index.php\/category\/bonnes-oeuvres\/"},"img":{"alt_text":"","src":"","width":0,"height":0},"classes":[]},{"id":25789,"url":"http:\/\/www.letourismeaparis.fr\/index.php\/2024\/09\/18\/les-journees-du-patrimoine-et-le-musee-du-quai-branly-vous-proposent-des-visites-contees-et-le-nouveau-parcours-sonore\/","url_meta":{"origin":11456,"position":3},"title":"Les journ\u00e9es du Patrimoine et le Mus\u00e9e du Quai Branly vous proposent des visites cont\u00e9es et le nouveau parcours sonore.","author":"Fabienne TM","date":"18 septembre 2024","format":false,"excerpt":"Des carnavals d\u2019Am\u00e9riques aux initiations d\u2019Afrique, d\u00e9couvrez les mythes et l\u00e9gendes des quatre continents. Samedi et dimanche, \u00e0 14h30, 15h30, 16h30, 17h et 17h30 dur\u00e9e : 25 min en acc\u00e8s libre, dans la limite des places disponibles Lieu :\u00a0 Plateau des Collections Le samedi 21 septembre 2024 de 14:30 \u00e0\u2026","rel":"","context":"Dans &quot;Culture&quot;","block_context":{"text":"Culture","link":"http:\/\/www.letourismeaparis.fr\/index.php\/category\/culture\/"},"img":{"alt_text":"","src":"","width":0,"height":0},"classes":[]},{"id":9772,"url":"http:\/\/www.letourismeaparis.fr\/index.php\/2011\/03\/18\/festival-voyage-a-travers-les-films-jusquau-au-20-mars-2011\/","url_meta":{"origin":11456,"position":4},"title":"Festival : &quot;Voyage \u00e0 travers les films&quot; : jusqu&#039;au au 20 mars 2011","author":"Fabienne TM","date":"18 mars 2011","format":false,"excerpt":"Voyage \u00e0 travers les films : jusqu'au au 20 mars 2011, \u00a0 \u00a0\u00a0 gratuit Dans le cadre de la Journ\u00e9e internationale de la Francophonie, le Groupe francophone aupr\u00e8s de l\u2019UNESCO \u2013 qui regroupe environ 70 d\u00e9l\u00e9gations \u2013, organise \u00e0 la Cit\u00e9 internationale universitaire de Paris le festival \u00ab Voyage \u00e0\u2026","rel":"","context":"Dans &quot;Non class\u00e9&quot;","block_context":{"text":"Non class\u00e9","link":"http:\/\/www.letourismeaparis.fr\/index.php\/category\/non-classe\/"},"img":{"alt_text":"","src":"","width":0,"height":0},"classes":[]},{"id":11806,"url":"http:\/\/www.letourismeaparis.fr\/index.php\/2012\/08\/01\/les-soirees-tango-sur-les-quais-de-seine-reprennent-a-partir-de-19-h\/","url_meta":{"origin":11456,"position":5},"title":"LES SOIREES TANGO SUR LES QUAIS DE SEINE REPRENNENT  A PARTIR DE 19 H","author":"Fabienne TM","date":"1 ao\u00fbt 2012","format":false,"excerpt":"LES SOIREES TANGO SUR LES QUAIS DE SEINE REPRENNENT\u00a0 A PARTIR DE 19 H - 2 cours (initiation+ tous niveaux) \u00e0 partir de 19h - bal-soir\u00e9e \u00e0 partir de 20h30 MERCREDI 18 JUILLET 2012 8 Quai Saint Bernard 75005 Paris mercredi 18 juillet 2012 de 20h30 \u00e0 23h30 Jussieu ou\u2026","rel":"","context":"Dans &quot;Non class\u00e9&quot;","block_context":{"text":"Non class\u00e9","link":"http:\/\/www.letourismeaparis.fr\/index.php\/category\/non-classe\/"},"img":{"alt_text":"","src":"","width":0,"height":0},"classes":[]}],"jetpack_sharing_enabled":true,"jetpack_likes_enabled":true,"_links":{"self":[{"href":"http:\/\/www.letourismeaparis.fr\/index.php\/wp-json\/wp\/v2\/posts\/11456","targetHints":{"allow":["GET"]}}],"collection":[{"href":"http:\/\/www.letourismeaparis.fr\/index.php\/wp-json\/wp\/v2\/posts"}],"about":[{"href":"http:\/\/www.letourismeaparis.fr\/index.php\/wp-json\/wp\/v2\/types\/post"}],"author":[{"embeddable":true,"href":"http:\/\/www.letourismeaparis.fr\/index.php\/wp-json\/wp\/v2\/users\/2"}],"replies":[{"embeddable":true,"href":"http:\/\/www.letourismeaparis.fr\/index.php\/wp-json\/wp\/v2\/comments?post=11456"}],"version-history":[{"count":0,"href":"http:\/\/www.letourismeaparis.fr\/index.php\/wp-json\/wp\/v2\/posts\/11456\/revisions"}],"wp:attachment":[{"href":"http:\/\/www.letourismeaparis.fr\/index.php\/wp-json\/wp\/v2\/media?parent=11456"}],"wp:term":[{"taxonomy":"category","embeddable":true,"href":"http:\/\/www.letourismeaparis.fr\/index.php\/wp-json\/wp\/v2\/categories?post=11456"},{"taxonomy":"post_tag","embeddable":true,"href":"http:\/\/www.letourismeaparis.fr\/index.php\/wp-json\/wp\/v2\/tags?post=11456"}],"curies":[{"name":"wp","href":"https:\/\/api.w.org\/{rel}","templated":true}]}}