{"id":11475,"date":"2012-04-22T13:15:40","date_gmt":"2012-04-22T12:15:40","guid":{"rendered":"http:\/\/www.letourismeaparis.fr\/?p=11475"},"modified":"2012-04-22T13:15:40","modified_gmt":"2012-04-22T12:15:40","slug":"lor-de-blaise-cendras-au-theatre-la-bruyere-a-partir-du-12-fevrier","status":"publish","type":"post","link":"http:\/\/www.letourismeaparis.fr\/index.php\/2012\/04\/22\/lor-de-blaise-cendras-au-theatre-la-bruyere-a-partir-du-12-fevrier\/","title":{"rendered":"\u00ab L\u2019Or \u00bbde Blaise Cendras au th\u00e9atre La Bruy\u00e8re"},"content":{"rendered":"<p>\u00ab L\u2019Or \u00bbde Blaise Cendras au th\u00e9atre La Bruy\u00e8re,<br \/>\nUn spectacle bouleversant, un enchantement, un d\u00e9luge de p\u00e9pites , un joyau th\u00e9atral, une pi\u00e8ce inoubliable&#8230;..<br \/>\nL&rsquo;Or ou l&rsquo;histoire chaotique du r\u00eave am\u00e9ricain. Celle du G\u00e9n\u00e9ral Sutter, qui a conquis la Californie, devient milliardaire, et est ruin\u00e9 par la d\u00e9couverte de l&rsquo;or sur ses terres. Sur une musique originale de Jean-Jacques Milteau !<a href=\"http:\/\/www.letourismeaparis.fr\/wp-content\/uploads\/2012\/01\/lor.jpg\"><img loading=\"lazy\" decoding=\"async\" class=\"aligncenter size-thumbnail wp-image-11476\" title=\"l'or\" src=\"http:\/\/www.letourismeaparis.fr\/wp-content\/uploads\/2012\/01\/lor-150x150.jpg\" alt=\"\" width=\"150\" height=\"150\" \/><\/a><!--more--><br \/>\nDans une langue flamboyante, Blaise Cendras projette\u00a0 la v\u00e9ridique et merveilleuse histoire de Johann August Suter, Suisse aventurier qui quitte un beau jour de 1834 femme et enfants pour traverser l\u2019Atlantique et le sauvage continent am\u00e9ricain. Gloire ! Il sera le premier \u00e0 s\u2019installer et faire fortune en Californie\u2026 D\u00e9ch\u00e9ance ! En 1848, la p\u00e9pite qui d\u00e9clenche la ru\u00e9e vers l\u2019or est d\u00e9couverte sur ses terres, qu\u2019il verra, impuissant, pill\u00e9es et d\u00e9vast\u00e9es par les chercheurs d\u2019or.<br \/>\nTh\u00e9atre la bruy\u00e8re<br \/>\n5, rue La Bruy\u00e8re Paris 75009<br \/>\nLes dimanches \u00e0 16h &amp; les lundis \u00e0 20h30<\/p>\n","protected":false},"excerpt":{"rendered":"<p>\u00ab L\u2019Or \u00bbde Blaise Cendras au th\u00e9atre La Bruy\u00e8re, Un spectacle bouleversant, un enchantement, un d\u00e9luge de p\u00e9pites , un joyau th\u00e9atral, une pi\u00e8ce inoubliable&#8230;.. L&rsquo;Or ou l&rsquo;histoire chaotique du r\u00eave am\u00e9ricain. Celle du G\u00e9n\u00e9ral Sutter, qui a conquis la&#8230;<\/p>\n","protected":false},"author":2,"featured_media":0,"comment_status":"open","ping_status":"open","sticky":false,"template":"","format":"standard","meta":{"ngg_post_thumbnail":0,"jetpack_post_was_ever_published":false,"_jetpack_newsletter_access":"","footnotes":""},"categories":[1],"tags":[],"class_list":["post-11475","post","type-post","status-publish","format-standard","hentry","category-non-classe"],"jetpack_featured_media_url":"","jetpack-related-posts":[{"id":25769,"url":"http:\/\/www.letourismeaparis.fr\/index.php\/2024\/09\/09\/un-bon-spectacle-au-theatre-la-bruyere-la-voix-dor\/","url_meta":{"origin":11475,"position":0},"title":"Un bon spectacle au th\u00e9atre La Bruy\u00e8re\u00a0:La Voix d\u2019or","author":"Fabienne TM","date":"9 septembre 2024","format":false,"excerpt":"Embarquez dans cette surprenante histoire vraie, celle de Charles Gent\u00e8s, chanteur d\u2019apr\u00e8s-guerre que l\u2019on surnommait LA VOIX D\u2019OR : chansons originales de l\u2019\u00e9poque, reprises des grands airs de la chanson fran\u00e7aise (Aznavour, Brel, Piaf, Trenet, Brassens, Montand, en passant par Dario Moreno et Dalida), amours passionn\u00e9s, traversez cette folle et\u2026","rel":"","context":"Dans &quot;Com\u00e9die Musicale&quot;","block_context":{"text":"Com\u00e9die Musicale","link":"http:\/\/www.letourismeaparis.fr\/index.php\/category\/spectacle\/comedie-musicale\/"},"img":{"alt_text":"","src":"https:\/\/i0.wp.com\/www.letourismeaparis.fr\/wp-content\/uploads\/2024\/09\/Capture-decran-2024-09-09-a-18.47.24-1.png?resize=350%2C200","width":350,"height":200},"classes":[]},{"id":17536,"url":"http:\/\/www.letourismeaparis.fr\/index.php\/2015\/01\/05\/chanson-plus-bifluoree-au-theatre-la-bruyere\/","url_meta":{"origin":11475,"position":1},"title":"&quot;CHANSON PLUS  BIFLUOR\u00c9E&quot; au Th\u00e9atre La Bruy\u00e8re ; un spectacle p\u00e9tillant , sympa et dynamique !","author":"Fabienne TM","date":"5 janvier 2015","format":false,"excerpt":"Chanson Plus fluor\u00e9e, trois acrobates de la voix, nous offrent un show haut en d\u00e9lire, ou l\u2019humour est\u00a0un fil rouge, l\u2019inventivit\u00e9 est une r\u00e8gle d\u2019or et l\u2019\u00e9motion un suppl\u00e9ment d\u2019\u00e2me.\u00a0Le meilleur des chansons, sketches et parodies, dans une r\u00e9trospective de leurs plus grands succ\u00e8s. \u00a0 TH\u00c9\u00c2TRE LA BRUY\u00c8RE 5 RUE\u2026","rel":"","context":"Dans &quot;Spectacle&quot;","block_context":{"text":"Spectacle","link":"http:\/\/www.letourismeaparis.fr\/index.php\/category\/spectacle\/"},"img":{"alt_text":"","src":"","width":0,"height":0},"classes":[]},{"id":24385,"url":"http:\/\/www.letourismeaparis.fr\/index.php\/2021\/10\/17\/la-bas-de-lautre-cote-de-leau-un-tres-bon-spectacle-au-theatre-la-bruyere\/","url_meta":{"origin":11475,"position":2},"title":"\u00ab\u00a0L\u00e0-bas, de l&rsquo;autre c\u00f4t\u00e9 de l&rsquo;eau\u00a0\u00bb, un  tr\u00e8s bon spectacle                              au th\u00e9atre La Bruy\u00e8re","author":"Fabienne TM","date":"17 octobre 2021","format":false,"excerpt":"\u00a0de \u00a0Pierre Olivier Scotto, mise en sc\u00e8ne de Xavier Lemaire Alger 1956.\u00a0 France, 18 ans, passionn\u00e9e, r\u00eave de cin\u00e9ma et de Com\u00e9die Fran\u00e7aise. Elle est amoureuse de Moktar, jeune r\u00e9volutionnaire jusqu\u2019\u00e0 ce que Jean Paul, jeune soldat appel\u00e9, d\u00e9barque dans sa vie et lui fasse r\u00eaver de Paris\u2026 Le tourbillon\u2026","rel":"","context":"Dans &quot;Th\u00e9atre&quot;","block_context":{"text":"Th\u00e9atre","link":"http:\/\/www.letourismeaparis.fr\/index.php\/category\/spectacle\/theatre\/"},"img":{"alt_text":"","src":"https:\/\/i0.wp.com\/www.letourismeaparis.fr\/wp-content\/uploads\/2021\/10\/Capture-d%E2%80%99e%CC%81cran-2021-10-17-a%CC%80-16.10.08.png?resize=350%2C200","width":350,"height":200},"classes":[]},{"id":5381,"url":"http:\/\/www.letourismeaparis.fr\/index.php\/2010\/09\/08\/les-39-marches-au-theatre-la-bruyere-un-spectacle-hilarant\/","url_meta":{"origin":11475,"position":3},"title":"Les 39 marches au th\u00e9atre La Bruy\u00e8re : un spectacle hilarant  prolong\u00e9 du 14 septembre au 9 octobre","author":"Fabienne TM","date":"8 septembre 2010","format":false,"excerpt":"Les 39 marches de John Buchan et Alfred Hitchcock, spectacle\u00a0\u00a0 mis en sc\u00e8ne par Eric Metayer avec Jean-Philippe Beche, Andr\u00e9a Bescond, Christophe Laubion . Dans une mise en sc\u00e8ne d\u00e9sopilante, 4 com\u00e9diens interpr\u00eatent plus de 150 personnages :\u00a0 un sacr\u00e9 moment de rigolade ! Th\u00e9atre La Bruy\u00e8re 5, rue La\u2026","rel":"","context":"Dans &quot;Non class\u00e9&quot;","block_context":{"text":"Non class\u00e9","link":"http:\/\/www.letourismeaparis.fr\/index.php\/category\/non-classe\/"},"img":{"alt_text":"","src":"","width":0,"height":0},"classes":[]},{"id":26596,"url":"http:\/\/www.letourismeaparis.fr\/index.php\/2025\/12\/02\/dolores-au-theatre-la-bruyere\/","url_meta":{"origin":11475,"position":4},"title":"Dolor\u00e8s au Th\u00e9atre La Bruy\u00e8re","author":"Fabienne TM","date":"2 d\u00e9cembre 2025","format":false,"excerpt":"UN FR\u00c8RE, UNE S\u0152UR, UNE PASSION\u2026 EMBARQUEZ DANS UN DESTIN HORS DU COMMUN D'apr\u00e8s une histoire vraie. Sylvin et Maria Rubinstein, fr\u00e8re et soeur jumeaux, rencontrent un succ\u00e8s international dans les cabarets des ann\u00e9es 30 avec un num\u00e9ro de flamenco ph\u00e9nom\u00e9nal. Ensemble, ils forment le couple vedette d\u2019Imperio et Dolor\u00e8s.\u2026","rel":"","context":"Dans &quot;Spectacle&quot;","block_context":{"text":"Spectacle","link":"http:\/\/www.letourismeaparis.fr\/index.php\/category\/spectacle\/"},"img":{"alt_text":"","src":"","width":0,"height":0},"classes":[]},{"id":23784,"url":"http:\/\/www.letourismeaparis.fr\/index.php\/2019\/12\/21\/chanson-plus-bifluoree-au-theatre-la-bruyere-pour-les-fetes\/","url_meta":{"origin":11475,"position":5},"title":"CHANSON PLUS BIFLUOR\u00c9E, au Th\u00e9atre La Bruy\u00e8re , un spectacle divertissant pour les f\u00eates.","author":"Fabienne TM","date":"21 d\u00e9cembre 2019","format":false,"excerpt":"jusqu' au 5 janvier 2020 Pour les F\u00eates, le trio Chanson Plus Bifluor\u00e9e revient au Th\u00e9\u00e2tre La Bruy\u00e8re avec une s\u00e9lection de leurs meilleures chansons de bouche, de leurs grands succ\u00e8s et de surprises sp\u00e9cialement concoct\u00e9es pour leur show de fin d\u2019ann\u00e9e... 31 d\u00e9cembre et 4 janvier : 18h45 1er\u2026","rel":"","context":"Dans &quot;Th\u00e9atre&quot;","block_context":{"text":"Th\u00e9atre","link":"http:\/\/www.letourismeaparis.fr\/index.php\/category\/spectacle\/theatre\/"},"img":{"alt_text":"","src":"https:\/\/i0.wp.com\/www.letourismeaparis.fr\/wp-content\/uploads\/2019\/11\/Capture-d%E2%80%99e%CC%81cran-2019-11-15-a%CC%80-17.52.42.png?resize=350%2C200","width":350,"height":200},"classes":[]}],"jetpack_sharing_enabled":true,"jetpack_likes_enabled":true,"_links":{"self":[{"href":"http:\/\/www.letourismeaparis.fr\/index.php\/wp-json\/wp\/v2\/posts\/11475","targetHints":{"allow":["GET"]}}],"collection":[{"href":"http:\/\/www.letourismeaparis.fr\/index.php\/wp-json\/wp\/v2\/posts"}],"about":[{"href":"http:\/\/www.letourismeaparis.fr\/index.php\/wp-json\/wp\/v2\/types\/post"}],"author":[{"embeddable":true,"href":"http:\/\/www.letourismeaparis.fr\/index.php\/wp-json\/wp\/v2\/users\/2"}],"replies":[{"embeddable":true,"href":"http:\/\/www.letourismeaparis.fr\/index.php\/wp-json\/wp\/v2\/comments?post=11475"}],"version-history":[{"count":0,"href":"http:\/\/www.letourismeaparis.fr\/index.php\/wp-json\/wp\/v2\/posts\/11475\/revisions"}],"wp:attachment":[{"href":"http:\/\/www.letourismeaparis.fr\/index.php\/wp-json\/wp\/v2\/media?parent=11475"}],"wp:term":[{"taxonomy":"category","embeddable":true,"href":"http:\/\/www.letourismeaparis.fr\/index.php\/wp-json\/wp\/v2\/categories?post=11475"},{"taxonomy":"post_tag","embeddable":true,"href":"http:\/\/www.letourismeaparis.fr\/index.php\/wp-json\/wp\/v2\/tags?post=11475"}],"curies":[{"name":"wp","href":"https:\/\/api.w.org\/{rel}","templated":true}]}}