{"id":11504,"date":"2012-04-16T11:19:23","date_gmt":"2012-04-16T10:19:23","guid":{"rendered":"http:\/\/www.letourismeaparis.fr\/?p=11504"},"modified":"2012-04-16T11:19:23","modified_gmt":"2012-04-16T10:19:23","slug":"doisneau-paris-les-halles-jusquau-28-avril","status":"publish","type":"post","link":"http:\/\/www.letourismeaparis.fr\/index.php\/2012\/04\/16\/doisneau-paris-les-halles-jusquau-28-avril\/","title":{"rendered":"Doisneau, Paris les Halles jusqu&#039;au 28 avril"},"content":{"rendered":"<p>En 1933, Robert Doisneau prend sa premi\u00e8re photo dans le quartier des Halles. Amoureux de ce \u00ab\u00a0ventre de Paris\u00a0\u00bb, le photographe fixera sur le n\u00e9gatif les \u00e9volutions et les nouveaut\u00e9s du quartier.<br \/>\n<a href=\"http:\/\/www.letourismeaparis.fr\/wp-content\/uploads\/2012\/02\/doisneau.jpg\"><img loading=\"lazy\" decoding=\"async\" class=\"aligncenter size-thumbnail wp-image-11505\" title=\"doisneau\" src=\"http:\/\/www.letourismeaparis.fr\/wp-content\/uploads\/2012\/02\/doisneau-150x150.jpg\" alt=\"\" width=\"150\" height=\"150\" \/><\/a><br \/>\ncr\u00e9dits : \u00a9 Atelier Robert Doisneau<!--more--><br \/>\nParmi les nombreuses photographies que Robert Doisneau a consacr\u00e9es au quartier des Halles de 1933 \u00e0 sa mort, 150 tirages, pour la plupart vintages, seront pr\u00e9sent\u00e9s au public. Une salle consacr\u00e9e aux photographies en couleur des ann\u00e9es 1960, permettra de porter un regard nouveau \u00e0 la fois sur les Halles et sur l\u2019oeuvre du photographe.<br \/>\nl&rsquo;exposition montre la vie, la couleur et le caract\u00e8re du quartier entre les ann\u00e9es 30 et les ann\u00e9es 70.<br \/>\nH\u00f4tel de Ville<br \/>\njusqu&rsquo;au 28 avril 2012<br \/>\nTous les jours sauf dimanches et f\u00eates de 10h \u00e0 19h. Dernier acc\u00e8s \u00e0 18h30.<br \/>\nSalon d&rsquo;accueil de la Mairie de Paris<br \/>\n29 rue de Rivoli 75004 Paris<\/p>\n","protected":false},"excerpt":{"rendered":"<p>En 1933, Robert Doisneau prend sa premi\u00e8re photo dans le quartier des Halles. Amoureux de ce \u00ab\u00a0ventre de Paris\u00a0\u00bb, le photographe fixera sur le n\u00e9gatif les \u00e9volutions et les nouveaut\u00e9s du quartier. cr\u00e9dits : \u00a9 Atelier Robert Doisneau<\/p>\n","protected":false},"author":2,"featured_media":0,"comment_status":"open","ping_status":"open","sticky":false,"template":"","format":"standard","meta":{"ngg_post_thumbnail":0,"jetpack_post_was_ever_published":false,"_jetpack_newsletter_access":"","footnotes":""},"categories":[1],"tags":[],"class_list":["post-11504","post","type-post","status-publish","format-standard","hentry","category-non-classe"],"jetpack_featured_media_url":"","jetpack-related-posts":[{"id":11415,"url":"http:\/\/www.letourismeaparis.fr\/index.php\/2012\/01\/19\/les-expositions-gratuites-de-lhotel-de-ville-sempe-doisneau\/","url_meta":{"origin":11504,"position":0},"title":"Les expositions gratuites de l\u2019H\u00f4tel de Ville : Semp\u00e9, Doisneau","author":"Fabienne TM","date":"19 janvier 2012","format":false,"excerpt":"Semp\u00e9, un peu de Paris et d\u2019ailleurs ; cette exposition se terminera le 11 f\u00e9vrier 2012. Jean-Jacques Semp\u00e9, c\u00e9l\u00e8bre dessinateur d\u2019humour\u00a0 vous invite \u00e0 voir le monde \u00e0 travers son regard d\u2019artiste discret et sensible. Plus de 300 dessins originaux, accompagn\u00e9s de textes de l\u2019auteur, Doisneau, Paris Les Halles Du\u2026","rel":"","context":"Dans &quot;Non class\u00e9&quot;","block_context":{"text":"Non class\u00e9","link":"http:\/\/www.letourismeaparis.fr\/index.php\/category\/non-classe\/"},"img":{"alt_text":"","src":"","width":0,"height":0},"classes":[]},{"id":18942,"url":"http:\/\/www.letourismeaparis.fr\/index.php\/2016\/11\/09\/doisneau-en-fete-au-musee-des-art-forains-du-lundi-26-decembre-2016-au-lundi-2-janvier-2017\/","url_meta":{"origin":11504,"position":1},"title":"Doisneau en f\u00eate  au  Mus\u00e9e des Art Forains du lundi 26 d\u00e9cembre 2016 au lundi 2 janvier 2017","author":"Fabienne TM","date":"9 novembre 2016","format":false,"excerpt":"\u00a0 A l\u2019occasion du 7\u00e8me\u00a0Festival du Merveilleux (26 d\u00e9cembre\/2 janvier), le Mus\u00e9e des Arts Forains d\u00e9voilera des images de Robert Doisneau consacr\u00e9es \u00e0 la f\u00eate foraine. Ces photos offrent l\u2019un des panoramas les plus complets de\u00a0100 ans d\u2019histoire des arts forains.\u00a0 Robert Doisneau\u00a0 Ateliers de Jean-Paul Favand\u00a0 Pendant le tournage\u2026","rel":"","context":"Dans &quot;Familles&quot;","block_context":{"text":"Familles","link":"http:\/\/www.letourismeaparis.fr\/index.php\/category\/familles\/"},"img":{"alt_text":"","src":"","width":0,"height":0},"classes":[]},{"id":5712,"url":"http:\/\/www.letourismeaparis.fr\/index.php\/2010\/01\/21\/exposition-robert-doisneau-le-monde-poetique-des-passages-parisiensjusquau-15-janvier-2010\/","url_meta":{"origin":11504,"position":2},"title":"Exposition Robert Doisneau : &quot;le monde po\u00e9tique des passages parisiens&quot;jusqu&#039;au 15 janvier 2010.","author":"Fabienne TM","date":"21 janvier 2010","format":false,"excerpt":"Une exposition d\u2019une trentaine de photos de Robert Doisneau est organis\u00e9e par la Monnaie de Paris. Elle montre \" le monde po\u00e9tique des passages parisiens \". De 1976 \u00e0 1980, Robert Doisneau a particuli\u00e8rement dispos\u00e9 dans les passages couverts de Paris son \"miroir aux alouettes, sa pi\u00e8gerie de braconnier \"(Jacques\u2026","rel":"","context":"Dans &quot;Non class\u00e9&quot;","block_context":{"text":"Non class\u00e9","link":"http:\/\/www.letourismeaparis.fr\/index.php\/category\/non-classe\/"},"img":{"alt_text":"","src":"","width":0,"height":0},"classes":[]},{"id":6540,"url":"http:\/\/www.letourismeaparis.fr\/index.php\/2010\/02\/10\/izis-paris-des-reves-a-lhotel-de-ville\/","url_meta":{"origin":11504,"position":3},"title":"\u00abIZIS, Paris des r\u00eaves\u00bb \u00e0 l&#039;H\u00f4tel de ville","author":"Fabienne TM","date":"10 f\u00e9vrier 2010","format":false,"excerpt":"Une grande r\u00e9trospective : l'exposition \"Izis, Paris des r\u00eaves\" s'attache surtout \u00e0 la p\u00e9riode parisienne de l'artiste. Le Paris populaire, sensuel, graphique de l'apr\u00e8s-guerre.photo d'Izis Le MoMA de New York avait expos\u00e9 en 1951 les \u0153uvres de cinq photographes fran\u00e7ais. On a parl\u00e9 d\u2019un mouvement \u00ab humaniste \u00bb. C\u2019\u00e9taient Brassa\u00ef,\u2026","rel":"","context":"Dans &quot;Non class\u00e9&quot;","block_context":{"text":"Non class\u00e9","link":"http:\/\/www.letourismeaparis.fr\/index.php\/category\/non-classe\/"},"img":{"alt_text":"","src":"https:\/\/i0.wp.com\/www.letourismeaparis.fr\/wp-content\/uploads\/2010\/02\/izis-228x300.gif?resize=350%2C200","width":350,"height":200},"classes":[]},{"id":16463,"url":"http:\/\/www.letourismeaparis.fr\/index.php\/2015\/03\/20\/ecotrail-de-paris-le-22-mars-des-randonnees-variees-comme-la-rando-75-la-touristique\/","url_meta":{"origin":11504,"position":4},"title":"Ecotrail de Paris le 22 mars  : des randonn\u00e9es vari\u00e9es comme la rando 75, la touristique&#8230;","author":"Fabienne TM","date":"20 mars 2015","format":false,"excerpt":"La Randonn\u00e9e 75 (Paris) partira de la Place de l\u2019H\u00f4tel de Ville, \u00e0 l\u2019endroit m\u00eame o\u00f9 fut prise la l\u00e9gendaire photo sign\u00e9 Robert Doisneau, \u00ab le Baiser de l\u2019H\u00f4tel de Ville \u00bb. Vous passerez \u00e9galement par la Fontaine Stravinski et le square le plus vieux de Paris\u00a0: le \u00ab square\u2026","rel":"","context":"Dans &quot;Non class\u00e9&quot;","block_context":{"text":"Non class\u00e9","link":"http:\/\/www.letourismeaparis.fr\/index.php\/category\/non-classe\/"},"img":{"alt_text":"","src":"","width":0,"height":0},"classes":[]},{"id":14579,"url":"http:\/\/www.letourismeaparis.fr\/index.php\/2014\/02\/11\/french-55-jusquau-15-juin-latelier-renault\/","url_meta":{"origin":11504,"position":5},"title":"SO FRENCH by 5\/5 jusqu&#039;au 15 juin \u00e0 l&#039;atelier Renault","author":"Fabienne TM","date":"11 f\u00e9vrier 2014","format":false,"excerpt":"Renault a toujours tiss\u00e9 des liens \u00e9troits avec les artistes (cf Robert Doisneau, Arman, Dubuffet, Soto, Takis, Tinguely, Vasarely...) et bien d'autres. Innovation, audace, ing\u00e9niosit\u00e9 et accssibilit\u00e9 du design pour tous sont autant de valeurs port\u00e9es par Renault. Ces valeurs sont aussi celles du studio 5\/5, une agence fran\u00e7aise de\u2026","rel":"","context":"Dans &quot;Non class\u00e9&quot;","block_context":{"text":"Non class\u00e9","link":"http:\/\/www.letourismeaparis.fr\/index.php\/category\/non-classe\/"},"img":{"alt_text":"","src":"","width":0,"height":0},"classes":[]}],"jetpack_sharing_enabled":true,"jetpack_likes_enabled":true,"_links":{"self":[{"href":"http:\/\/www.letourismeaparis.fr\/index.php\/wp-json\/wp\/v2\/posts\/11504","targetHints":{"allow":["GET"]}}],"collection":[{"href":"http:\/\/www.letourismeaparis.fr\/index.php\/wp-json\/wp\/v2\/posts"}],"about":[{"href":"http:\/\/www.letourismeaparis.fr\/index.php\/wp-json\/wp\/v2\/types\/post"}],"author":[{"embeddable":true,"href":"http:\/\/www.letourismeaparis.fr\/index.php\/wp-json\/wp\/v2\/users\/2"}],"replies":[{"embeddable":true,"href":"http:\/\/www.letourismeaparis.fr\/index.php\/wp-json\/wp\/v2\/comments?post=11504"}],"version-history":[{"count":0,"href":"http:\/\/www.letourismeaparis.fr\/index.php\/wp-json\/wp\/v2\/posts\/11504\/revisions"}],"wp:attachment":[{"href":"http:\/\/www.letourismeaparis.fr\/index.php\/wp-json\/wp\/v2\/media?parent=11504"}],"wp:term":[{"taxonomy":"category","embeddable":true,"href":"http:\/\/www.letourismeaparis.fr\/index.php\/wp-json\/wp\/v2\/categories?post=11504"},{"taxonomy":"post_tag","embeddable":true,"href":"http:\/\/www.letourismeaparis.fr\/index.php\/wp-json\/wp\/v2\/tags?post=11504"}],"curies":[{"name":"wp","href":"https:\/\/api.w.org\/{rel}","templated":true}]}}