{"id":11544,"date":"2012-03-10T17:29:56","date_gmt":"2012-03-10T15:29:56","guid":{"rendered":"http:\/\/www.letourismeaparis.fr\/?p=11544"},"modified":"2012-03-10T17:29:56","modified_gmt":"2012-03-10T15:29:56","slug":"exposition-fotografica-au-bal","status":"publish","type":"post","link":"http:\/\/www.letourismeaparis.fr\/index.php\/2012\/03\/10\/exposition-fotografica-au-bal\/","title":{"rendered":"Exposition &quot;Foto\/Grafica&quot; au Bal"},"content":{"rendered":"<p>Exposition jusqu\u2019au 8 avril.<br \/>\nLa nouvelle exposition du Bal, lieu convivial d\u00e9di\u00e9 \u00e0 la Photographie, met le livre de photographie \u00e0 l\u2019honneur. \u00ab\u00a0Foto\/Grafica\u00a0\u00bb pr\u00e9sente un panorama de ce qui se fait de mieux dans le genre en Am\u00e9rique du sud.<a href=\"http:\/\/www.letourismeaparis.fr\/wp-content\/uploads\/2012\/02\/efg.jpg\"><img loading=\"lazy\" decoding=\"async\" class=\"aligncenter size-full wp-image-11545\" title=\"efg\" src=\"http:\/\/www.letourismeaparis.fr\/wp-content\/uploads\/2012\/02\/efg.jpg\" alt=\"\" width=\"150\" height=\"142\" \/><\/a><br \/>\nUne quarantaine de livres retra\u00e7ant les ann\u00e9es 1921 \u00e0 2012 sont pr\u00e9sent\u00e9s\u00a0 Le contenu des publications est \u00e0 l\u2019image de ce continent : contrast\u00e9, violent et \u00e9l\u00e9gant. 3 ann\u00e9es de travail, une \u00e9pop\u00e9e conduite dans 19 pays, de Cuba au Chili. <!--more--><br \/>\nLe Bal, impasse de la D\u00e9fense.Paris 75018<br \/>\nM\u00e9tro Place de Clichy<br \/>\nle mercredi et le vendredi de 12h \u00e0 20h, le jeudi de 12h \u00e0 22h, le samedi de 11h \u00e0 20h et le dimanche de 11h \u00e0 19h.<\/p>\n","protected":false},"excerpt":{"rendered":"<p>Exposition jusqu\u2019au 8 avril. La nouvelle exposition du Bal, lieu convivial d\u00e9di\u00e9 \u00e0 la Photographie, met le livre de photographie \u00e0 l\u2019honneur. \u00ab\u00a0Foto\/Grafica\u00a0\u00bb pr\u00e9sente un panorama de ce qui se fait de mieux dans le genre en Am\u00e9rique du sud&#8230;.<\/p>\n","protected":false},"author":2,"featured_media":0,"comment_status":"open","ping_status":"open","sticky":false,"template":"","format":"standard","meta":{"ngg_post_thumbnail":0,"jetpack_post_was_ever_published":false,"_jetpack_newsletter_access":"","footnotes":""},"categories":[1],"tags":[],"class_list":["post-11544","post","type-post","status-publish","format-standard","hentry","category-non-classe"],"jetpack_featured_media_url":"","jetpack-related-posts":[{"id":4624,"url":"http:\/\/www.letourismeaparis.fr\/index.php\/2009\/10\/23\/salon-de-la-photographie\/","url_meta":{"origin":11544,"position":0},"title":"Salon de la photographie","author":"Fabienne TM","date":"23 octobre 2009","format":false,"excerpt":"Du 23 au 31 octobre, la Mairie du 11e vous invite \u00e0 cette exposition-vente qui permet chaque ann\u00e9e de valoriser les talents photographiques de l\u2019arrondissement et d\u2019ailleurs. Cette ann\u00e9e, un espace d\u00e9di\u00e9 mettra \u00e0 l\u2019honneur des photographies exceptionnelles prises lors de la grande crue de Paris de janvier 1910. Entr\u00e9e\u2026","rel":"","context":"Dans &quot;Non class\u00e9&quot;","block_context":{"text":"Non class\u00e9","link":"http:\/\/www.letourismeaparis.fr\/index.php\/category\/non-classe\/"},"img":{"alt_text":"","src":"","width":0,"height":0},"classes":[]},{"id":14224,"url":"http:\/\/www.letourismeaparis.fr\/index.php\/2013\/11\/15\/paris-photo-sinstalle-nouveau-sous-la-nef-du-grand-palais\/","url_meta":{"origin":11544,"position":1},"title":"Paris Photo s\u2019installe \u00e0 nouveau sous la Nef du Grand Palais","author":"Fabienne TM","date":"15 novembre 2013","format":false,"excerpt":"Paris Photo s\u2019installe \u00e0 nouveau sous la Nef du Grand Palais, pour c\u00e9l\u00e9brer sa 17e \u00e9dition, du 14 au 17 novembre 2013. Le grand rendez-vous annuel d\u00e9di\u00e9 \u00e0 la photographie ancienne, moderne et contemporaine. Salon d\u2019art d\u00e9di\u00e9 \u00e0 l\u2019image fixe, Paris Photo r\u00e9unit une centaine de galeries et \u00e9diteurs internationaux\u2026","rel":"","context":"Dans &quot;Photos&quot;","block_context":{"text":"Photos","link":"http:\/\/www.letourismeaparis.fr\/index.php\/category\/culture\/musees-expositions\/photos\/"},"img":{"alt_text":"","src":"","width":0,"height":0},"classes":[]},{"id":15569,"url":"http:\/\/www.letourismeaparis.fr\/index.php\/2014\/09\/05\/franz-kafka-dans-les-beaux-arts-tcheques\/","url_meta":{"origin":11544,"position":2},"title":"Franz Kafka dans les beaux-arts tch\u00e8ques","author":"Fabienne TM","date":"5 septembre 2014","format":false,"excerpt":"18 sept. 2014 19:00 - 17 oct. 2014 \u00a0 En 2008, pour le 125e\u00a0anniversaire de la naissance de Franz Kafka, \u00e9crivain devenu une des plus grandes personnalit\u00e9 de la litt\u00e9rature du 20e\u00a0si\u00e8cle, la galerie Mona Lisa d\u2019Olomouc et son directeur, le psychiatre et galeriste Libor Gronsk\u00fd, a con\u00e7u un projet\u2026","rel":"","context":"Dans &quot;Mus\u00e9es \/ Expositions&quot;","block_context":{"text":"Mus\u00e9es \/ Expositions","link":"http:\/\/www.letourismeaparis.fr\/index.php\/category\/culture\/musees-expositions\/"},"img":{"alt_text":"","src":"","width":0,"height":0},"classes":[]},{"id":14212,"url":"http:\/\/www.letourismeaparis.fr\/index.php\/2013\/11\/15\/fotofever-pour-la-premiere-fois-au-carrousel-du-louvre-du-15-au-17-novembre\/","url_meta":{"origin":11544,"position":3},"title":"Fotofever, pour la premi\u00e8re fois au Carrousel du Louvre du 15 au 17 novembre","author":"Fabienne TM","date":"15 novembre 2013","format":false,"excerpt":"Du 15 au 17 novembre 2013, c\u2019est la troisi\u00e8me \u00e9dition du salon Fotofever, pour la premi\u00e8re fois au Carrousel du Louvre (75001). Fotofever, c\u2019est le salon de la photographie contemporaine, soit une s\u00e9lection de 100 galeries et \u00e9diteurs,\u00a0 Le double objectif de ce salon est de faire d\u00e9couvrir de jeunes\u2026","rel":"","context":"Dans &quot;Non class\u00e9&quot;","block_context":{"text":"Non class\u00e9","link":"http:\/\/www.letourismeaparis.fr\/index.php\/category\/non-classe\/"},"img":{"alt_text":"","src":"","width":0,"height":0},"classes":[]},{"id":8809,"url":"http:\/\/www.letourismeaparis.fr\/index.php\/2010\/10\/14\/salon-de-la-photographie-du-11e-du-16-au-24-octobre\/","url_meta":{"origin":11544,"position":4},"title":"Salon de la photographie du 11e du 16 au 24 octobre","author":"Fabienne TM","date":"14 octobre 2010","format":false,"excerpt":"Ce Salon r\u00e9unira pr\u00e8s de 70 photographes, amateurs et professionnels, et mettra \u00e0 l\u2019honneur Nadar, dont une collection de photos originales sera expos\u00e9e. Cette exposition-vente proposee notamment \u00e0 l\u2019association des Photographes Parisiens, \u00e0 la F\u00e9d\u00e9ration Photographique de France, ainsi qu\u2019\u00e0 une vingtaine de photographes nd\u00e9pendants de pr\u00e9senter leurs \u0153uvres. Le\u2026","rel":"","context":"Dans &quot;Non class\u00e9&quot;","block_context":{"text":"Non class\u00e9","link":"http:\/\/www.letourismeaparis.fr\/index.php\/category\/non-classe\/"},"img":{"alt_text":"","src":"","width":0,"height":0},"classes":[]},{"id":5352,"url":"http:\/\/www.letourismeaparis.fr\/index.php\/2009\/11\/29\/regards-de-photographes-japonais-sur-le-monde\/","url_meta":{"origin":11544,"position":5},"title":"Regards de photographes japonais sur le monde","author":"Fabienne TM","date":"29 novembre 2009","format":false,"excerpt":"Cette exposition pr\u00e9sente les regards sur le voyage de cinq photographes et d\u2019un vid\u00e9aste japonais. Le voyage est un sujet de pr\u00e9dilection de la photographie et du cin\u00e9ma.Six artistes japonais, six conceptions du voyage :K\u00f4ji Onaka,Toshiya, Naoki Ishikawa,Takeshi Dodo,Sayuri Nait\u00f4 Hiraki Sawa, jusqu' au 23 janvier 2010 Maison de la\u2026","rel":"","context":"Dans &quot;Non class\u00e9&quot;","block_context":{"text":"Non class\u00e9","link":"http:\/\/www.letourismeaparis.fr\/index.php\/category\/non-classe\/"},"img":{"alt_text":"","src":"","width":0,"height":0},"classes":[]}],"jetpack_sharing_enabled":true,"jetpack_likes_enabled":true,"_links":{"self":[{"href":"http:\/\/www.letourismeaparis.fr\/index.php\/wp-json\/wp\/v2\/posts\/11544","targetHints":{"allow":["GET"]}}],"collection":[{"href":"http:\/\/www.letourismeaparis.fr\/index.php\/wp-json\/wp\/v2\/posts"}],"about":[{"href":"http:\/\/www.letourismeaparis.fr\/index.php\/wp-json\/wp\/v2\/types\/post"}],"author":[{"embeddable":true,"href":"http:\/\/www.letourismeaparis.fr\/index.php\/wp-json\/wp\/v2\/users\/2"}],"replies":[{"embeddable":true,"href":"http:\/\/www.letourismeaparis.fr\/index.php\/wp-json\/wp\/v2\/comments?post=11544"}],"version-history":[{"count":0,"href":"http:\/\/www.letourismeaparis.fr\/index.php\/wp-json\/wp\/v2\/posts\/11544\/revisions"}],"wp:attachment":[{"href":"http:\/\/www.letourismeaparis.fr\/index.php\/wp-json\/wp\/v2\/media?parent=11544"}],"wp:term":[{"taxonomy":"category","embeddable":true,"href":"http:\/\/www.letourismeaparis.fr\/index.php\/wp-json\/wp\/v2\/categories?post=11544"},{"taxonomy":"post_tag","embeddable":true,"href":"http:\/\/www.letourismeaparis.fr\/index.php\/wp-json\/wp\/v2\/tags?post=11544"}],"curies":[{"name":"wp","href":"https:\/\/api.w.org\/{rel}","templated":true}]}}