{"id":11555,"date":"2012-03-21T20:00:27","date_gmt":"2012-03-21T19:00:27","guid":{"rendered":"http:\/\/www.letourismeaparis.fr\/?p=11555"},"modified":"2012-03-21T20:00:27","modified_gmt":"2012-03-21T19:00:27","slug":"les-juifs-dans-lorientalisme-au-musee-dart-et-dhistoire-du-judaisme-des-conferences-et-des-concerts","status":"publish","type":"post","link":"http:\/\/www.letourismeaparis.fr\/index.php\/2012\/03\/21\/les-juifs-dans-lorientalisme-au-musee-dart-et-dhistoire-du-judaisme-des-conferences-et-des-concerts\/","title":{"rendered":"les Juifs dans l\u2019Orientalisme, au Mus\u00e9e d\u2019art et d\u2019histoire du juda\u00efsme, des conf\u00e9rences et des concerts&#8230;."},"content":{"rendered":"<p>Le sujet est \u00e0 la fois la repr\u00e9sentation et l\u2019imaginaire, de 1832 \u00e0 1929, du juif comme \u00ab Oriental \u00bb dans l\u2019art, et un parcours dans la peinture orientaliste.<br \/>\nLa route vers l\u2019Orient, que les artistes empruntent au d\u00e9but du XIXe si\u00e8cle, leur donne l\u2019occasion de d\u00e9couvrir les communaut\u00e9s juives des rives de la M\u00e9diterran\u00e9e. Cette rencontre inattendue offrira ainsi un visage pittoresque \u00e0 cet Orient, \u00e0 l\u2019\u00e9poque souvent r\u00eav\u00e9 avant d\u2019\u00eatre visit\u00e9.<a href=\"http:\/\/www.letourismeaparis.fr\/wp-content\/uploads\/2012\/03\/Juifs-dans-l-orientalisme.jpg\"><img loading=\"lazy\" decoding=\"async\" class=\"aligncenter size-thumbnail wp-image-11557\" title=\"Juifs-dans-l-orientalisme\" src=\"http:\/\/www.letourismeaparis.fr\/wp-content\/uploads\/2012\/03\/Juifs-dans-l-orientalisme-150x150.jpg\" alt=\"\" width=\"150\" height=\"150\" \/><\/a><!--more--><br \/>\nCes juifs, ignor\u00e9s en France et en Europe, forment un groupe identifiable, car s\u00e9gr\u00e9gu\u00e9, au sein des populations d\u2019Afrique du Nord. Sans doute sont-ils plus accessibles aux voyageurs, en raison des liens familiaux, ou des r\u00e9seaux, qu\u2019ils peuvent entretenir avec l\u2019Occident. Peut-\u00eatre sont-ils moins r\u00e9tifs au portrait. Ils sont de cette mani\u00e8re des intercesseurs privil\u00e9gi\u00e9s du monde arabe.<br \/>\nl\u2019Occident poursuit au Proche-Orient une qu\u00eate de ses origines. Les vues de J\u00e9rusalem, de peintres tels que David Roberts ou Thomas Seddon, rendent compte de ces recherches.<br \/>\nLes empreintes des mondes juif, arabe et chr\u00e9tien se fondent alors dans une peinture biblique renouvel\u00e9e. Un B\u00e9douin devant sa tente incarne une belle figure d\u2019Abraham, chez Horace Vernet, tandis qu\u2019une synagogue de J\u00e9rusalem abrite un J\u00e9sus pr\u00eachant chez Tissot ou Hunt.<br \/>\nL\u2019 \u00ab orientalisation \u00bb de la Bible est particuli\u00e8rement sensible dans l\u2019illustration d\u2019\u00e9pisodes ayant pour cadre l\u2019\u00c9gypte (Joseph) ou la Perse (Esther), et elle tire parti des connaissances acquises sur l\u2019Antiquit\u00e9.<br \/>\nL\u2019exposition pr\u00e9sente des \u0153uvres d\u2019Eug\u00e8ne Delacroix, Th\u00e9odore Chass\u00e9riau, Alfred Dehodencq, Jean Lecomte du Nou\u00ff, Wilhelm Gentz, Charles Cordier, Lucien L\u00e9vy-Dhurmer, David Roberts, Thomas Seddon, Jean-L\u00e9on G\u00e9r\u00f4me, Gustav Bauernfeind, Alexandre Bida, Gustave Moreau, Alexandre Cabanel, Horace Vernet, Lawrence Alma-Tadema, William Holman Hunt, James Tissot, Maurycy Gottlieb, Lesser Ury, Zeev Raban, E.M. Lilien, Abel Pann, Reuven Rubin, Nahum Gutman\u2026<br \/>\nConf\u00e9rences :<br \/>\nmercredi 4 avril 2012 : Beaut\u00e9s h\u00e9bra\u00efques, par Christine Peltre, ;<br \/>\nmercredi 13 juin 2012 : La Place des h\u00e9ro\u00efnes bibliques dans la peinture du XIXe si\u00e8cle,<br \/>\nles 22-23 mai 2012, au MAHJ et \u00e0 l\u2019ENS, De la Torah aux Hadith : les juifs et l\u2019Orientalisme.<br \/>\nConcerts \u00ab Inspirations orientales \u00bb :<br \/>\ndimanche 25 mars 2012 : Concert piano, par Sonia Rubinsky ;<br \/>\nmercredi 6 juin 2012 : Concert piano et voix, par Jeff Cohen et David Selig.<br \/>\nCycle de lectures \u00ab Voyages vers l\u2019Orient \u00bb :<br \/>\nmercredi 14 mars 2012 : Les Romantiques en Orient,<br \/>\nmercredi 11 avril 2012 : Souvenirs d\u2019un voyage dans le Maroc, d\u2019Eug\u00e8ne Delacroix,<br \/>\nmercredi 9 mai 2012 : L\u2019\u00c9lan vers la Terre promise, choix de textes de Joseph Kessel,<br \/>\nlundi 18 juin 2012 ( \u00e0 confirmer) : L\u2019Enfant qui voulait dormir, d\u2019Aharon Appelfeld,<br \/>\nMus\u00e9e d\u2019art et d\u2019histoire du Juda\u00efsme H\u00f4tel de Saint-Aignan, 71 rue du Temple, 75003 Paris<\/p>\n","protected":false},"excerpt":{"rendered":"<p>Le sujet est \u00e0 la fois la repr\u00e9sentation et l\u2019imaginaire, de 1832 \u00e0 1929, du juif comme \u00ab Oriental \u00bb dans l\u2019art, et un parcours dans la peinture orientaliste. La route vers l\u2019Orient, que les artistes empruntent au d\u00e9but du&#8230;<\/p>\n","protected":false},"author":2,"featured_media":0,"comment_status":"open","ping_status":"open","sticky":false,"template":"","format":"standard","meta":{"ngg_post_thumbnail":0,"jetpack_post_was_ever_published":false,"_jetpack_newsletter_access":"","footnotes":""},"categories":[1],"tags":[],"class_list":["post-11555","post","type-post","status-publish","format-standard","hentry","category-non-classe"],"jetpack_featured_media_url":"","jetpack-related-posts":[{"id":7444,"url":"http:\/\/www.letourismeaparis.fr\/index.php\/2010\/05\/03\/les-orientales-a-la-maison-de-victor-hugo\/","url_meta":{"origin":11555,"position":0},"title":"Les Orientales \u00e0 la Maison de Victor Hugo","author":"Fabienne TM","date":"3 mai 2010","format":false,"excerpt":"En 1829, Victor Hugo publie Les Orientales. l\u2019Orient,occupe toutes les pens\u00e9es et les r\u00eaveries de ses contemporains. une centaine d\u2019\u0153uvres exceptionnelles - peintures, sculptures ou dessins -, sont r\u00e9unies du 26 mars au 4 juillet 2010. Maison Victor Hugo 6, place des Vosges-75004 Paris http:\/\/www.musee-hugo.paris.fr tous les jours sauf lundis\u2026","rel":"","context":"Dans &quot;Non class\u00e9&quot;","block_context":{"text":"Non class\u00e9","link":"http:\/\/www.letourismeaparis.fr\/index.php\/category\/non-classe\/"},"img":{"alt_text":"","src":"","width":0,"height":0},"classes":[]},{"id":25443,"url":"http:\/\/www.letourismeaparis.fr\/index.php\/2024\/01\/29\/legypte-des-pharaons-et-les-orientalistes-a-latelier-des-lumieres-superbe\/","url_meta":{"origin":11555,"position":1},"title":"L&rsquo;Egypte des Pharaons et  les orientalistes \u00e0 l&rsquo;atelier des lumi\u00e8res : superbe !","author":"Fabienne TM","date":"29 janvier 2024","format":false,"excerpt":"\u00c0 partir du 9 f\u00e9vrier, l'Atelier des Lumi\u00e8res pr\u00e9sente \u00ab L'\u00c9gypte des pharaons. De Kh\u00e9ops \u00e0 Rams\u00e8s II \u00bb en programme long et \u00ab Les Orientalistes. Ingres, Delacroix, G\u00e9r\u00f4me... \u00bb en programme court. https:\/\/presse.culturespaces.com\/egypte-des-pharaons\/?lang=fra \u00ab L'\u00c9gypte des pharaons. De Kh\u00e9ops \u00e0 Ramses II \u00bb propose aux visiteurs de remonter le\u2026","rel":"","context":"Dans &quot;immersif&quot;","block_context":{"text":"immersif","link":"http:\/\/www.letourismeaparis.fr\/index.php\/category\/immersif\/"},"img":{"alt_text":"","src":"https:\/\/i0.wp.com\/www.letourismeaparis.fr\/wp-content\/uploads\/2024\/01\/Capture-decran-2024-01-29-a-15.28.17.png?resize=350%2C200","width":350,"height":200},"classes":[]},{"id":25687,"url":"http:\/\/www.letourismeaparis.fr\/index.php\/2024\/06\/24\/gala-belle-epoque-au-theatre-des-champs-elysees\/","url_meta":{"origin":11555,"position":2},"title":"GALA BELLE \u00c9POQUE au Th\u00e9\u00e2tre des Champs-\u00c9lys\u00e9es","author":"Fabienne TM","date":"24 juin 2024","format":false,"excerpt":"MERCREDI 26 JUIN 2024 20H Si l\u2019Exposition universelle de 1900 attire les regards du monde entier, le c\u0153ur de la cr\u00e9ation musicale bat \u00e0 Paris depuis d\u00e9j\u00e0 plusieurs d\u00e9cennies. Le programme de ce concert \u00e9claire les sources d\u2019inspiration de cette p\u00e9riode fastueuse. DEBUSSY Suite bergamasque : \u00ab Clair de lune\u2026","rel":"","context":"Dans &quot;Concert&quot;","block_context":{"text":"Concert","link":"http:\/\/www.letourismeaparis.fr\/index.php\/category\/culture\/concerts-musique\/concert\/"},"img":{"alt_text":"","src":"https:\/\/i0.wp.com\/www.letourismeaparis.fr\/wp-content\/uploads\/2024\/06\/Capture-decran-2024-06-24-a-18.41.49.png?resize=350%2C200","width":350,"height":200},"classes":[]},{"id":22188,"url":"http:\/\/www.letourismeaparis.fr\/index.php\/2019\/03\/06\/lorient-des-peintres-du-reve-a-la-lumiere\/","url_meta":{"origin":11555,"position":3},"title":"L&#039;ORIENT DES PEINTRES &#8211; DU R\u00caVE \u00c0 LA LUMI\u00c8RE","author":"Fabienne TM","date":"6 mars 2019","format":false,"excerpt":"MUS\u00c9E MARMOTTAN MONET - PARIS Le mus\u00e9e Marmottan Monet pr\u00e9sente, du 7 mars au 21 juillet 2019, l'exposition \u00abL'Orient des peintres, du r\u00eave \u00e0 la lumi\u00e8re\u00bb. L'ORIENT DES PEINTRES - DU R\u00caVE \u00c0 LA LUMI\u00c8RE C'est dans l'h\u00f4tel particulier qui abrite les collections de Paul Marmottan, d\u00e9di\u00e9es \u00e0 Napol\u00e9on et\u2026","rel":"","context":"Dans &quot;Non class\u00e9&quot;","block_context":{"text":"Non class\u00e9","link":"http:\/\/www.letourismeaparis.fr\/index.php\/category\/non-classe\/"},"img":{"alt_text":"","src":"https:\/\/i0.wp.com\/www.letourismeaparis.fr\/wp-content\/uploads\/2019\/03\/Capture-d%C3%A2%C2%80%C2%99e%C3%8C%C2%81cran-2019-03-06-a%C3%8C%C2%80-18.14.09.png?resize=350%2C200","width":350,"height":200},"classes":[]},{"id":5320,"url":"http:\/\/www.letourismeaparis.fr\/index.php\/2009\/11\/19\/la-splendeur-des-camondo-de-constantinople-a-paris-1806-1945-musee-dart-et-dhistoire-du-judaisme\/","url_meta":{"origin":11555,"position":4},"title":"La splendeur des Camondo, de Constantinople \u00e0 Paris (1806-1945) Mus\u00e9e d\u2019art et d\u2019histoire du Juda\u00efsme","author":"Fabienne TM","date":"19 novembre 2009","format":false,"excerpt":"Cette exposition retrace, de Constantinople \u00e0 Paris, le destin d\u2019une famille\u00a0 autrefois prestigieuse, celle des Camondo. Juifs ottomans \u00e9migr\u00e9s en France au XIXe si\u00e8cle, les Camondo furent de grands m\u00e9c\u00e8nes et collectionneurs d\u2019art, participant \u00e0 l\u2019enrichissement du patrimoine fran\u00e7ais par leurs nombreux dons. http:\/\/www.mahj.org jusqu'au 7 mars 2010 Mus\u00e9e d\u2019art\u2026","rel":"","context":"Dans &quot;Non class\u00e9&quot;","block_context":{"text":"Non class\u00e9","link":"http:\/\/www.letourismeaparis.fr\/index.php\/category\/non-classe\/"},"img":{"alt_text":"","src":"","width":0,"height":0},"classes":[]},{"id":18144,"url":"http:\/\/www.letourismeaparis.fr\/index.php\/2016\/04\/21\/les-splendides-jardins-dorient-a-lima\/","url_meta":{"origin":11555,"position":5},"title":"Les splendides jardins d&#039;Orient \u00e0 L&#039;IMA","author":"Fabienne TM","date":"21 avril 2016","format":false,"excerpt":"Saviez-vous que la tulipe, bien avant de devenir un embl\u00e8me des Pays-Bas, \u00e9tait celui des sultans ottomans\u00a0? Que le parc public est une innovation r\u00e9cente en Orient\u00a0? Et qu\u2019il est aujourd\u2019hui \u00e0 la pointe des projets de d\u00e9veloppement durable de m\u00e9galopoles du monde arabe\u00a0?\u00a0Saviez-vous que dans une des anciennes langues\u2026","rel":"","context":"Dans &quot;Jardins \/ Plein air&quot;","block_context":{"text":"Jardins \/ Plein air","link":"http:\/\/www.letourismeaparis.fr\/index.php\/category\/jardins\/"},"img":{"alt_text":"","src":"","width":0,"height":0},"classes":[]}],"jetpack_sharing_enabled":true,"jetpack_likes_enabled":true,"_links":{"self":[{"href":"http:\/\/www.letourismeaparis.fr\/index.php\/wp-json\/wp\/v2\/posts\/11555","targetHints":{"allow":["GET"]}}],"collection":[{"href":"http:\/\/www.letourismeaparis.fr\/index.php\/wp-json\/wp\/v2\/posts"}],"about":[{"href":"http:\/\/www.letourismeaparis.fr\/index.php\/wp-json\/wp\/v2\/types\/post"}],"author":[{"embeddable":true,"href":"http:\/\/www.letourismeaparis.fr\/index.php\/wp-json\/wp\/v2\/users\/2"}],"replies":[{"embeddable":true,"href":"http:\/\/www.letourismeaparis.fr\/index.php\/wp-json\/wp\/v2\/comments?post=11555"}],"version-history":[{"count":0,"href":"http:\/\/www.letourismeaparis.fr\/index.php\/wp-json\/wp\/v2\/posts\/11555\/revisions"}],"wp:attachment":[{"href":"http:\/\/www.letourismeaparis.fr\/index.php\/wp-json\/wp\/v2\/media?parent=11555"}],"wp:term":[{"taxonomy":"category","embeddable":true,"href":"http:\/\/www.letourismeaparis.fr\/index.php\/wp-json\/wp\/v2\/categories?post=11555"},{"taxonomy":"post_tag","embeddable":true,"href":"http:\/\/www.letourismeaparis.fr\/index.php\/wp-json\/wp\/v2\/tags?post=11555"}],"curies":[{"name":"wp","href":"https:\/\/api.w.org\/{rel}","templated":true}]}}