{"id":11570,"date":"2012-03-14T12:05:05","date_gmt":"2012-03-14T10:05:05","guid":{"rendered":"http:\/\/www.letourismeaparis.fr\/?p=11570"},"modified":"2012-03-14T12:05:05","modified_gmt":"2012-03-14T10:05:05","slug":"le-dimanche-de-la-mode-defile-le-18-mars","status":"publish","type":"post","link":"http:\/\/www.letourismeaparis.fr\/index.php\/2012\/03\/14\/le-dimanche-de-la-mode-defile-le-18-mars\/","title":{"rendered":"Le Dimanche de la Mode \u2013 D\u00e9fil\u00e9 le 18 mars, entr\u00e9e libre"},"content":{"rendered":"<p><a name=\"page\"><\/a><\/p>\n<div id=\"content\">\n<div>\n<h3>Le Dimanche de la Mode \u2013 D\u00e9fil\u00e9<\/h3>\n<p>Dimanche 18 mars, la Mairie du 11e, en  partenariat avec l&rsquo;Association des Artistes et Artisans d&rsquo;Art du 11e et  le collectif Up Her Mannequinat. vous invite \u00e0 d\u00e9couvrir les cr\u00e9ations  de jeunes cr\u00e9ateurs, stylistes ou accessoiristes \u00e0 l&rsquo;occasion d&rsquo;un  d\u00e9fil\u00e9.<a href=\"http:\/\/www.letourismeaparis.fr\/wp-content\/uploads\/2012\/03\/dimanche.jpg\"><img loading=\"lazy\" decoding=\"async\" class=\"aligncenter size-thumbnail wp-image-11571\" title=\"dimanche\" src=\"http:\/\/www.letourismeaparis.fr\/wp-content\/uploads\/2012\/03\/dimanche-150x150.jpg\" alt=\"\" width=\"150\" height=\"150\" \/><\/a><br \/>\n<strong>Avec les stylistes et les accesoiristes : <\/strong><!--more--><br \/>\nFe To Diez<br \/>\nLucie B.<br \/>\nMarl\u00e8ne Potiron<br \/>\nIliana Bamisso<br \/>\nFauvette Nacto<br \/>\nV\u00e9ronique Valentino<br \/>\nKarom\u00e9e<br \/>\nM\u00e9lanie Dewilde<br \/>\nS\u00e9bastien Payen<br \/>\nIsabelle Carr\u00e9<br \/>\nAbou Dia<br \/>\nOuarda Helli<br \/>\n<strong>Avec les accessoiristes <\/strong><br \/>\nNicole Lechevalier<br \/>\nSylvie de Bouvry<br \/>\nEttenij<br \/>\nRita Rebstock<br \/>\nSuzanne Venon<br \/>\n<em><strong>Entr\u00e9e libre \u00e0 16h<br \/>\nSalle Olympe de Gouges<br \/>\n15, rue Merlin &#8211; 75011 Paris<\/strong><\/em>\n<\/div>\n<\/div>\n","protected":false},"excerpt":{"rendered":"<p>Le Dimanche de la Mode \u2013 D\u00e9fil\u00e9 Dimanche 18 mars, la Mairie du 11e, en partenariat avec l&rsquo;Association des Artistes et Artisans d&rsquo;Art du 11e et le collectif Up Her Mannequinat. vous invite \u00e0 d\u00e9couvrir les cr\u00e9ations de jeunes cr\u00e9ateurs,&#8230;<\/p>\n","protected":false},"author":2,"featured_media":0,"comment_status":"open","ping_status":"open","sticky":false,"template":"","format":"standard","meta":{"ngg_post_thumbnail":0,"jetpack_post_was_ever_published":false,"_jetpack_newsletter_access":"","footnotes":""},"categories":[1],"tags":[],"class_list":["post-11570","post","type-post","status-publish","format-standard","hentry","category-non-classe"],"jetpack_featured_media_url":"","jetpack-related-posts":[{"id":12963,"url":"http:\/\/www.letourismeaparis.fr\/index.php\/2013\/03\/06\/le-dimanche-de-la-mode-du-11e-defile-des-createurs-dimanche-24-mars\/","url_meta":{"origin":11570,"position":0},"title":"Le dimanche de la mode du 11e :  d\u00e9fil\u00e9 des cr\u00e9ateurs dimanche 24 mars","author":"Fabienne TM","date":"6 mars 2013","format":false,"excerpt":"Assistez au d\u00e9fil\u00e9 des cr\u00e9ateurs le dimanche 24 mars \u00e0 la salle Olympe de Gouges \u00e0 l\u2019occasion du dimanche de la mode du 11e. Ce d\u00e9fil\u00e9 a pour ambition de soutenir de jeunes cr\u00e9ateurs, stylistes ou accessoiristes. Il est r\u00e9alis\u00e9 en partenariat avec l\u2019Association des Artistes et Artisans d\u2019Art du\u2026","rel":"","context":"Dans &quot;Non class\u00e9&quot;","block_context":{"text":"Non class\u00e9","link":"http:\/\/www.letourismeaparis.fr\/index.php\/category\/non-classe\/"},"img":{"alt_text":"","src":"","width":0,"height":0},"classes":[]},{"id":9959,"url":"http:\/\/www.letourismeaparis.fr\/index.php\/2011\/04\/08\/le-dimanche-de-la-mode-du-11eme-defile-des-createurs-dimanche-17-avril\/","url_meta":{"origin":11570,"position":1},"title":"LE DIMANCHE DE LA MODE DU 11\u00e8me &#8211; D\u00c9FIL\u00c9 DES CR\u00c9ATEURS  dimanche 17 avril","author":"Fabienne TM","date":"8 avril 2011","format":false,"excerpt":"Dimanche 17 avril \u00e0 16h Salle Olympe de Gouges - Paris 11\u00e8me La Mairie du 11e et l'association les 4A \u00e0 l'initiative du 1e Dimanche de la Mode, convient professionnels et amateurs du stylisme \u00e0 venir d\u00e9couvrir, pendant pr\u00e8s de deux heures de d\u00e9fil\u00e9, les pi\u00e8ces uniques et raffin\u00e9es de\u2026","rel":"","context":"Dans &quot;Non class\u00e9&quot;","block_context":{"text":"Non class\u00e9","link":"http:\/\/www.letourismeaparis.fr\/index.php\/category\/non-classe\/"},"img":{"alt_text":"","src":"","width":0,"height":0},"classes":[]},{"id":6499,"url":"http:\/\/www.letourismeaparis.fr\/index.php\/2010\/02\/10\/du-samedi-6-au-dimanche-14-fevrier-2010salon-des-artisans-dans-le-11-eme\/","url_meta":{"origin":11570,"position":2},"title":"Salon &quot;artisanat et m\u00e9tiers d&#039;art&quot; jusqu&#039;au 14 f\u00e9vrier","author":"Fabienne TM","date":"10 f\u00e9vrier 2010","format":false,"excerpt":"Pr\u00e8s d\u2019une centaine de cr\u00e9ateurs dans toutes les disciplines pr\u00e9sentent leurs techniques et leurs savoir-faire dans un quartier, symbole de l\u2019artisanat d\u2019art \u00e0 Paris. Pour cette \u00e9dition, la Mairie du 11e et l\u2019Association des Artistes et Artisans d\u2019Art du 11e ont convi\u00e9 la c\u00e9l\u00e8bre Ganterie Agnelle \u00e0 \u00eatre l\u2019invit\u00e9 d\u2019honneur.\u2026","rel":"","context":"Dans &quot;Non class\u00e9&quot;","block_context":{"text":"Non class\u00e9","link":"http:\/\/www.letourismeaparis.fr\/index.php\/category\/non-classe\/"},"img":{"alt_text":"","src":"https:\/\/i0.wp.com\/www.letourismeaparis.fr\/wp-content\/uploads\/2010\/02\/salon-dartisanat-et-des-m%C3%83%C2%A9tiers-dart-220.jpg?resize=350%2C200","width":350,"height":200},"classes":[]},{"id":11493,"url":"http:\/\/www.letourismeaparis.fr\/index.php\/2012\/02\/06\/salon-dartisanat-et-des-metiers-dart-2012-jusquau-12-fevrier\/","url_meta":{"origin":11570,"position":3},"title":"Salon d\u2019artisanat et des m\u00e9tiers d\u2019art 2012 ,jusqu&#039;au 12 f\u00e9vrier","author":"Fabienne TM","date":"6 f\u00e9vrier 2012","format":false,"excerpt":"La Mairie du 11e et l'association les 4A vous invitent \u00e0 une exposition-vente pour d\u00e9couvrir les m\u00e9tiers d'art \u00e0 travers des cr\u00e9ations uniques et originales. Pour cette \u00e9dition, 8 cr\u00e9ateurs sp\u00e9cialis\u00e9s dans le travail du m\u00e9tal seront \u00e0 l'honneur. le Salon des l'Artisanat et des M\u00e9tiers d'art pr\u00e9sente les travaux\u2026","rel":"","context":"Dans &quot;Non class\u00e9&quot;","block_context":{"text":"Non class\u00e9","link":"http:\/\/www.letourismeaparis.fr\/index.php\/category\/non-classe\/"},"img":{"alt_text":"","src":"","width":0,"height":0},"classes":[]},{"id":6146,"url":"http:\/\/www.letourismeaparis.fr\/index.php\/2010\/02\/12\/nouvel-an-chinois-2010-et-fete-du-tet-14-fevrier\/","url_meta":{"origin":11570,"position":4},"title":"Nouvel an chinois 2010 et F\u00eate du T\u00eat : 14 f\u00e9vrier ! 3\u00e8me  ,13 \u00e8me, 15 f\u00e9vrier dans le 11\u00e8me","author":"Fabienne TM","date":"12 f\u00e9vrier 2010","format":false,"excerpt":"Paris propose des festivit\u00e9s lors du Nouvel an chinois ou f\u00eate du Printemps 2010, qui correspond \u00e9galement au Nouvel An Vietnamien (f\u00eate du t\u00eat). Le Nouvel an Chinois tombe cette ann\u00e9e le 14 f\u00e9vrier, jour de la Saint-Valentin et le Buffle laissera place au signe\u00a0\u00a0\u00a0 zodiacal du Tigre de M\u00e9tal.\u2026","rel":"","context":"Dans &quot;Non class\u00e9&quot;","block_context":{"text":"Non class\u00e9","link":"http:\/\/www.letourismeaparis.fr\/index.php\/category\/non-classe\/"},"img":{"alt_text":"","src":"","width":0,"height":0},"classes":[]},{"id":11274,"url":"http:\/\/www.letourismeaparis.fr\/index.php\/2011\/11\/25\/journees-internationales-de-la-marqueterie-du-19-au-27-novembre\/","url_meta":{"origin":11570,"position":5},"title":"Journ\u00e9es Internationales de la Marqueterie  jusqu&#039; au 27 novembre","author":"Fabienne TM","date":"25 novembre 2011","format":false,"excerpt":"La Mairie du 11e et l\u2019association Atrema organisent la 14e \u00e9dition des Journ\u00e9es Internationales de la Marqueterie. L\u2019occasion de d\u00e9couvrir l\u2019art de la marqueterie gr\u00e2ce aux 50 exposants venus du monde entier. Artisans, amateurs, professionnels et \u00e9tudiants des six grandes \u00e9coles nationales fran\u00e7aises pr\u00e9senteront la diversit\u00e9 de leurs cr\u00e9ations. entr\u00e9e\u2026","rel":"","context":"Dans &quot;Non class\u00e9&quot;","block_context":{"text":"Non class\u00e9","link":"http:\/\/www.letourismeaparis.fr\/index.php\/category\/non-classe\/"},"img":{"alt_text":"","src":"https:\/\/i0.wp.com\/www.letourismeaparis.fr\/wp-content\/uploads\/2011\/11\/MM.jpg?resize=350%2C200","width":350,"height":200},"classes":[]}],"jetpack_sharing_enabled":true,"jetpack_likes_enabled":true,"_links":{"self":[{"href":"http:\/\/www.letourismeaparis.fr\/index.php\/wp-json\/wp\/v2\/posts\/11570","targetHints":{"allow":["GET"]}}],"collection":[{"href":"http:\/\/www.letourismeaparis.fr\/index.php\/wp-json\/wp\/v2\/posts"}],"about":[{"href":"http:\/\/www.letourismeaparis.fr\/index.php\/wp-json\/wp\/v2\/types\/post"}],"author":[{"embeddable":true,"href":"http:\/\/www.letourismeaparis.fr\/index.php\/wp-json\/wp\/v2\/users\/2"}],"replies":[{"embeddable":true,"href":"http:\/\/www.letourismeaparis.fr\/index.php\/wp-json\/wp\/v2\/comments?post=11570"}],"version-history":[{"count":0,"href":"http:\/\/www.letourismeaparis.fr\/index.php\/wp-json\/wp\/v2\/posts\/11570\/revisions"}],"wp:attachment":[{"href":"http:\/\/www.letourismeaparis.fr\/index.php\/wp-json\/wp\/v2\/media?parent=11570"}],"wp:term":[{"taxonomy":"category","embeddable":true,"href":"http:\/\/www.letourismeaparis.fr\/index.php\/wp-json\/wp\/v2\/categories?post=11570"},{"taxonomy":"post_tag","embeddable":true,"href":"http:\/\/www.letourismeaparis.fr\/index.php\/wp-json\/wp\/v2\/tags?post=11570"}],"curies":[{"name":"wp","href":"https:\/\/api.w.org\/{rel}","templated":true}]}}