{"id":11575,"date":"2012-03-17T17:18:59","date_gmt":"2012-03-17T15:18:59","guid":{"rendered":"http:\/\/www.letourismeaparis.fr\/?p=11575"},"modified":"2012-03-17T17:18:59","modified_gmt":"2012-03-17T15:18:59","slug":"la-compagnie-manque-pas-dairs-presente-le-monde-de-la-lune-un-opera-de-haydn-un-livret-de-goldoni-au-theatre-mouffetardv","status":"publish","type":"post","link":"http:\/\/www.letourismeaparis.fr\/index.php\/2012\/03\/17\/la-compagnie-manque-pas-dairs-presente-le-monde-de-la-lune-un-opera-de-haydn-un-livret-de-goldoni-au-theatre-mouffetardv\/","title":{"rendered":"La compagnie Manque Pas d\u2019Airs pr\u00e9sente &quot;le monde de la lune&quot; un op\u00e9ra de Haydn,  un livret de Goldoni au Th\u00e9atre Mouffetard"},"content":{"rendered":"<p>La compagnie Manque Pas d\u2019Airs est n\u00e9e en 2007 d\u2019une envie commune de jeunes professionnels soucieux de rendre l\u2019Op\u00e9ra accessible en impliquant le spectateur par le biais d\u2019une proximit\u00e9 rare \u00e0 l\u2019op\u00e9ra.<br \/>\nLe monde de la lune\u00a0 1777<br \/>\nAfin d\u2019\u00e9pouser la fille du riche Buonafede, passionn\u00e9 d\u2019astronomie, Eccletico se fait passer pour un astrologue qui pourrait lui obtenir une invitation sur la lune. Il le dupe avec un t\u00e9lescope trafiqu\u00e9 montrant des jeunes filles soumises et caressantes envers les vieillards. <!--more--><br \/>\nIl mondo della luna est le 3 \u00e8me livret de Carlo Goldoni pour Haydn apr\u00e8s<br \/>\n\u00ab Lo speziale \u00bb (1768) et \u00ab Le Pescatrici \u00bb (1769) mais le 1er dramma Giocoso du compositeur. Le duo explore ici une com\u00e9die de situation exquise o\u00f9 la Lune est un \u00ab deus ex machina \u00bb qui gouverne les hommes.<br \/>\nLa musique d\u2019Haydn \u00e9toffe l\u2019intrigue truculente de Goldoni, porte l\u2019action \u00e0 ses rebondissements et souligne la personnalit\u00e9 et les comportements des personnages<br \/>\n<span style=\"color: #008000;\"><strong>Mise en sc\u00e8ne Alexandra Lacroix<\/strong><\/span><br \/>\nDur\u00e9e du spectacle \u2013 1h35<br \/>\njusqu&rsquo;au 21 avril 2012<\/p>\n","protected":false},"excerpt":{"rendered":"<p>La compagnie Manque Pas d\u2019Airs est n\u00e9e en 2007 d\u2019une envie commune de jeunes professionnels soucieux de rendre l\u2019Op\u00e9ra accessible en impliquant le spectateur par le biais d\u2019une proximit\u00e9 rare \u00e0 l\u2019op\u00e9ra. Le monde de la lune\u00a0 1777 Afin d\u2019\u00e9pouser&#8230;<\/p>\n","protected":false},"author":2,"featured_media":0,"comment_status":"open","ping_status":"open","sticky":false,"template":"","format":"standard","meta":{"ngg_post_thumbnail":0,"jetpack_post_was_ever_published":false,"_jetpack_newsletter_access":"","footnotes":""},"categories":[1],"tags":[],"class_list":["post-11575","post","type-post","status-publish","format-standard","hentry","category-non-classe"],"jetpack_featured_media_url":"","jetpack-related-posts":[{"id":16656,"url":"http:\/\/www.letourismeaparis.fr\/index.php\/2015\/05\/10\/tous-a-lopera-dimanche-10-mai\/","url_meta":{"origin":11575,"position":0},"title":"Tous \u00e0 l&#039;Op\u00e9ra dimanche 10 mai !","author":"Fabienne TM","date":"10 mai 2015","format":false,"excerpt":"Op\u00e9ra Bastille , Op\u00e9ra Garnier, Op\u00e9ra Comique Dimanche 10 mai Palais Garnier (Place de l\u2019Op\u00e9ra Paris 75009) 10h \u00e0 16h (dernier acc\u00e8s) - Visites libres et gratuites Op\u00e9ra Bastille 12h Amphith\u00e9\u00e2tre Projection du film des ballets de Balanchine et Millepied, direction musicale Philippe Jordan et sc\u00e9nographie Daniel Buren (mai 2014)\u2026","rel":"","context":"Dans &quot;Non class\u00e9&quot;","block_context":{"text":"Non class\u00e9","link":"http:\/\/www.letourismeaparis.fr\/index.php\/category\/non-classe\/"},"img":{"alt_text":"","src":"","width":0,"height":0},"classes":[]},{"id":13935,"url":"http:\/\/www.letourismeaparis.fr\/index.php\/2013\/09\/18\/13935\/","url_meta":{"origin":11575,"position":1},"title":"La f\u00eate de la lune dans le 13 \u00e8me : 19\/ 20 \/21 septembre   des concerts et un ballet","author":"Fabienne TM","date":"18 septembre 2013","format":false,"excerpt":"La c\u00e9r\u00e9monie des illuminations des lanternes g\u00e9antes aura lieu le jeudi 19 septembre \u00e0 17h sur le parvis de la Mairie du 13e. \u00a0 Jeudi 19 septembre, \u00e0 19h Salle des f\u00eates - Mairie du 13e\u00a0,\u00a0 Concert Au Clair de La Lune Par l\u2019Orchestre Philharmonique de Shaanxi, Chine Fond\u00e9 en\u2026","rel":"","context":"Dans &quot;Cultures du Monde&quot;","block_context":{"text":"Cultures du Monde","link":"http:\/\/www.letourismeaparis.fr\/index.php\/category\/culture\/musees-expositions\/cultures-du-monde\/"},"img":{"alt_text":"","src":"https:\/\/i0.wp.com\/www.letourismeaparis.fr\/wp-content\/uploads\/2013\/09\/lune-249x300.png?resize=350%2C200","width":350,"height":200},"classes":[]},{"id":10976,"url":"http:\/\/www.letourismeaparis.fr\/index.php\/2011\/08\/08\/cinema-au-clair-de-lune-jeudi-11-aout-21h30-erotissimo\/","url_meta":{"origin":11575,"position":2},"title":"Cin\u00e9ma au clair de lune ,jeudi 11 Ao\u00fbt, 21h30 : Erotissimo ,place des Vosges","author":"Fabienne TM","date":"8 ao\u00fbt 2011","format":false,"excerpt":"Chaque \u00e9t\u00e9, le cin\u00e9ma s'installe dans les quartiers de Paris - places, squares ou jardins - avec Cin\u00e9ma au clair de lune, organis\u00e9 par le Forum des images qui propose des s\u00e9ances en plein air gratuites destin\u00e9es aux amoureux de Paris et du cin\u00e9ma. Erotissimo de G\u00e9rard Pir\u00e8sD\u00e9laiss\u00e9e par un\u2026","rel":"","context":"Dans &quot;Non class\u00e9&quot;","block_context":{"text":"Non class\u00e9","link":"http:\/\/www.letourismeaparis.fr\/index.php\/category\/non-classe\/"},"img":{"alt_text":"","src":"","width":0,"height":0},"classes":[]},{"id":305,"url":"http:\/\/www.letourismeaparis.fr\/index.php\/2008\/08\/20\/au-clair-de-la-lune-allons-au-cinema-a-paris\/","url_meta":{"origin":11575,"position":3},"title":"Au clair de la lune&#8230; allons au cin\u00e9ma \u00e0 Paris &#8230;","author":"Fabienne TM","date":"20 ao\u00fbt 2008","format":false,"excerpt":"Festival cin\u00e9ma au clair de lune En ao\u00fbt, le cin\u00e9ma s\u2019installe dans les quartiers de Paris - places, squares ou jardins \u2013 avec Cin\u00e9ma au clair de lune, organis\u00e9 par le Forum des images qui propose des s\u00e9ances en plein air destin\u00e9es aux amoureux de Paris et du cin\u00e9ma. 15e\u2026","rel":"","context":"Dans &quot;Non class\u00e9&quot;","block_context":{"text":"Non class\u00e9","link":"http:\/\/www.letourismeaparis.fr\/index.php\/category\/non-classe\/"},"img":{"alt_text":"","src":"","width":0,"height":0},"classes":[]},{"id":3856,"url":"http:\/\/www.letourismeaparis.fr\/index.php\/2009\/08\/06\/cinema-au-clair-de-lune-seance-le-6-aout-dans-le-8e-a-21h30\/","url_meta":{"origin":11575,"position":4},"title":"Cin\u00e9ma au clair de lune : s\u00e9ance le 6 ao\u00fbt dans le 8e et 7 ao\u00fbt dans le 14\u00e8me \u00e0 21h30 :","author":"Fabienne TM","date":"6 ao\u00fbt 2009","format":false,"excerpt":"Le Cin\u00e9ma de papa, de Claude Berri La vie de la famille Langmann, de 1946 \u00e0 1962. Plut\u00f4t que de succ\u00e9der \u00e0 son p\u00e8re, fourreur du faubourg Poissonni\u00e8re, Claude, passionn\u00e9 de cin\u00e9ma, choisit de se lancer dans une carri\u00e8re d\u2019acteur. Un film autobiographique, avec Claude Berri, Yves Robert, Alain Cohen\u2026","rel":"","context":"Dans &quot;Non class\u00e9&quot;","block_context":{"text":"Non class\u00e9","link":"http:\/\/www.letourismeaparis.fr\/index.php\/category\/non-classe\/"},"img":{"alt_text":"","src":"","width":0,"height":0},"classes":[]},{"id":268,"url":"http:\/\/www.letourismeaparis.fr\/index.php\/2008\/08\/07\/cinema-au-clair-de-lune-1408-24-08\/","url_meta":{"origin":11575,"position":5},"title":"Cin\u00e9ma au clair de lune   14\/08-24-08","author":"Fabienne TM","date":"7 ao\u00fbt 2008","format":false,"excerpt":"Paris Advisor Le Tourisme \u00e0 Paris Cin\u00e9ma au clair de lune Festival cin\u00e9ma au clair de lune Chaque soir un film gratuit en plein air \u00e0 Paris. En ao\u00fbt, le cin\u00e9ma s\u2019installe dans les quartiers de Paris - places, squares ou jardins \u2013 avec Cin\u00e9ma au clair de lune, organis\u00e9\u2026","rel":"","context":"Dans &quot;Non class\u00e9&quot;","block_context":{"text":"Non class\u00e9","link":"http:\/\/www.letourismeaparis.fr\/index.php\/category\/non-classe\/"},"img":{"alt_text":"","src":"","width":0,"height":0},"classes":[]}],"jetpack_sharing_enabled":true,"jetpack_likes_enabled":true,"_links":{"self":[{"href":"http:\/\/www.letourismeaparis.fr\/index.php\/wp-json\/wp\/v2\/posts\/11575","targetHints":{"allow":["GET"]}}],"collection":[{"href":"http:\/\/www.letourismeaparis.fr\/index.php\/wp-json\/wp\/v2\/posts"}],"about":[{"href":"http:\/\/www.letourismeaparis.fr\/index.php\/wp-json\/wp\/v2\/types\/post"}],"author":[{"embeddable":true,"href":"http:\/\/www.letourismeaparis.fr\/index.php\/wp-json\/wp\/v2\/users\/2"}],"replies":[{"embeddable":true,"href":"http:\/\/www.letourismeaparis.fr\/index.php\/wp-json\/wp\/v2\/comments?post=11575"}],"version-history":[{"count":0,"href":"http:\/\/www.letourismeaparis.fr\/index.php\/wp-json\/wp\/v2\/posts\/11575\/revisions"}],"wp:attachment":[{"href":"http:\/\/www.letourismeaparis.fr\/index.php\/wp-json\/wp\/v2\/media?parent=11575"}],"wp:term":[{"taxonomy":"category","embeddable":true,"href":"http:\/\/www.letourismeaparis.fr\/index.php\/wp-json\/wp\/v2\/categories?post=11575"},{"taxonomy":"post_tag","embeddable":true,"href":"http:\/\/www.letourismeaparis.fr\/index.php\/wp-json\/wp\/v2\/tags?post=11575"}],"curies":[{"name":"wp","href":"https:\/\/api.w.org\/{rel}","templated":true}]}}