{"id":11581,"date":"2012-03-18T11:40:25","date_gmt":"2012-03-18T09:40:25","guid":{"rendered":"http:\/\/www.letourismeaparis.fr\/?p=11581"},"modified":"2012-03-18T11:40:25","modified_gmt":"2012-03-18T09:40:25","slug":"le-carnaval-des-femmes-la-fete-des-blanchisseuses-de-la-mi-careme-dimanche-18-mars-depart-place-du-chatelet","status":"publish","type":"post","link":"http:\/\/www.letourismeaparis.fr\/index.php\/2012\/03\/18\/le-carnaval-des-femmes-la-fete-des-blanchisseuses-de-la-mi-careme-dimanche-18-mars-depart-place-du-chatelet\/","title":{"rendered":"Le carnaval des femmes : la f\u00eate des blanchisseuses  de la mi-car\u00eame, dimanche 18 mars , d\u00e9part place du Ch\u00e2telet"},"content":{"rendered":"<p>Costum\u00e9e, chacune pourra d\u00e9ambuler dans le cort\u00e8ge de mani\u00e8re libre, b\u00e9n\u00e9vole et gratuite.<br \/>\nLe Carnaval des Femmes c&rsquo;est un tradition de la f\u00eate de la mi-car\u00eame organis\u00e9e autrefois par les blanchisseuses Parisiennes. Ces derni\u00e8res \u00e9lisaient une reine pour chaque lavoir et une reine de toute les blanchisseuses. Puis elles d\u00e9ambulaient dans les rues, costum\u00e9es et joyeuses<!--more--><a href=\"http:\/\/www.letourismeaparis.fr\/wp-content\/uploads\/2012\/03\/carnaval-des-femmes.jpg\"><img loading=\"lazy\" decoding=\"async\" class=\"aligncenter size-full wp-image-11582\" title=\"carnaval des femmes\" src=\"http:\/\/www.letourismeaparis.fr\/wp-content\/uploads\/2012\/03\/carnaval-des-femmes.jpg\" alt=\"\" width=\"140\" height=\"140\" \/><\/a><br \/>\nDes reines seront \u00e9lues.\u00a0\u00a0 !  Les hommes sont bien s\u00fbr les bienvenus, et sont invit\u00e9s \u00e0 se costumer de pr\u00e9f\u00e9rence en femmes, elles m\u00eames invit\u00e9es \u00e0 se d\u00e9guiser en reine !<br \/>\n, les enfants sont bien s\u00fbr bienvenus et invit\u00e9 \u00e0 se d\u00e9guiser \u00e9galement.<br \/>\n&#8211; F\u00eate des Blanchisseuses de la Mi-Car\u00eame.<br \/>\nLe Parcours du Carnaval des Femmes :  Rendez-vous\u00a0 Place du Ch\u00e2telet d\u00e8s 13h00 Le d\u00e9part du cort\u00e8ge s&rsquo;effectuera \u00e0 15h00  Il empruntera le trajet suivant :  Boulevard S\u00e9bastopol (sur le trottoir de droite) Rue de Rivoli (sur trottoir de droite \u00e0 contresens) A gauche : Rue Saint-Martin A droite : Rue Saint-Merri Rue Sainte Croix de la Bretonnerie A gauche : Rue Vieille du Temple A droite : Rue des Rosiers A droite : Rue Ferdinand Duval A droite : Rue de Rivoli (sur trottoir des n\u00b0 pairs) Traverser la rue de Rivoli \u00e0 la hauteur de la rue Lobau A droite : Rue de Rivoli (sur trottoir des n\u00b0 impairs) Longer la place de l\u2019H\u00f4tel de Ville Avenue Victoria (sur trottoir n\u00b0 pairs) Traverser le boulevard S\u00e9bastopol  Arriv\u00e9e vers 18h00 Place du Ch\u00e2telet   Carnaval des Femmes : La F\u00eate des blanchisseuses ressuscit\u00e9e Le dimanche 18 mars 2012 De 13h00 \u00e0 18h00 Rendez-vous Place du Ch\u00e2telet \u00e0 13h00<\/p>\n","protected":false},"excerpt":{"rendered":"<p>Costum\u00e9e, chacune pourra d\u00e9ambuler dans le cort\u00e8ge de mani\u00e8re libre, b\u00e9n\u00e9vole et gratuite. Le Carnaval des Femmes c&rsquo;est un tradition de la f\u00eate de la mi-car\u00eame organis\u00e9e autrefois par les blanchisseuses Parisiennes. Ces derni\u00e8res \u00e9lisaient une reine pour chaque lavoir&#8230;<\/p>\n","protected":false},"author":2,"featured_media":0,"comment_status":"open","ping_status":"open","sticky":false,"template":"","format":"standard","meta":{"ngg_post_thumbnail":0,"jetpack_post_was_ever_published":false,"_jetpack_newsletter_access":"","footnotes":""},"categories":[1],"tags":[],"class_list":["post-11581","post","type-post","status-publish","format-standard","hentry","category-non-classe"],"jetpack_featured_media_url":"","jetpack-related-posts":[{"id":12792,"url":"http:\/\/www.letourismeaparis.fr\/index.php\/2013\/02\/08\/carnaval-de-paris-2013-dimanche-10-fevrier-2013\/","url_meta":{"origin":11581,"position":0},"title":"Carnaval de Paris 2013 \u2013 Dimanche 10 f\u00e9vrier 2013","author":"Fabienne TM","date":"8 f\u00e9vrier 2013","format":false,"excerpt":"Promenade du B\u0153uf Gras 2013. Le th\u00e8me est : Le Monde des Jouets. Rendez-vous \u00e0 partir de 13 heures, place Gambetta, Paris 20\u00e8me. D\u00e9part vers 14 heures pour un circuit passant par Belleville . Arriv\u00e9e place de Stalingrad (Paris 19\u00e8me) vers 19 heures (l\u2019arriv\u00e9e a \u00e9t\u00e9 modifi\u00e9e, \u00e0 l\u2019origine elle\u2026","rel":"","context":"Dans &quot;Non class\u00e9&quot;","block_context":{"text":"Non class\u00e9","link":"http:\/\/www.letourismeaparis.fr\/index.php\/category\/non-classe\/"},"img":{"alt_text":"","src":"","width":0,"height":0},"classes":[]},{"id":20771,"url":"http:\/\/www.letourismeaparis.fr\/index.php\/2018\/02\/01\/10eme-edition-du-carnaval-des-femmes-de-paris\/","url_meta":{"origin":11581,"position":1},"title":"10\u00e8me \u00e9dition du Carnaval des Femmes de Paris !!!","author":"Fabienne TM","date":"1 f\u00e9vrier 2018","format":false,"excerpt":"\u00a0 \u00a0 Le dimanche 11 f\u00e9vrier 2018, deux jours avant Mardi Gras,d\u00e9filera pour la vingt-et-uni\u00e8me fois depuis 1998 le cort\u00e8ge du Carnaval de Paris Promenade du B\u0153uf Gras. . Le rendez-vous est \u00e0 partir de 13 heures le dimanche 11 f\u00e9vrier 2018 place Gambetta Paris 20\u00e8me m\u00e9tro Gambetta. Le d\u00e9part\u2026","rel":"","context":"Dans &quot;Carnaval&quot;","block_context":{"text":"Carnaval","link":"http:\/\/www.letourismeaparis.fr\/index.php\/category\/spectacle\/carnaval\/"},"img":{"alt_text":"","src":"https:\/\/i0.wp.com\/www.letourismeaparis.fr\/wp-content\/uploads\/2018\/02\/Capture-d%C3%A2%C2%80%C2%99e%C3%8C%C2%81cran-2018-02-01-a%C3%8C%C2%80-22.01.43-225x300.png?resize=350%2C200","width":350,"height":200},"classes":[]},{"id":6374,"url":"http:\/\/www.letourismeaparis.fr\/index.php\/2010\/02\/14\/le-carnaval-de-paris-2010dimanche-14-fevrier-2010\/","url_meta":{"origin":11581,"position":2},"title":"Le Carnaval de Paris 2010,dimanche 14 f\u00e9vrier","author":"Fabienne TM","date":"14 f\u00e9vrier 2010","format":false,"excerpt":"D\u00e9part place Gambetta (20e) \u00e0 14h30 - Arriv\u00e9e place de l\u2019H\u00f4tel de Ville (4e) \u00e0 19h Jour de la Saint Valentin et folie carnavalesque obligent, en 2010, le Carnaval d\u00e9ambulera dans Paris 25 000 participants et 60 000 spectateurs sont attendus pour la 13\u00e8me \u00e9dition. lancement du carnaval par les\u2026","rel":"","context":"Dans &quot;Non class\u00e9&quot;","block_context":{"text":"Non class\u00e9","link":"http:\/\/www.letourismeaparis.fr\/index.php\/category\/non-classe\/"},"img":{"alt_text":"","src":"","width":0,"height":0},"classes":[]},{"id":8003,"url":"http:\/\/www.letourismeaparis.fr\/index.php\/2010\/06\/25\/la-vachalcade-a-montmartre-un-sacre-carnaval-samedi-26-juin\/","url_meta":{"origin":11581,"position":3},"title":"La &quot;Vachalcade \u00e0 Montmartre&quot; un sacr\u00e9 carnaval samedi 26 juin !","author":"Fabienne TM","date":"25 juin 2010","format":false,"excerpt":"Le samedi 26 juin \u00e0 Montmartre : des fanfares, des clowns, des \u00e9chassiers, de la commedia dell arte, des \u00e9l\u00e9phants, des vaches d\u00e9lur\u00e9es\u2026 Venez d\u00e9guis\u00e9s ! La Vachalcade est un cort\u00e8ge carnavalesque de Montmartre organis\u00e9 en 1896 et 1897 par les artistes et les Montmartrois en r\u00e9ponse aux grands cort\u00e8ges\u2026","rel":"","context":"Dans &quot;Non class\u00e9&quot;","block_context":{"text":"Non class\u00e9","link":"http:\/\/www.letourismeaparis.fr\/index.php\/category\/non-classe\/"},"img":{"alt_text":"","src":"","width":0,"height":0},"classes":[]},{"id":9948,"url":"http:\/\/www.letourismeaparis.fr\/index.php\/2011\/04\/04\/carnaval-de-printemps-jeudi-7-avril\/","url_meta":{"origin":11581,"position":4},"title":"Carnaval de printemps , jeudi 7 avril","author":"Fabienne TM","date":"4 avril 2011","format":false,"excerpt":"Rendez-vous \u00e0 15h en haut de la rue des Petits carreaux. Un premier cort\u00e8ge passera par les rues Bellan, Montmartre, Tiquetone et retour Petits carreaux. Le second passera par les rues Saint Sauveur, Saint Denis, Tiquetone et Montorgueil. Tout le monde se retrouvera rues des Petits carreaux \u2013 Montorgueil vers\u2026","rel":"","context":"Dans &quot;Non class\u00e9&quot;","block_context":{"text":"Non class\u00e9","link":"http:\/\/www.letourismeaparis.fr\/index.php\/category\/non-classe\/"},"img":{"alt_text":"","src":"","width":0,"height":0},"classes":[]},{"id":3457,"url":"http:\/\/www.letourismeaparis.fr\/index.php\/2009\/07\/02\/carnaval-tropical-de-paris-samedi-4-juillet-de-14-h-a-18h30\/","url_meta":{"origin":11581,"position":5},"title":"Carnaval tropical de Paris samedi 4 juillet de 14 h \u00e0 18h30","author":"Fabienne TM","date":"2 juillet 2009","format":false,"excerpt":"samedi 4 juillet d\u00e8s 14h,\u00a0 rendez-vous de la musique, des couleurs, de la f\u00eate.. Un grand spectacle gratuit dans les rues de Paris...plus de 2000 figurants\u2026voici le parcours : 8h \u2013 13h : Place de la Nation - Mise en place des chars 12h30 : Place de la Nation -\u2026","rel":"","context":"Dans &quot;Non class\u00e9&quot;","block_context":{"text":"Non class\u00e9","link":"http:\/\/www.letourismeaparis.fr\/index.php\/category\/non-classe\/"},"img":{"alt_text":"","src":"","width":0,"height":0},"classes":[]}],"jetpack_sharing_enabled":true,"jetpack_likes_enabled":true,"_links":{"self":[{"href":"http:\/\/www.letourismeaparis.fr\/index.php\/wp-json\/wp\/v2\/posts\/11581","targetHints":{"allow":["GET"]}}],"collection":[{"href":"http:\/\/www.letourismeaparis.fr\/index.php\/wp-json\/wp\/v2\/posts"}],"about":[{"href":"http:\/\/www.letourismeaparis.fr\/index.php\/wp-json\/wp\/v2\/types\/post"}],"author":[{"embeddable":true,"href":"http:\/\/www.letourismeaparis.fr\/index.php\/wp-json\/wp\/v2\/users\/2"}],"replies":[{"embeddable":true,"href":"http:\/\/www.letourismeaparis.fr\/index.php\/wp-json\/wp\/v2\/comments?post=11581"}],"version-history":[{"count":0,"href":"http:\/\/www.letourismeaparis.fr\/index.php\/wp-json\/wp\/v2\/posts\/11581\/revisions"}],"wp:attachment":[{"href":"http:\/\/www.letourismeaparis.fr\/index.php\/wp-json\/wp\/v2\/media?parent=11581"}],"wp:term":[{"taxonomy":"category","embeddable":true,"href":"http:\/\/www.letourismeaparis.fr\/index.php\/wp-json\/wp\/v2\/categories?post=11581"},{"taxonomy":"post_tag","embeddable":true,"href":"http:\/\/www.letourismeaparis.fr\/index.php\/wp-json\/wp\/v2\/tags?post=11581"}],"curies":[{"name":"wp","href":"https:\/\/api.w.org\/{rel}","templated":true}]}}