{"id":11592,"date":"2012-03-22T11:34:32","date_gmt":"2012-03-22T10:34:32","guid":{"rendered":"http:\/\/www.letourismeaparis.fr\/?p=11592"},"modified":"2012-03-22T11:34:32","modified_gmt":"2012-03-22T10:34:32","slug":"degas-et-le-nu-au-musee-dorsay","status":"publish","type":"post","link":"http:\/\/www.letourismeaparis.fr\/index.php\/2012\/03\/22\/degas-et-le-nu-au-musee-dorsay\/","title":{"rendered":"Degas et le nu au mus\u00e9e d&#039;Orsay"},"content":{"rendered":"<p>Premi\u00e8re grande exposition monographique consacr\u00e9e \u00e0 Edgar Degas (1834-1917) \u00e0 Paris depuis la r\u00e9trospective de 1988 au Grand Palais,<br \/>\nCette exposition explore l&rsquo;\u00e9volution de Degas dans la pratique du nu, de l&rsquo;approche acad\u00e9mique et historique de ses d\u00e9buts \u00e0 l&rsquo;inscription du corps dans la modernit\u00e9 au cours de sa longue carri\u00e8re.( peinture, la sculpture, le dessin, l&rsquo;estampe et surtout le pastel) <a href=\"http:\/\/www.letourismeaparis.fr\/wp-content\/uploads\/2012\/03\/degas.jpg\"><img loading=\"lazy\" decoding=\"async\" class=\"aligncenter size-thumbnail wp-image-11593\" title=\"degas\" src=\"http:\/\/www.letourismeaparis.fr\/wp-content\/uploads\/2012\/03\/degas-143x150.jpg\" alt=\"\" width=\"143\" height=\"150\" \/><\/a><br \/>\n<!--more-->Edgar Degas (1834-1917) Apr\u00e8s le bain, femme nue s&rsquo;essuyant la nuque  1898 Pastel sur carton H. 62,2 ; L. 65 cm Paris, mus\u00e9e d&rsquo;Orsay, legs du  comte Isaac de Camondo, 1911<br \/>\nEdgar Degas Apr\u00e8s le bain, femme nue s&rsquo;essuyant la nuque\u00a9 RMN-GP (Mus\u00e9e d&rsquo;Orsay) \/ Herv\u00e9 Lewandowski<br \/>\n1, rue de la L\u00e9gion d&rsquo;Honneur, 75007 Paris<br \/>\nOuverture de 9h30 \u00e0 18h<br \/>\nle mardi, le mercredi, le vendredi, le samedi et le dimanche<br \/>\nde 9h30 \u00e0 21h45 le jeudi<br \/>\nferm\u00e9 le lundi<\/p>\n","protected":false},"excerpt":{"rendered":"<p>Premi\u00e8re grande exposition monographique consacr\u00e9e \u00e0 Edgar Degas (1834-1917) \u00e0 Paris depuis la r\u00e9trospective de 1988 au Grand Palais, Cette exposition explore l&rsquo;\u00e9volution de Degas dans la pratique du nu, de l&rsquo;approche acad\u00e9mique et historique de ses d\u00e9buts \u00e0 l&rsquo;inscription&#8230;<\/p>\n","protected":false},"author":2,"featured_media":0,"comment_status":"open","ping_status":"open","sticky":false,"template":"","format":"standard","meta":{"ngg_post_thumbnail":0,"jetpack_post_was_ever_published":false,"_jetpack_newsletter_access":"","footnotes":""},"categories":[1],"tags":[],"class_list":["post-11592","post","type-post","status-publish","format-standard","hentry","category-non-classe"],"jetpack_featured_media_url":"","jetpack-related-posts":[{"id":20179,"url":"http:\/\/www.letourismeaparis.fr\/index.php\/2017\/09\/24\/qulelques-grandes-expositions-20172018\/","url_meta":{"origin":11592,"position":0},"title":"Qulelques grandes expositions 2017\/2018","author":"Fabienne TM","date":"24 septembre 2017","format":false,"excerpt":"\u00a0 Exposition David Hockney Centre Pompidou \u00a0 Christian Dior Mus\u00e9e des Arts d\u00e9coratifs 107, Rue de Rivoli Paris 75001 \u00a0 Exposition Rubens, portraits princiers mus\u00e9e du Luxembourg 19,rue de Vaugirard Paris 75006 \u00a0 Monet Collectionneur Mus\u00e9e Marmottan 2, rue Louis Boilly Paris 75016 \u00a0 Gauguin Grand Palais Square Jean Pellerin\u2026","rel":"","context":"Dans &quot;Mus\u00e9es \/ Expositions&quot;","block_context":{"text":"Mus\u00e9es \/ Expositions","link":"http:\/\/www.letourismeaparis.fr\/index.php\/category\/culture\/musees-expositions\/"},"img":{"alt_text":"","src":"","width":0,"height":0},"classes":[]},{"id":24304,"url":"http:\/\/www.letourismeaparis.fr\/index.php\/2021\/05\/31\/augustin-rouart-la-peinture-en-heritage\/","url_meta":{"origin":11592,"position":1},"title":"Augustin Rouart ,                        La peinture en h\u00e9ritage","author":"Fabienne TM","date":"31 mai 2021","format":false,"excerpt":"Le Petit Palais a le plaisir de pr\u00e9senter l\u2019importante donation que vient d\u2019effectuer Jean-Marie Rouart, de l\u2019Acad\u00e9mie fran\u00e7aise, en sa faveur, riche de douze \u0153uvres d\u2019Henri Rouart, Henry Lerolle, Maurice Denis et Augustin Rouart. \u00a0\u00c0 cette occasion, le mus\u00e9e pr\u00e9sente une exposition gratuite au sein de ses collections, en dialogue\u2026","rel":"","context":"Dans &quot;Beaux arts&quot;","block_context":{"text":"Beaux arts","link":"http:\/\/www.letourismeaparis.fr\/index.php\/category\/culture\/musees-expositions\/beaux-arts\/"},"img":{"alt_text":"","src":"https:\/\/i0.wp.com\/www.letourismeaparis.fr\/wp-content\/uploads\/2021\/05\/Capture-d%E2%80%99e%CC%81cran-2021-05-31-a%CC%80-14.48.27.png?resize=350%2C200","width":350,"height":200},"classes":[]},{"id":20847,"url":"http:\/\/www.letourismeaparis.fr\/index.php\/2018\/03\/11\/le-musee-jacquemart-andre-presente-une-grande-retrospective-consacree-mary-cassatt-1844-1926\/","url_meta":{"origin":11592,"position":2},"title":"le Mus\u00e9e Jacquemart-Andr\u00e9 pr\u00e9sente une grande r\u00e9trospective consacr\u00e9e \u00e0 Mary Cassatt (1844 \u2013 1926)","author":"Fabienne TM","date":"11 mars 2018","format":false,"excerpt":"Du 9 mars au 23 juillet 2018 le Mus\u00e9e Jacquemart-Andr\u00e9 pr\u00e9sente une grande r\u00e9trospective consacr\u00e9e \u00e0 Mary Cassatt (1844 \u2013 1926). Consid\u00e9r\u00e9e de son vivant comme la plus grande artiste am\u00e9ricaine, Cassatt a v\u00e9cu pr\u00e8s de soixante ans en France. C\u2019est la seule peintre am\u00e9ricaine \u00e0 avoir \u00a0 Mary Cassatt,\u2026","rel":"","context":"Dans &quot;Mus\u00e9es \/ Expositions&quot;","block_context":{"text":"Mus\u00e9es \/ Expositions","link":"http:\/\/www.letourismeaparis.fr\/index.php\/category\/culture\/musees-expositions\/"},"img":{"alt_text":"","src":"","width":0,"height":0},"classes":[]},{"id":26625,"url":"http:\/\/www.letourismeaparis.fr\/index.php\/2026\/01\/07\/pompon-pompon-une-comedie-musicale-sympathique-pour-petits-et-grands\/","url_meta":{"origin":11592,"position":3},"title":"POMPON, POMPON une com\u00e9die musicale sympathique pour petits et grands","author":"Fabienne TM","date":"7 janvier 2026","format":false,"excerpt":"1h, tout public (de 4 \u00e0 104 ans) Pompon devrait \u00eatre heureux sauf qu\u2019il lui manque l\u2019essentiel pour un ours blanc : la banquise. Le soir, quand le mus\u00e9e est vide, aid\u00e9 par La Petite Danseuse de 14 ans d\u2019Edgar\u00a0 Degas, Pompon part mener l\u2019enqu\u00eate, questionnant les autres oeuvres :\u2026","rel":"","context":"Dans &quot;Com\u00e9die Musicale&quot;","block_context":{"text":"Com\u00e9die Musicale","link":"http:\/\/www.letourismeaparis.fr\/index.php\/category\/spectacle\/comedie-musicale\/"},"img":{"alt_text":"","src":"https:\/\/i0.wp.com\/www.letourismeaparis.fr\/wp-content\/uploads\/2026\/01\/Capture-decran-2025-12-11-a-10.19.00.png?resize=350%2C200","width":350,"height":200},"classes":[]},{"id":21833,"url":"http:\/\/www.letourismeaparis.fr\/index.php\/2019\/01\/07\/le-musee-pouchkine-a-la-fondation-custodia\/","url_meta":{"origin":11592,"position":4},"title":"le mus\u00e9e Pouchkine \u00e0 la fondation Custodia","author":"Fabienne TM","date":"7 janvier 2019","format":false,"excerpt":"L Cinq cents dessins de ma\u00eetres du 2 f\u00e9vrier au 12 mai 2019 Cette exposition exceptionnelle autour des chefs-d'\u0153uvre de la collection des dessins du Mus\u00e9e Pouchkine est la premi\u00e8re grande r\u00e9trospective des \u0153uvres graphiques du mus\u00e9e moscovite en France, elle couvrira les \u00e9coles europ\u00e9ennes et russes, du XVe au\u2026","rel":"","context":"Dans &quot;Non class\u00e9&quot;","block_context":{"text":"Non class\u00e9","link":"http:\/\/www.letourismeaparis.fr\/index.php\/category\/non-classe\/"},"img":{"alt_text":"","src":"","width":0,"height":0},"classes":[]},{"id":26605,"url":"http:\/\/www.letourismeaparis.fr\/index.php\/2025\/12\/11\/pompon-pompon-au-theatre-saint-georges\/","url_meta":{"origin":11592,"position":5},"title":"POMPON, POMPON au th\u00e9atre Saint Georges","author":"Fabienne TM","date":"11 d\u00e9cembre 2025","format":false,"excerpt":"POMPON, POMPON : com\u00e9die musicale d\u20191h, tout public (de 4 \u00e0 104 ans) PASCAL PARISOT, chanteur chouchou des enfants (et des grands) est de retour avec l\u2019exquise com\u00e9die musicale Pompon devrait \u00eatre heureux sauf qu\u2019il lui manque l\u2019essentiel pour un ours blanc : la banquise. Sans pourtant la connaitre\u2026 Le\u2026","rel":"","context":"Dans &quot;Com\u00e9die Musicale&quot;","block_context":{"text":"Com\u00e9die Musicale","link":"http:\/\/www.letourismeaparis.fr\/index.php\/category\/spectacle\/comedie-musicale\/"},"img":{"alt_text":"","src":"https:\/\/i0.wp.com\/www.letourismeaparis.fr\/wp-content\/uploads\/2025\/12\/Capture-decran-2025-12-11-a-10.19.00.png?resize=350%2C200","width":350,"height":200},"classes":[]}],"jetpack_sharing_enabled":true,"jetpack_likes_enabled":true,"_links":{"self":[{"href":"http:\/\/www.letourismeaparis.fr\/index.php\/wp-json\/wp\/v2\/posts\/11592","targetHints":{"allow":["GET"]}}],"collection":[{"href":"http:\/\/www.letourismeaparis.fr\/index.php\/wp-json\/wp\/v2\/posts"}],"about":[{"href":"http:\/\/www.letourismeaparis.fr\/index.php\/wp-json\/wp\/v2\/types\/post"}],"author":[{"embeddable":true,"href":"http:\/\/www.letourismeaparis.fr\/index.php\/wp-json\/wp\/v2\/users\/2"}],"replies":[{"embeddable":true,"href":"http:\/\/www.letourismeaparis.fr\/index.php\/wp-json\/wp\/v2\/comments?post=11592"}],"version-history":[{"count":0,"href":"http:\/\/www.letourismeaparis.fr\/index.php\/wp-json\/wp\/v2\/posts\/11592\/revisions"}],"wp:attachment":[{"href":"http:\/\/www.letourismeaparis.fr\/index.php\/wp-json\/wp\/v2\/media?parent=11592"}],"wp:term":[{"taxonomy":"category","embeddable":true,"href":"http:\/\/www.letourismeaparis.fr\/index.php\/wp-json\/wp\/v2\/categories?post=11592"},{"taxonomy":"post_tag","embeddable":true,"href":"http:\/\/www.letourismeaparis.fr\/index.php\/wp-json\/wp\/v2\/tags?post=11592"}],"curies":[{"name":"wp","href":"https:\/\/api.w.org\/{rel}","templated":true}]}}