{"id":11595,"date":"2012-03-22T16:34:47","date_gmt":"2012-03-22T15:34:47","guid":{"rendered":"http:\/\/www.letourismeaparis.fr\/?p=11595"},"modified":"2012-03-22T16:34:47","modified_gmt":"2012-03-22T15:34:47","slug":"6e-edition-du-festival-de-ceramique-de-paris-11e-du-vendredi-30-mars-au-dimanche-1er-avril","status":"publish","type":"post","link":"http:\/\/www.letourismeaparis.fr\/index.php\/2012\/03\/22\/6e-edition-du-festival-de-ceramique-de-paris-11e-du-vendredi-30-mars-au-dimanche-1er-avril\/","title":{"rendered":"6e \u00e9dition du Festival de C\u00e9ramique de Paris 11e du vendredi 30 mars au dimanche 1er avril"},"content":{"rendered":"<p>la Mairie du 11e et l&rsquo;association Terramicales vous invitent \u00e0 d\u00e9couvrir l&rsquo;univers et le travail d&rsquo;une trentaine de c\u00e9ramistes internationaux.<br \/>\nCet art m\u00e9connu prend naissance dans l&rsquo;histoire populaire et se retrouve aujourd&rsquo;hui \u00e0 la crois\u00e9e de nombreux chemins allant de l&rsquo;art contemporain, au design, en passant par la sculpture.<br \/>\nL&rsquo;expression c\u00e9ramique est vaste et le festival s&rsquo;attache \u00e0 mettre en lumi\u00e8re cette diversit\u00e9 d&rsquo;influences, en faisant notamment la part belle \u00e0 la nouvelle g\u00e9n\u00e9ration.<a href=\"http:\/\/www.letourismeaparis.fr\/wp-content\/uploads\/2012\/03\/festival-c\u00e9ramique.jpg\"><img loading=\"lazy\" decoding=\"async\" class=\"aligncenter size-thumbnail wp-image-11596\" title=\"festival c\u00e9ramique\" src=\"http:\/\/www.letourismeaparis.fr\/wp-content\/uploads\/2012\/03\/festival-c\u00e9ramique-150x150.jpg\" alt=\"\" width=\"150\" height=\"150\" \/><\/a><!--more--><br \/>\nUne exposition de toiles d&rsquo;argile, un concert, une exposition de photographies, des projections de films viendront enrichir cet \u00e9v\u00e9nement. Une action solidaire et culturelle autour du japon sera men\u00e9e cette ann\u00e9e pendant les 3 jours du Festival.<br \/>\nVernissage jeudi 29 mars \u00e0 partir de 18h30<br \/>\nEntr\u00e9e libre de 10h \u00e0 19h<br \/>\nSalle Olympe de Gouges &#8211; 15, rue Merlin &#8211; 75011 Paris<\/p>\n","protected":false},"excerpt":{"rendered":"<p>la Mairie du 11e et l&rsquo;association Terramicales vous invitent \u00e0 d\u00e9couvrir l&rsquo;univers et le travail d&rsquo;une trentaine de c\u00e9ramistes internationaux. Cet art m\u00e9connu prend naissance dans l&rsquo;histoire populaire et se retrouve aujourd&rsquo;hui \u00e0 la crois\u00e9e de nombreux chemins allant de&#8230;<\/p>\n","protected":false},"author":2,"featured_media":0,"comment_status":"open","ping_status":"open","sticky":false,"template":"","format":"standard","meta":{"ngg_post_thumbnail":0,"jetpack_post_was_ever_published":false,"_jetpack_newsletter_access":"","footnotes":""},"categories":[1],"tags":[],"class_list":["post-11595","post","type-post","status-publish","format-standard","hentry","category-non-classe"],"jetpack_featured_media_url":"","jetpack-related-posts":[{"id":7122,"url":"http:\/\/www.letourismeaparis.fr\/index.php\/2010\/03\/24\/4e-edition-du-festival-de-ceramique-du-11e-du-26-au-28-mars\/","url_meta":{"origin":11595,"position":0},"title":"4e \u00e9dition du Festival de c\u00e9ramique du 11e, du 26 au 28 mars","author":"Fabienne TM","date":"24 mars 2010","format":false,"excerpt":"Du vendredi 26 au dimanche 28 mars, la Mairie du 11e et l'association Terramicales vous invitent \u00e0 d\u00e9couvrir l'univers et le travail d'une trentaine de c\u00e9ramistes internationaux. Cet art m\u00e9connu prend naissance dans l'histoire populaire et se retrouve aujourd'hui \u00e0 la crois\u00e9e de nombreux chemins allant de l'art contemporain, au\u2026","rel":"","context":"Dans &quot;Non class\u00e9&quot;","block_context":{"text":"Non class\u00e9","link":"http:\/\/www.letourismeaparis.fr\/index.php\/category\/non-classe\/"},"img":{"alt_text":"","src":"https:\/\/i0.wp.com\/www.letourismeaparis.fr\/wp-content\/uploads\/2010\/03\/c%C3%83%C2%A9ramique.jpg?resize=350%2C200","width":350,"height":200},"classes":[]},{"id":9678,"url":"http:\/\/www.letourismeaparis.fr\/index.php\/2011\/03\/07\/5e-edition-du-festival-de-ceramique-du-11e-du-11-au-13-mars\/","url_meta":{"origin":11595,"position":1},"title":"5e \u00e9dition du Festival de c\u00e9ramique du 11e ,du 11 au 13 mars","author":"Fabienne TM","date":"7 mars 2011","format":false,"excerpt":"5e \u00e9dition du Festival de c\u00e9ramique du 11e Du vendredi 11 au dimanche 13 mars, la Mairie du 11e et l'association Terramicales vous invitent \u00e0 d\u00e9couvrir l'univers et le travail d'une trentaine de c\u00e9ramistes internationaux. L'expression c\u00e9ramique est vaste et le festival s'attache \u00e0 mettre en lumi\u00e8re cette diversit\u00e9 d'influences,\u2026","rel":"","context":"Dans &quot;Non class\u00e9&quot;","block_context":{"text":"Non class\u00e9","link":"http:\/\/www.letourismeaparis.fr\/index.php\/category\/non-classe\/"},"img":{"alt_text":"","src":"","width":0,"height":0},"classes":[]},{"id":11493,"url":"http:\/\/www.letourismeaparis.fr\/index.php\/2012\/02\/06\/salon-dartisanat-et-des-metiers-dart-2012-jusquau-12-fevrier\/","url_meta":{"origin":11595,"position":2},"title":"Salon d\u2019artisanat et des m\u00e9tiers d\u2019art 2012 ,jusqu&#039;au 12 f\u00e9vrier","author":"Fabienne TM","date":"6 f\u00e9vrier 2012","format":false,"excerpt":"La Mairie du 11e et l'association les 4A vous invitent \u00e0 une exposition-vente pour d\u00e9couvrir les m\u00e9tiers d'art \u00e0 travers des cr\u00e9ations uniques et originales. Pour cette \u00e9dition, 8 cr\u00e9ateurs sp\u00e9cialis\u00e9s dans le travail du m\u00e9tal seront \u00e0 l'honneur. le Salon des l'Artisanat et des M\u00e9tiers d'art pr\u00e9sente les travaux\u2026","rel":"","context":"Dans &quot;Non class\u00e9&quot;","block_context":{"text":"Non class\u00e9","link":"http:\/\/www.letourismeaparis.fr\/index.php\/category\/non-classe\/"},"img":{"alt_text":"","src":"","width":0,"height":0},"classes":[]},{"id":12854,"url":"http:\/\/www.letourismeaparis.fr\/index.php\/2013\/02\/15\/salon-gratuit-dartisanat-et-des-metiers-dart-2013-du-samedi-9-fevrier-2013-au-dimanche-17-fevrier-2013-de-12h-a-19h\/","url_meta":{"origin":11595,"position":3},"title":"Salon gratuit d\u2019artisanat et des m\u00e9tiers d\u2019art 2013   jusqu&#039;au dimanche 17 f\u00e9vrier 2013 de 12h \u00e0 19h","author":"Fabienne TM","date":"15 f\u00e9vrier 2013","format":false,"excerpt":"La Mairie du 11e et l'association les 4A vous invitent \u00e0 une exposition-vente pour d\u00e9couvrir les m\u00e9tiers d'art \u00e0 travers des cr\u00e9ations uniques et originales. Pour cette \u00e9dition, l'invit\u00e9 d'honneur sera la Maison du Vitrail.Le salon accueille \u00e9galement des organismes de formation, \u00e9coles professionnelles, centres d'apprentissage et associations. 80 artisans\u2026","rel":"","context":"Dans &quot;Non class\u00e9&quot;","block_context":{"text":"Non class\u00e9","link":"http:\/\/www.letourismeaparis.fr\/index.php\/category\/non-classe\/"},"img":{"alt_text":"","src":"https:\/\/i0.wp.com\/www.letourismeaparis.fr\/wp-content\/uploads\/2013\/02\/salon-artisanat-et-metiers-art-300x200.jpg?resize=350%2C200","width":350,"height":200},"classes":[]},{"id":12898,"url":"http:\/\/www.letourismeaparis.fr\/index.php\/2013\/02\/23\/artisanat-dazerbaidjan-tradition-et-modernite-a-la-mairie-du-11-eme\/","url_meta":{"origin":11595,"position":4},"title":"Artisanat d\u2019Azerba\u00efdjan : tradition et modernit\u00e9 \u00e0  la mairie du 11\u00e8me","author":"Fabienne TM","date":"23 f\u00e9vrier 2013","format":false,"excerpt":"la Mairie du 11e vous propose de parcourir l\u2019exposition \u00ab Artisanat d\u2019Azerba\u00efdjan, entre tradition et modernit\u00e9 \u00bb, pour d\u00e9couvrir les \u0153uvres et la culture az\u00e9ries. L\u2019artisanat et l\u2019art d\u2019Azerba\u00efdjan font partie du patrimoine turc. Au court des si\u00e8cles et de l\u2019histoire, ils ont \u00e9t\u00e9 influenc\u00e9s par les cultures persane, islamique\u2026","rel":"","context":"Dans &quot;Non class\u00e9&quot;","block_context":{"text":"Non class\u00e9","link":"http:\/\/www.letourismeaparis.fr\/index.php\/category\/non-classe\/"},"img":{"alt_text":"","src":"","width":0,"height":0},"classes":[]},{"id":11570,"url":"http:\/\/www.letourismeaparis.fr\/index.php\/2012\/03\/14\/le-dimanche-de-la-mode-defile-le-18-mars\/","url_meta":{"origin":11595,"position":5},"title":"Le Dimanche de la Mode \u2013 D\u00e9fil\u00e9 le 18 mars, entr\u00e9e libre","author":"Fabienne TM","date":"14 mars 2012","format":false,"excerpt":"Le Dimanche de la Mode \u2013 D\u00e9fil\u00e9 Dimanche 18 mars, la Mairie du 11e, en partenariat avec l'Association des Artistes et Artisans d'Art du 11e et le collectif Up Her Mannequinat. vous invite \u00e0 d\u00e9couvrir les cr\u00e9ations de jeunes cr\u00e9ateurs, stylistes ou accessoiristes \u00e0 l'occasion d'un d\u00e9fil\u00e9. Avec les stylistes\u2026","rel":"","context":"Dans &quot;Non class\u00e9&quot;","block_context":{"text":"Non class\u00e9","link":"http:\/\/www.letourismeaparis.fr\/index.php\/category\/non-classe\/"},"img":{"alt_text":"","src":"","width":0,"height":0},"classes":[]}],"jetpack_sharing_enabled":true,"jetpack_likes_enabled":true,"_links":{"self":[{"href":"http:\/\/www.letourismeaparis.fr\/index.php\/wp-json\/wp\/v2\/posts\/11595","targetHints":{"allow":["GET"]}}],"collection":[{"href":"http:\/\/www.letourismeaparis.fr\/index.php\/wp-json\/wp\/v2\/posts"}],"about":[{"href":"http:\/\/www.letourismeaparis.fr\/index.php\/wp-json\/wp\/v2\/types\/post"}],"author":[{"embeddable":true,"href":"http:\/\/www.letourismeaparis.fr\/index.php\/wp-json\/wp\/v2\/users\/2"}],"replies":[{"embeddable":true,"href":"http:\/\/www.letourismeaparis.fr\/index.php\/wp-json\/wp\/v2\/comments?post=11595"}],"version-history":[{"count":0,"href":"http:\/\/www.letourismeaparis.fr\/index.php\/wp-json\/wp\/v2\/posts\/11595\/revisions"}],"wp:attachment":[{"href":"http:\/\/www.letourismeaparis.fr\/index.php\/wp-json\/wp\/v2\/media?parent=11595"}],"wp:term":[{"taxonomy":"category","embeddable":true,"href":"http:\/\/www.letourismeaparis.fr\/index.php\/wp-json\/wp\/v2\/categories?post=11595"},{"taxonomy":"post_tag","embeddable":true,"href":"http:\/\/www.letourismeaparis.fr\/index.php\/wp-json\/wp\/v2\/tags?post=11595"}],"curies":[{"name":"wp","href":"https:\/\/api.w.org\/{rel}","templated":true}]}}