{"id":11599,"date":"2012-04-18T18:39:15","date_gmt":"2012-04-18T17:39:15","guid":{"rendered":"http:\/\/www.letourismeaparis.fr\/?p=11599"},"modified":"2012-04-18T18:39:15","modified_gmt":"2012-04-18T17:39:15","slug":"patagonie-images-du-bout-du-monde-au-quai-branly","status":"publish","type":"post","link":"http:\/\/www.letourismeaparis.fr\/index.php\/2012\/04\/18\/patagonie-images-du-bout-du-monde-au-quai-branly\/","title":{"rendered":"Patagonie, Images du bout du monde, au quai Branly"},"content":{"rendered":"<p>L\u2019exposition Patagonie, Images du bout du monde, pr\u00e9sente cette diversit\u00e9 de repr\u00e9sentations, de r\u00e9cits et de mythes attach\u00e9s \u00e0 la pointe australe du continent am\u00e9ricain.<br \/>\nElle aborde ces territoires du bout du monde selon une g\u00e9ographie de la fiction mettant en perspective repr\u00e9sentations imaginaires et r\u00e9alit\u00e9 tangible.<a href=\"http:\/\/www.letourismeaparis.fr\/wp-content\/uploads\/2012\/03\/patagonie.jpg\"><img loading=\"lazy\" decoding=\"async\" class=\"aligncenter size-thumbnail wp-image-11600\" title=\"patagonie\" src=\"http:\/\/www.letourismeaparis.fr\/wp-content\/uploads\/2012\/03\/patagonie-150x150.jpg\" alt=\"\" width=\"150\" height=\"150\" \/><\/a><br \/>\nPoursuivant un fil chronologique, l\u2019exposition propose au visiteur ce va et vient entre le r\u00e9el et la fiction, \u00e0 travers photographies anciennes et contemporaines, gravures et dessins sur 300 m\u00b2 de la mezzanine Est du mus\u00e9e du quai Branly.<!--more--><br \/>\nL\u2019exposition invite \u00e0 une d\u00e9ambulation visuelle et sonore, en partie chronologique, dans laquelle le visiteur se laisse porter par la magie du r\u00e9cit, alternant des \u00e9vocations fantastiques et des retours \u00e0 la r\u00e9alit\u00e9. Elle rassemble des oeuvres issues des collections du mus\u00e9e du quai Branly et de pr\u00eats provenant de collections fran\u00e7aises et allemandes.<br \/>\ndu mardi 06 mars 2012 au dimanche 13 mai 2012<br \/>\nmardi, mercredi et dimanche de 11h \u00e0 19h jeudi, vendredi et samedi de 11h \u00e0 21h<br \/>\nentr\u00e9e Debilly &#8211; 37, quai Branly &#8211; face \u00e0 la passerelle Debilly<br \/>\nentr\u00e9e Universit\u00e9 &#8211; 218, rue de l\u2019Universit\u00e9<br \/>\nentr\u00e9e des Bassins &#8211; 206, rue de l\u2019Universit\u00e9<\/p>\n","protected":false},"excerpt":{"rendered":"<p>L\u2019exposition Patagonie, Images du bout du monde, pr\u00e9sente cette diversit\u00e9 de repr\u00e9sentations, de r\u00e9cits et de mythes attach\u00e9s \u00e0 la pointe australe du continent am\u00e9ricain. Elle aborde ces territoires du bout du monde selon une g\u00e9ographie de la fiction mettant&#8230;<\/p>\n","protected":false},"author":2,"featured_media":0,"comment_status":"open","ping_status":"open","sticky":false,"template":"","format":"standard","meta":{"ngg_post_thumbnail":0,"jetpack_post_was_ever_published":false,"_jetpack_newsletter_access":"","footnotes":""},"categories":[1],"tags":[],"class_list":["post-11599","post","type-post","status-publish","format-standard","hentry","category-non-classe"],"jetpack_featured_media_url":"","jetpack-related-posts":[{"id":2474,"url":"http:\/\/www.letourismeaparis.fr\/index.php\/2009\/03\/27\/le-siecle-du-jazz-au-musee-du-quai-branly\/","url_meta":{"origin":11599,"position":0},"title":"&quot; Le si\u00e8cle du Jazz &quot;au mus\u00e9e du quai Branly","author":"Fabienne TM","date":"27 mars 2009","format":false,"excerpt":"Le jazz a marqu\u00e9 la culture mondiale de ses sons et de ses rythmes. L\u2019exposition,\u00a0 pr\u00e9sente de mani\u00e8re chronologique les relations entre le jazz et les arts graphiques \u00e0 travers tout le XX\u00e8me si\u00e8cle. Tout au long du parcours s\u2019ouvrent un grand nombre de petites expositions autonomes qui mettent en\u2026","rel":"","context":"Dans &quot;Non class\u00e9&quot;","block_context":{"text":"Non class\u00e9","link":"http:\/\/www.letourismeaparis.fr\/index.php\/category\/non-classe\/"},"img":{"alt_text":"","src":"","width":0,"height":0},"classes":[]},{"id":20326,"url":"http:\/\/www.letourismeaparis.fr\/index.php\/2017\/10\/21\/lafrique-des-routes-au-musee-du-quai-branly-week-end-special-les-11-et-12-novembre\/","url_meta":{"origin":11599,"position":1},"title":"L&#039;Afrique des routes, au mus\u00e9e du quai Branly : week- end sp\u00e9cial les 11 et 12 novembre","author":"Fabienne TM","date":"21 octobre 2017","format":false,"excerpt":"\u00a0 Dans le prolongement de l\u2019exposition qui vise \u00e0 faire conna\u00eetre et reconna\u00eetre l\u2019Afrique en tant que continent impliqu\u00e9 dans l\u2019Histoire, la programmation de ce WEEK-END soulignera la densit\u00e9 et la richesse des \u00e9changes culturels panafricains et extra-africains. Elle mettra \u00e0 l\u2019honneur les diasporas et le patrimoine immat\u00e9riel au coeur\u2026","rel":"","context":"Dans &quot;Cultures du Monde&quot;","block_context":{"text":"Cultures du Monde","link":"http:\/\/www.letourismeaparis.fr\/index.php\/category\/culture\/musees-expositions\/cultures-du-monde\/"},"img":{"alt_text":"","src":"https:\/\/i0.wp.com\/www.letourismeaparis.fr\/wp-content\/uploads\/2017\/10\/branly-200x300.png?resize=350%2C200","width":350,"height":200},"classes":[]},{"id":10600,"url":"http:\/\/www.letourismeaparis.fr\/index.php\/2011\/08\/23\/mayas-de-laube-au-crepuscule-collections-nationales-du-guatemala-au-quai-branly\/","url_meta":{"origin":11599,"position":2},"title":"&quot;Mayas&quot; de l&#039;aube au cr\u00e9puscule, collections nationales du Guatemala au quai Branly","author":"Fabienne TM","date":"23 ao\u00fbt 2011","format":false,"excerpt":"A travers 150 pi\u00e8ces exceptionnelles qui, pour la plupart, ne sont jamais sorties de leur pays d\u2019origine, l\u2019exposition propose de d\u00e9couvrir les Mayas du Guatemala, l\u2019une des trois civilisations qui ont marqu\u00e9 l\u2019histoire de l\u2019Am\u00e9rique pr\u00e9colombienne. l\u2019exposition met en avant les derni\u00e8res grandes d\u00e9couvertes arch\u00e9ologiques sur plusieurs sites r\u00e9cemment \u00e9tudi\u00e9s\u2026","rel":"","context":"Dans &quot;Non class\u00e9&quot;","block_context":{"text":"Non class\u00e9","link":"http:\/\/www.letourismeaparis.fr\/index.php\/category\/non-classe\/"},"img":{"alt_text":"","src":"","width":0,"height":0},"classes":[]},{"id":10082,"url":"http:\/\/www.letourismeaparis.fr\/index.php\/2011\/04\/12\/exposition-dogon-au-quai-branly\/","url_meta":{"origin":11599,"position":3},"title":"Exposition DOGON au quai Branly","author":"Fabienne TM","date":"12 avril 2011","format":false,"excerpt":"jusqu'au 24 juillet 2011 L\u2019exposition DOGON pr\u00e9sente l\u2019histoire de l\u2019art et de la culture dogon, depuis le 10\u00e8me si\u00e8cle jusqu\u2019\u00e0 nos jours, \u00e0 travers plus de 330 oeuvres exceptionnelles issues de collections du monde entier et rassembl\u00e9es pour la premi\u00e8re fois en France. L\u2019art des Dogon du Mali est l\u2019un\u2026","rel":"","context":"Dans &quot;Non class\u00e9&quot;","block_context":{"text":"Non class\u00e9","link":"http:\/\/www.letourismeaparis.fr\/index.php\/category\/non-classe\/"},"img":{"alt_text":"","src":"","width":0,"height":0},"classes":[]},{"id":21262,"url":"http:\/\/www.letourismeaparis.fr\/index.php\/2018\/09\/18\/madagascar-au-quai-branly\/","url_meta":{"origin":11599,"position":4},"title":"Madagascar au Quai Branly","author":"Fabienne TM","date":"18 septembre 2018","format":false,"excerpt":"\u00a0 \u00a0 \u00a0 \u00a0 \u00a0 \u00a0 \u00a0 \u00a0 \u00a0 \u00a0 \u00a0 Depuis 1946, aucune grande exposition n'a mis en p\u00e9ril les arts de Madagascar.Les publications sur le sujet sont souvent,. L'exposition au mus\u00e9e du \u00a0 \u00a0 \u00a0 \u00a0 \u00a0 \u00a0 \u00a0 \u00a0 \u00a0 quai Branly - Jacques Chirac pr\u00e9sente l'art\u2026","rel":"","context":"Dans &quot;Cultures du Monde&quot;","block_context":{"text":"Cultures du Monde","link":"http:\/\/www.letourismeaparis.fr\/index.php\/category\/culture\/musees-expositions\/cultures-du-monde\/"},"img":{"alt_text":"","src":"","width":0,"height":0},"classes":[]},{"id":7998,"url":"http:\/\/www.letourismeaparis.fr\/index.php\/2010\/08\/31\/fleuve-congo-arts-dafrique-centrale-au-musee-du-quai-branly\/","url_meta":{"origin":11599,"position":5},"title":"Fleuve Congo &#8211; Arts d\u2019Afrique Centrale au mus\u00e9e du Quai Branly","author":"Fabienne TM","date":"31 ao\u00fbt 2010","format":false,"excerpt":"jusqu'au 3 octobre Le mus\u00e9e\u00a0 pr\u00e9sente\u00a0 \u00e0 travers 170 oeuvres majeures et 80 documents, une\u00a0 exposition consacr\u00e9e aux traditions artistiques d\u2019Afrique Centrale, \u00e0 savoir le Gabon, la R\u00e9publique populaire du Congo et la R\u00e9publique d\u00e9mocratique du Congo. un voyage\u00a0 menant le visiteur des for\u00eats du Nord aux savanes du Sud,\u2026","rel":"","context":"Dans &quot;Non class\u00e9&quot;","block_context":{"text":"Non class\u00e9","link":"http:\/\/www.letourismeaparis.fr\/index.php\/category\/non-classe\/"},"img":{"alt_text":"","src":"","width":0,"height":0},"classes":[]}],"jetpack_sharing_enabled":true,"jetpack_likes_enabled":true,"_links":{"self":[{"href":"http:\/\/www.letourismeaparis.fr\/index.php\/wp-json\/wp\/v2\/posts\/11599","targetHints":{"allow":["GET"]}}],"collection":[{"href":"http:\/\/www.letourismeaparis.fr\/index.php\/wp-json\/wp\/v2\/posts"}],"about":[{"href":"http:\/\/www.letourismeaparis.fr\/index.php\/wp-json\/wp\/v2\/types\/post"}],"author":[{"embeddable":true,"href":"http:\/\/www.letourismeaparis.fr\/index.php\/wp-json\/wp\/v2\/users\/2"}],"replies":[{"embeddable":true,"href":"http:\/\/www.letourismeaparis.fr\/index.php\/wp-json\/wp\/v2\/comments?post=11599"}],"version-history":[{"count":0,"href":"http:\/\/www.letourismeaparis.fr\/index.php\/wp-json\/wp\/v2\/posts\/11599\/revisions"}],"wp:attachment":[{"href":"http:\/\/www.letourismeaparis.fr\/index.php\/wp-json\/wp\/v2\/media?parent=11599"}],"wp:term":[{"taxonomy":"category","embeddable":true,"href":"http:\/\/www.letourismeaparis.fr\/index.php\/wp-json\/wp\/v2\/categories?post=11599"},{"taxonomy":"post_tag","embeddable":true,"href":"http:\/\/www.letourismeaparis.fr\/index.php\/wp-json\/wp\/v2\/tags?post=11599"}],"curies":[{"name":"wp","href":"https:\/\/api.w.org\/{rel}","templated":true}]}}