{"id":11602,"date":"2012-03-27T19:13:33","date_gmt":"2012-03-27T18:13:33","guid":{"rendered":"http:\/\/www.letourismeaparis.fr\/?p=11602"},"modified":"2012-03-27T19:13:33","modified_gmt":"2012-03-27T18:13:33","slug":"la-semaine-du-dessin-du-28-mars-au-2-avril-2012","status":"publish","type":"post","link":"http:\/\/www.letourismeaparis.fr\/index.php\/2012\/03\/27\/la-semaine-du-dessin-du-28-mars-au-2-avril-2012\/","title":{"rendered":"La semaine du dessin  du 28 mars au 2 avril 2012,"},"content":{"rendered":"<p><strong> <\/strong><br \/>\nChaque mus\u00e9e participant \u00e0 l\u2019\u00e9v\u00e9nement organise une exposition et\/ou des visites priv\u00e9es de ses collections.<br \/>\nCes visites priv\u00e9es sont gratuites .<br \/>\nil est obligatoire de s\u2019inscrire\u00a0 par t\u00e9l\u00e9phone, au 01 45 22 61 05 ou bien info@salondudessin.com, <a href=\"http:\/\/www.letourismeaparis.fr\/wp-content\/uploads\/2012\/03\/semaine-du-dessin.jpg\"><img loading=\"lazy\" decoding=\"async\" class=\"aligncenter size-full wp-image-11603\" title=\"semaine du dessin\" src=\"http:\/\/www.letourismeaparis.fr\/wp-content\/uploads\/2012\/03\/semaine-du-dessin.jpg\" alt=\"\" width=\"150\" height=\"150\" \/><\/a><!--more--><br \/>\nMus\u00e9es participant \u00e0 l\u2019\u00e9dition 2012 de la Semaine du Dessin<br \/>\nBiblioth\u00e8que Nationale de France<br \/>\nDessins \u00e0 graver au XVIIe si\u00e8cle<br \/>\nsamedi 31 mars 2012<br \/>\n5, rue Vivienne, Paris 2e<br \/>\n&#8211; Visites priv\u00e9es pour 15 personnes le samedi 31 mars 2012 \u00e0 10h00 et 11h15<br \/>\nMus\u00e9e Cognacq-Jay<br \/>\nBo\u00eetes en or et objets de vertu<br \/>\nDu 21 d\u00e9cembre 2011 au 6 mai 2012<br \/>\n8, rue Elz\u00e9vir, Paris 3e<br \/>\nCollection priv\u00e9e Emile Herm\u00e8s<br \/>\nLe cabinet d\u2019art graphique de la Collection Emile Herm\u00e8s<br \/>\n24, rue du Faubourg Saint Honor\u00e9, Paris 8e<br \/>\n&#8211; Visites priv\u00e9es pour 10 personnes le lundi 26 mars \u00e0 16h00 ou le mercredi 28 mars \u00e0 16h00<br \/>\nMus\u00e9e Jean Moulin<br \/>\nPr\u00e9sentation des oeuvres de Jean Moulin<br \/>\nEaux fortes illustrant les po\u00e8mes de Tristan Corbi\u00e8re, Armor<br \/>\n23, all\u00e9e de la 2e DB, Jardin Atlantique, Paris 15e<br \/>\n&#8211; Visite priv\u00e9e pour 20 personnes le vendredi 30 mars \u00e0 10h00<br \/>\nMus\u00e9e Nissim de Camondo<br \/>\nDessins d\u2019orf\u00e9vrerie de l\u2019atelier Robert-Joseph Auguste (1723-1805)<br \/>\n16 novembre 2011 &#8211; 1er avril 2012<br \/>\n63, rue de Monceau, Paris 8e<br \/>\nMus\u00e9e Rodin<br \/>\nRodin, La saisie du mod\u00e8le, 300 dessins<br \/>\n79, rue de Varenne, Paris 7e<br \/>\n&#8211; Visite priv\u00e9e de l\u2019exposition pour 20 personnes le lundi 26 mars 2012 \u00e0 10h30<br \/>\nEcole Nationale Sup\u00e9rieure des Beaux-Arts<br \/>\nRembrandt et son entourage, dessins conserv\u00e9s \u00e0 l\u2019Ecole des Beaux-Arts<br \/>\n14, rue Bonaparte, Paris 6e<br \/>\n&#8211; Visite priv\u00e9e pour 25 personnes le mercredi 28 mars \u00e0 10h30<br \/>\nMus\u00e9e Jacquemart-Andr\u00e9<br \/>\nDessins de la collection Chennevi\u00e8res<br \/>\n158, bld Haussmann, Paris 8e<br \/>\n&#8211; Visite priv\u00e9e pour 15 personnes le mercredi 28 mars 2012 \u00e0 15h00<br \/>\nMus\u00e9e du Louvre<br \/>\nUn oeil sur l\u2019histoire. Dessins de Paul Delaroche<br \/>\nL\u2019ultime chef-d\u2019oeuvre de L\u00e9onard de Vinci, la Sainte Anne<br \/>\nPalais du Louvre, Paris 1er<br \/>\n&#8211; Visite priv\u00e9e pour 15 personnes le vendredi 30 mars \u00e0 19h30<br \/>\nMus\u00e9e des Arts D\u00e9coratifs<br \/>\nPhysionotraces : galerie de portraits, de la R\u00e9volution \u00e0 l\u2019Empire<br \/>\n107, rue de Rivoli, Paris 1er<br \/>\n&#8211; Visite priv\u00e9e pour 20 personnes le mercredi 28 mars 2012 \u00e0 11h00<br \/>\nMus\u00e9e d\u2019Orsay<br \/>\nDegas et le nu<br \/>\nDu 12 mars au 1er juillet 2012<br \/>\n62, rue de Lille, Paris 7e<br \/>\n&#8211; Laissez-passer pour 40 personnes pour une visite du mus\u00e9e et de l\u2019exposition en cours<br \/>\nMaison de Victor Hugo<br \/>\nLes Arcs-en-ciel du noir<br \/>\nLa maison de Victor Hugo invite Annie Le Brun<br \/>\nDu 15 mars au 19 ao\u00fbt 2012<br \/>\n6, place des Vosges, Paris 4e<br \/>\n&#8211; Visite priv\u00e9e de l\u2019exposition pour 20 personnes le lundi 2 avril 2012 \u00e0 15h00<br \/>\nMus\u00e9e national d\u2019Art moderne &#8211; Centre Pompidou<br \/>\nLe fonds Raoul Dufy<br \/>\n19 rue Beaubourg, Paris 4e<br \/>\n&#8211; Visite priv\u00e9e de l\u2019exposition pour 12 \u00e0 15 personnes le mardi 27 mars 2012 \u00e0 10h30<br \/>\nMus\u00e9e de la Vie romantique<br \/>\nTh\u00e9\u00e2tres romantiques \u00e0 Paris. Collection du mus\u00e9e Carnavalet<br \/>\nDu 13 mars au 15 juillet 2012<br \/>\n16 rue Chaptal, Paris 9e<br \/>\n&#8211; Laissez-passer pour 30 personnes pour une visite du mus\u00e9e et de l\u2019exposition en cours sous forme de liste de noms \u00e0 l\u2019entr\u00e9e du mus\u00e9e<br \/>\nPetit Palais, Mus\u00e9e des Beaux-Arts de la Ville de Paris<br \/>\nZiem : \u00ab\u00a0J\u2019ai r\u00eav\u00e9 le beau\u00a0\u00bb. Peintures et aquarelles du Petit Palais<br \/>\nA partir du 26 avril 2012<br \/>\nAvenue Winston Churchill, Paris 8e<br \/>\n&#8211; Pr\u00e9sentation des aquarelles en avant-premi\u00e8re le mercredi 28 mars 2012 \u00e0 15h00 et le jeudi 29 mars 2012 \u00e0 15h00<br \/>\nDrawing Now Paris &#8211; Le Salon du dessin contemporain (du 29\/03 au 1\/04\/12)<br \/>\nAu Carrousel du Louvre<br \/>\nde 11 \u00e0 20h, et le dimanche 1er avril 2012, de 11 \u00e0 19h.<br \/>\nla premi\u00e8re foire europ\u00e9enne d\u2019art contemporain exclusivement d\u00e9di\u00e9e au dessin contemporain.<br \/>\nle salon rassemble 82 galeries europ\u00e9ennes, qui ont \u00e9t\u00e9 s\u00e9lectionn\u00e9es  par un comit\u00e9 ind\u00e9pendant de personnalit\u00e9s du monde de l\u2019art.<br \/>\nCarrousel du Louvre 99, rue de Rivoli 75001 Paris 01 45 38 51<br \/>\nS\u00e8vres \u2013 Cit\u00e9 de la C\u00e9ramique<br \/>\nEsquisses et \u00e9tudes de Fran\u00e7ois Desportes<br \/>\nDu 26 mars au 31 mai 2012<br \/>\n2, place de la Manufacture,<br \/>\nS\u00e8vres<br \/>\n&#8211; Visite priv\u00e9e pour 30 personnes le vendredi 30 mars \u00e0 15h30<br \/>\nMus\u00e9e de l\u2019Ile de France, Sceaux<br \/>\nIngres, visages et figures, dessins du mus\u00e9e Ingres de Mautauban<br \/>\nDu 23 mars au 24 juin 2012<br \/>\nDomaine de Sceaux,<br \/>\nSceaux<br \/>\n&#8211; Visite priv\u00e9e pour 30 personnes le vendredi 30 mars 2012 \u00e0 14h00<br \/>\nMus\u00e9e des Ann\u00e9es Trente<br \/>\nRapha\u00ebl Drouart (1884-1972)<br \/>\nDessinateur-graveur des ann\u00e9es trente<br \/>\nEspace Landowski, 28 avenue Andr\u00e9-Morizet<br \/>\nBoulogne-Billancourt<br \/>\n&#8211; Visite priv\u00e9e pour 60 personnes le jeudi 29 mars 2012 \u00e0 15h00.<\/p>\n","protected":false},"excerpt":{"rendered":"<p>Chaque mus\u00e9e participant \u00e0 l\u2019\u00e9v\u00e9nement organise une exposition et\/ou des visites priv\u00e9es de ses collections. Ces visites priv\u00e9es sont gratuites . il est obligatoire de s\u2019inscrire\u00a0 par t\u00e9l\u00e9phone, au 01 45 22 61 05 ou bien info@salondudessin.com,<\/p>\n","protected":false},"author":2,"featured_media":0,"comment_status":"open","ping_status":"open","sticky":false,"template":"","format":"standard","meta":{"ngg_post_thumbnail":0,"jetpack_post_was_ever_published":false,"_jetpack_newsletter_access":"","footnotes":""},"categories":[1],"tags":[],"class_list":["post-11602","post","type-post","status-publish","format-standard","hentry","category-non-classe"],"jetpack_featured_media_url":"","jetpack-related-posts":[{"id":15871,"url":"http:\/\/www.letourismeaparis.fr\/index.php\/2014\/11\/11\/voila-les-delton-au-musee-de-la-chasse-et-de-la-nature\/","url_meta":{"origin":11602,"position":0},"title":"&quot;Voil\u00e0 les Delton&quot; au mus\u00e9e de la chasse et de la nature","author":"Fabienne TM","date":"11 novembre 2014","format":false,"excerpt":"\"Voil\u00e0 les Delton\u00a0\u00ab \u00a0: Premi\u00e8re exposition consacr\u00e9e au studio photographique Jean Delton, elle pr\u00e9sentera une\u00a0\u00a0centaine d\u2019oeuvres \u00e9voquant en images ce monde d\u00e9peint par Marcel Proust : princes des familles r\u00e9gnantes ou\u00a0d\u00e9tr\u00f4n\u00e9es (Napol\u00e9on III, Eug\u00e9nie, le prince Imp\u00e9rial, le duc de Chartres,\u00a0Edouard VII d\u2019Angleterre, le tsar Nicolas II, le roi de\u2026","rel":"","context":"Dans &quot;Non class\u00e9&quot;","block_context":{"text":"Non class\u00e9","link":"http:\/\/www.letourismeaparis.fr\/index.php\/category\/non-classe\/"},"img":{"alt_text":"","src":"","width":0,"height":0},"classes":[]},{"id":2593,"url":"http:\/\/www.letourismeaparis.fr\/index.php\/2009\/04\/11\/dessins-de-toulouse-lautrec-chez-maxims-au-musee-de-lart-nouveau\/","url_meta":{"origin":11602,"position":1},"title":"Dessins de Toulouse -Lautrec chez Maxim&#039;s au mus\u00e9e de l&#039;art nouveau","author":"Fabienne TM","date":"11 avril 2009","format":false,"excerpt":"prolong\u00e9e jusqu'au 31 mai \"Un\u00a0 ensemble complet d' \u0153uvres, provenant d\u2019une collection priv\u00e9e, et pour la premi\u00e8re fois, depuis plus de cent ans, r\u00e9uni \u00e0 Paris, \"En 1899, Toulouse-Lautrec r\u00e9alise de m\u00e9moire 39 dessins d\u2019apr\u00e8s ses souvenirs du cirque Medrano, boulevard Rochechouart \u00e0 Paris. Il souhaite prouver qu\u2019il n\u2019est pas\u2026","rel":"","context":"Dans &quot;Non class\u00e9&quot;","block_context":{"text":"Non class\u00e9","link":"http:\/\/www.letourismeaparis.fr\/index.php\/category\/non-classe\/"},"img":{"alt_text":"","src":"","width":0,"height":0},"classes":[]},{"id":24725,"url":"http:\/\/www.letourismeaparis.fr\/index.php\/2022\/05\/22\/camees-intailles-et-bagues-de-la-collection-guy-ladriere\/","url_meta":{"origin":11602,"position":2},"title":"Cam\u00e9es, intailles et bagues de la collection Guy Ladri\u00e8re","author":"Fabienne TM","date":"22 mai 2022","format":false,"excerpt":"Cam\u00e9es, intailles et bagues de la collection Guy Ladri\u00e8re Du 12 mai au 1er octobre 2022, L\u2019\u00c9cole des Arts Joailliers pr\u00e9sentera une exposition racontant l\u2019histoire de l\u2019art des pierres grav\u00e9es de l\u2019Antiquit\u00e9 au XIXe si\u00e8cle. Issus d\u2019une exceptionnelle collection priv\u00e9e, intailles grecques et n\u00e9oclassiques, cam\u00e9es antiques et m\u00e9di\u00e9vaux, petites sculptures\u2026","rel":"","context":"Dans &quot;Mus\u00e9es \/ Expositions&quot;","block_context":{"text":"Mus\u00e9es \/ Expositions","link":"http:\/\/www.letourismeaparis.fr\/index.php\/category\/culture\/musees-expositions\/"},"img":{"alt_text":"","src":"https:\/\/i0.wp.com\/img.youtube.com\/vi\/FJXppFQiCkA\/0.jpg?resize=350%2C200","width":350,"height":200},"classes":[]},{"id":18725,"url":"http:\/\/www.letourismeaparis.fr\/index.php\/2016\/10\/29\/le-musee-de-montmartre-la-maison-du-bel-air-a-voir-absolument\/","url_meta":{"origin":11602,"position":3},"title":"Le Mus\u00e9e de Montmartre , La Maison du Bel Air : A voir absolument !","author":"Fabienne TM","date":"29 octobre 2016","format":false,"excerpt":"\u00a0 Certainement le mus\u00e9e le plus charmant de Paris ! Il a \u00e9t\u00e9 cr\u00e9\u00e9 en 1960 dans la b\u00e2tisse la plus ancienne de la Butte, construite du XVIIe si\u00e8cle : la Maison du Bel Air. Lieu de rencontres et de r\u00e9sidence, le 12 rue Cortot attira de nombreux artistes. Auguste\u2026","rel":"","context":"Dans &quot;Non class\u00e9&quot;","block_context":{"text":"Non class\u00e9","link":"http:\/\/www.letourismeaparis.fr\/index.php\/category\/non-classe\/"},"img":{"alt_text":"","src":"","width":0,"height":0},"classes":[]},{"id":11399,"url":"http:\/\/www.letourismeaparis.fr\/index.php\/2012\/01\/20\/nouvel-an-chinois-fete-au-musee-cernuschi-les-21-et-22-janvier\/","url_meta":{"origin":11602,"position":4},"title":"Nouvel an chinois  , f\u00eat\u00e9 au mus\u00e9e Cernuschi les 21 et 22 janvier","author":"Fabienne TM","date":"20 janvier 2012","format":false,"excerpt":"Le nouvel an chinois, qui commence le 23 janvier 2012, est la f\u00eate la plus importante pour toutes les communaut\u00e9s chinoises dans le monde.A chaque ann\u00e9e correspond un animal du zodiaque chinois : 2012 est l\u2019ann\u00e9e du dragon d'eau, l'animal le plus v\u00e9n\u00e9r\u00e9 de la mythologie chinoise. Conf\u00e9rences th\u00e9matiques pour\u2026","rel":"","context":"Dans &quot;Non class\u00e9&quot;","block_context":{"text":"Non class\u00e9","link":"http:\/\/www.letourismeaparis.fr\/index.php\/category\/non-classe\/"},"img":{"alt_text":"","src":"","width":0,"height":0},"classes":[]},{"id":11218,"url":"http:\/\/www.letourismeaparis.fr\/index.php\/2011\/01\/02\/paul-klee-polyphonies-jusquau-15-janvier-2012-a-la-cite-de-la-musique\/","url_meta":{"origin":11602,"position":5},"title":"Paul Klee Polyphonies  jusqu&#039;au 15 janvier 2012 \u00e0 la cit\u00e9 de la musique","author":"Fabienne TM","date":"2 janvier 2011","format":false,"excerpt":"le Mus\u00e9e de la musique pr\u00e9sente sa premi\u00e8re exposition monographique consacr\u00e9e \u00e0 l'oeuvre d'un peintre. Paul Klee (1879 - 1940) se distingue par sa pratique suivie de la musique, tant comme violoniste de niveau professionnel que comme auditeur enclin \u00e0 partager son appr\u00e9ciation intime du langage musical. Partie prenante de\u2026","rel":"","context":"Dans &quot;Non class\u00e9&quot;","block_context":{"text":"Non class\u00e9","link":"http:\/\/www.letourismeaparis.fr\/index.php\/category\/non-classe\/"},"img":{"alt_text":"","src":"https:\/\/i0.wp.com\/www.letourismeaparis.fr\/wp-content\/uploads\/2011\/11\/paul-klee-300x204.jpg?resize=350%2C200","width":350,"height":200},"classes":[]}],"jetpack_sharing_enabled":true,"jetpack_likes_enabled":true,"_links":{"self":[{"href":"http:\/\/www.letourismeaparis.fr\/index.php\/wp-json\/wp\/v2\/posts\/11602","targetHints":{"allow":["GET"]}}],"collection":[{"href":"http:\/\/www.letourismeaparis.fr\/index.php\/wp-json\/wp\/v2\/posts"}],"about":[{"href":"http:\/\/www.letourismeaparis.fr\/index.php\/wp-json\/wp\/v2\/types\/post"}],"author":[{"embeddable":true,"href":"http:\/\/www.letourismeaparis.fr\/index.php\/wp-json\/wp\/v2\/users\/2"}],"replies":[{"embeddable":true,"href":"http:\/\/www.letourismeaparis.fr\/index.php\/wp-json\/wp\/v2\/comments?post=11602"}],"version-history":[{"count":0,"href":"http:\/\/www.letourismeaparis.fr\/index.php\/wp-json\/wp\/v2\/posts\/11602\/revisions"}],"wp:attachment":[{"href":"http:\/\/www.letourismeaparis.fr\/index.php\/wp-json\/wp\/v2\/media?parent=11602"}],"wp:term":[{"taxonomy":"category","embeddable":true,"href":"http:\/\/www.letourismeaparis.fr\/index.php\/wp-json\/wp\/v2\/categories?post=11602"},{"taxonomy":"post_tag","embeddable":true,"href":"http:\/\/www.letourismeaparis.fr\/index.php\/wp-json\/wp\/v2\/tags?post=11602"}],"curies":[{"name":"wp","href":"https:\/\/api.w.org\/{rel}","templated":true}]}}