{"id":11611,"date":"2012-03-31T18:26:51","date_gmt":"2012-03-31T17:26:51","guid":{"rendered":"http:\/\/www.letourismeaparis.fr\/?p=11611"},"modified":"2012-03-31T18:26:51","modified_gmt":"2012-03-31T17:26:51","slug":"les-journees-europeennes-des-metiers-dart-2012","status":"publish","type":"post","link":"http:\/\/www.letourismeaparis.fr\/index.php\/2012\/03\/31\/les-journees-europeennes-des-metiers-dart-2012\/","title":{"rendered":"Les journ\u00e9es europ\u00e9ennes des m\u00e9tiers d&#039;art 2012"},"content":{"rendered":"<p>Pendant 3 jours, d\u00e9couvrez les talents des m\u00e9tiers d\u2019art !<br \/>\nEntrez dans les coulisses des ateliers, d\u00e9couvrez les savoir-faire,<a href=\"http:\/\/www.letourismeaparis.fr\/wp-content\/uploads\/2012\/03\/art-journ\u00e9es.jpg\"><img loading=\"lazy\" decoding=\"async\" class=\"aligncenter size-thumbnail wp-image-11612\" title=\"art journ\u00e9es\" src=\"http:\/\/www.letourismeaparis.fr\/wp-content\/uploads\/2012\/03\/art-journ\u00e9es-150x150.jpg\" alt=\"\" width=\"150\" height=\"150\" \/><\/a><br \/>\nPortes ouvertes, d\u00e9monstrations de savoir-faire, expositions, rencontres, Leurs univers sont \u00e0 port\u00e9e de main..<!--more--><br \/>\n<a href=\"http:\/\/www.journeesdesmetiersdart.com\/\">http:\/\/www.journeesdesmetiersdart.com\/<\/a><\/p>\n","protected":false},"excerpt":{"rendered":"<p>Pendant 3 jours, d\u00e9couvrez les talents des m\u00e9tiers d\u2019art ! Entrez dans les coulisses des ateliers, d\u00e9couvrez les savoir-faire, Portes ouvertes, d\u00e9monstrations de savoir-faire, expositions, rencontres, Leurs univers sont \u00e0 port\u00e9e de main..<\/p>\n","protected":false},"author":2,"featured_media":0,"comment_status":"open","ping_status":"open","sticky":false,"template":"","format":"standard","meta":{"ngg_post_thumbnail":0,"jetpack_post_was_ever_published":false,"_jetpack_newsletter_access":"","footnotes":""},"categories":[1],"tags":[],"class_list":["post-11611","post","type-post","status-publish","format-standard","hentry","category-non-classe"],"jetpack_featured_media_url":"","jetpack-related-posts":[{"id":20903,"url":"http:\/\/www.letourismeaparis.fr\/index.php\/2018\/03\/30\/les-journees-des-metiers-dart-du-3-au-8-avril\/","url_meta":{"origin":11611,"position":0},"title":"les journ\u00e9es des m\u00e9tiers d&#039;art du 3 au 8 avril","author":"Fabienne TM","date":"30 mars 2018","format":false,"excerpt":"Un temps fort d\u00e9di\u00e9 aux manifestations, aux portes ouvertes d'ateliers et centres de formation Participez au grand rendez-vous populaire consacr\u00e9 aux ouvertures d\u2019ateliers, centres de formations, lieux culturels, et aux expositions, manifestations, conf\u00e9rences, etc. 3 jours d\u00e9di\u00e9s \u00e0 la d\u00e9couverte, \u00e0 la rencontre, au partage avec des professionnels de passion,\u2026","rel":"","context":"Dans &quot;Actualit\u00e9s&quot;","block_context":{"text":"Actualit\u00e9s","link":"http:\/\/www.letourismeaparis.fr\/index.php\/category\/actualite\/"},"img":{"alt_text":"","src":"","width":0,"height":0},"classes":[]},{"id":24374,"url":"http:\/\/www.letourismeaparis.fr\/index.php\/2021\/09\/30\/les-journees-de-lartisanat-a-belleville-vont-se-derouler-les-9-et-10-octobre\/","url_meta":{"origin":11611,"position":1},"title":"Les Journ\u00e9es de l&rsquo;artisanat \u00e0 Belleville vont se d\u00e9rouler les 9 et 10 octobre","author":"Fabienne TM","date":"30 septembre 2021","format":false,"excerpt":"60 artisans et 30 lieux qui ouvrent leurs portes \u00e0 cette occasion\u00a0!Portes ouvertes\u00a0 et\u00a0des d\u00e9monstrations de savoir-faire sont programm\u00e9es dans plusieurs ateliers. Parfois \u00e0 l'origine de vocations, elles sont l'occasion de d\u00e9couvrir des m\u00e9tiers qui peuvent \u00eatre m\u00e9connus. Dans l'atelier de C\u00e9ramique ATELIER MAEN, une initiation au tournage samedi et\u2026","rel":"","context":"Dans &quot;Non class\u00e9&quot;","block_context":{"text":"Non class\u00e9","link":"http:\/\/www.letourismeaparis.fr\/index.php\/category\/non-classe\/"},"img":{"alt_text":"","src":"","width":0,"height":0},"classes":[]},{"id":26373,"url":"http:\/\/www.letourismeaparis.fr\/index.php\/2025\/09\/22\/les-artisans-dexcellence-au-palais-de-la-porte-doree\/","url_meta":{"origin":11611,"position":2},"title":"Artisans d\u2019Excellence 2025 : m\u00e9tiers d\u2019art fran\u00e7ais au Palais de la Porte Dor\u00e9e \u00e0 Paris","author":"Fabienne TM","date":"22 septembre 2025","format":false,"excerpt":"Plongez dans l\u2019univers des m\u00e9tiers d\u2019art fran\u00e7ais avec l\u2019\u00e9v\u00e9nement Artisans d\u2019Excellence 2025, organis\u00e9 au prestigieux Palais de la Porte Dor\u00e9e \u00e0 Paris (12e arrondissement). Pendant trois jours, d\u00e9couvrez une s\u00e9lection unique d\u2019artisans ind\u00e9pendants qui incarnent l\u2019excellence et le savoir-faire fran\u00e7ais, dans une sc\u00e9nographie exceptionnelle. Programme & Horaires (H2) \ud83d\udccd Lieu\u2026","rel":"","context":"Dans &quot;Artisanat&quot;","block_context":{"text":"Artisanat","link":"http:\/\/www.letourismeaparis.fr\/index.php\/category\/culture\/musees-expositions\/artisanat\/"},"img":{"alt_text":"","src":"","width":0,"height":0},"classes":[]},{"id":16471,"url":"http:\/\/www.letourismeaparis.fr\/index.php\/2015\/04\/04\/selection-pour-les-journees-des-metiers-dart-en-ile-de-france\/","url_meta":{"origin":11611,"position":3},"title":"S\u00e9lection pour les journ\u00e9es des m\u00e9tiers d&#039;art en \u00cele de France","author":"Fabienne TM","date":"4 avril 2015","format":false,"excerpt":"ATELIERS-D\u00c9COUVERTE MOSA\u00cfQUE \u00c0 L\u2019H\u00d4TEL AIGLON Pour la premi\u00e8re fois, l\u2019H\u00f4tel Aiglon ouvre ses portes au grand public pour lui faire d\u00e9couvrir ses mosa\u00efques uniques, r\u00e9alis\u00e9es par Mathilde Jonqui\u00e8re, mosa\u00efste au talent incontest\u00e9, auteur notamment de la mosa\u00efque du Bon March\u00e9. Lors d\u2019ateliers \u00e0 destination du jeune public, elle partagera sa\u2026","rel":"","context":"Dans &quot;Non class\u00e9&quot;","block_context":{"text":"Non class\u00e9","link":"http:\/\/www.letourismeaparis.fr\/index.php\/category\/non-classe\/"},"img":{"alt_text":"","src":"","width":0,"height":0},"classes":[]},{"id":23093,"url":"http:\/\/www.letourismeaparis.fr\/index.php\/2019\/05\/09\/revelations-au-grand-palais\/","url_meta":{"origin":11611,"position":4},"title":"R\u00e9v\u00e9lations au Grand Palais","author":"Fabienne TM","date":"9 mai 2019","format":false,"excerpt":"l'art africain \u00e0 l'honneur \u00e0 l'occasion de la Biennale internationale m\u00e9tiers d\u2019Arts et Cr\u00e9ation 23 au 26 MAI 2019 \u2013 Paris, Le Grand Palais OUEMBE GILBERT la Biennale internationale m\u00e9tiers d\u2019Arts et Cr\u00e9ation, rassemble plus 12 000 professionnels du secteur (artistes, collectionneurs, architectes, d\u00e9corateurs, galeristes,fabricants de produits de luxe, m\u00e9dias.\u2026","rel":"","context":"Dans &quot;Non class\u00e9&quot;","block_context":{"text":"Non class\u00e9","link":"http:\/\/www.letourismeaparis.fr\/index.php\/category\/non-classe\/"},"img":{"alt_text":"","src":"","width":0,"height":0},"classes":[]},{"id":9945,"url":"http:\/\/www.letourismeaparis.fr\/index.php\/2011\/04\/01\/les-journees-des-metiers-dart-2\/","url_meta":{"origin":11611,"position":5},"title":"les Journ\u00e9es des m\u00e9tiers d&#039;Art","author":"Fabienne TM","date":"1 avril 2011","format":false,"excerpt":"Les 1er, 2 et 3 avril 2011, les Journ\u00e9es des M\u00e9tiers d'Art font d\u00e9couvrir au grand public des hommes et des femmes de passion. Au programme : portes ouvertes dans les ateliers et les \u00e9tablissements de formation, expositions de prestige, circuits d\u00e9couverte, conf\u00e9rences... http:\/\/www.journeesdesmetiersdart.com","rel":"","context":"Dans &quot;Non class\u00e9&quot;","block_context":{"text":"Non class\u00e9","link":"http:\/\/www.letourismeaparis.fr\/index.php\/category\/non-classe\/"},"img":{"alt_text":"","src":"","width":0,"height":0},"classes":[]}],"jetpack_sharing_enabled":true,"jetpack_likes_enabled":true,"_links":{"self":[{"href":"http:\/\/www.letourismeaparis.fr\/index.php\/wp-json\/wp\/v2\/posts\/11611","targetHints":{"allow":["GET"]}}],"collection":[{"href":"http:\/\/www.letourismeaparis.fr\/index.php\/wp-json\/wp\/v2\/posts"}],"about":[{"href":"http:\/\/www.letourismeaparis.fr\/index.php\/wp-json\/wp\/v2\/types\/post"}],"author":[{"embeddable":true,"href":"http:\/\/www.letourismeaparis.fr\/index.php\/wp-json\/wp\/v2\/users\/2"}],"replies":[{"embeddable":true,"href":"http:\/\/www.letourismeaparis.fr\/index.php\/wp-json\/wp\/v2\/comments?post=11611"}],"version-history":[{"count":0,"href":"http:\/\/www.letourismeaparis.fr\/index.php\/wp-json\/wp\/v2\/posts\/11611\/revisions"}],"wp:attachment":[{"href":"http:\/\/www.letourismeaparis.fr\/index.php\/wp-json\/wp\/v2\/media?parent=11611"}],"wp:term":[{"taxonomy":"category","embeddable":true,"href":"http:\/\/www.letourismeaparis.fr\/index.php\/wp-json\/wp\/v2\/categories?post=11611"},{"taxonomy":"post_tag","embeddable":true,"href":"http:\/\/www.letourismeaparis.fr\/index.php\/wp-json\/wp\/v2\/tags?post=11611"}],"curies":[{"name":"wp","href":"https:\/\/api.w.org\/{rel}","templated":true}]}}