{"id":11617,"date":"2012-04-05T10:35:24","date_gmt":"2012-04-05T09:35:24","guid":{"rendered":"http:\/\/www.letourismeaparis.fr\/?p=11617"},"modified":"2012-04-05T10:35:24","modified_gmt":"2012-04-05T09:35:24","slug":"les-rendez-vous-metiers-au-museum-national-dhistoire-naturelle-ethnologue-dimanche-15-avril-a-15h","status":"publish","type":"post","link":"http:\/\/www.letourismeaparis.fr\/index.php\/2012\/04\/05\/les-rendez-vous-metiers-au-museum-national-dhistoire-naturelle-ethnologue-dimanche-15-avril-a-15h\/","title":{"rendered":"LES RENDEZ-VOUS M\u00c9TIERS au Mus\u00e9um national d&#039;Histoire naturelle : ETHNOLOGUE, dimanche 15 AVRIL \u00e0 15h"},"content":{"rendered":"<p>Tous les derniers dimanches du mois, le Mus\u00e9um national d&rsquo;Histoire naturelle invite le public \u00e0 d\u00e9couvrir l&rsquo;un des m\u00e9tiers qui compose l\u2019Institution. Parents, enfants, \u00e9tudiants, enseignants, simples curieux, tous sont invit\u00e9s \u00e0 \u00e9couter, d\u00e9couvrir et \u00e9changer sur un m\u00e9tier.<br \/>\nDimanche 15 avril 2012 \u00e0 15h,\u00a0 Tatiana Fougal pr\u00e9sentera son m\u00e9tier : Ethnologue<!--more--><br \/>\nEntr\u00e9e libre et gratuite dans la limite des places disponibles (120 places).<br \/>\nAccueil du public 15 minutes avant le d\u00e9but de la conf\u00e9rence<br \/>\nAuditorium de la Grande Galerie de l\u2019Evolution<br \/>\n36, rue Geoffroy Saint-Hilaire \u2013 Paris 5e<\/p>\n","protected":false},"excerpt":{"rendered":"<p>Tous les derniers dimanches du mois, le Mus\u00e9um national d&rsquo;Histoire naturelle invite le public \u00e0 d\u00e9couvrir l&rsquo;un des m\u00e9tiers qui compose l\u2019Institution. Parents, enfants, \u00e9tudiants, enseignants, simples curieux, tous sont invit\u00e9s \u00e0 \u00e9couter, d\u00e9couvrir et \u00e9changer sur un m\u00e9tier. Dimanche&#8230;<\/p>\n","protected":false},"author":2,"featured_media":0,"comment_status":"open","ping_status":"open","sticky":false,"template":"","format":"standard","meta":{"ngg_post_thumbnail":0,"jetpack_post_was_ever_published":false,"_jetpack_newsletter_access":"","footnotes":""},"categories":[1],"tags":[],"class_list":["post-11617","post","type-post","status-publish","format-standard","hentry","category-non-classe"],"jetpack_featured_media_url":"","jetpack-related-posts":[{"id":24905,"url":"http:\/\/www.letourismeaparis.fr\/index.php\/2022\/10\/09\/la-fete-de-la-science-2022-au-jardin-des-plantes\/","url_meta":{"origin":11617,"position":0},"title":"La f\u00eate de la Science 2022 au Jardin des Plantes","author":"Fabienne TM","date":"9 octobre 2022","format":false,"excerpt":"Les chercheurs du Mus\u00e9um vont \u00e0 la rencontre du public. Ateliers, visites, d\u00e9monstrations, conf\u00e9rences, films, la science se met \u00e0 la port\u00e9e de tous ! Les chercheurs du Mus\u00e9um national d\u2019Histoire naturelle ouvrent les portes de leur laboratoire pour la F\u00eate de la Science ! C\u2019est une occasion unique dans\u2026","rel":"","context":"Dans &quot;Familles&quot;","block_context":{"text":"Familles","link":"http:\/\/www.letourismeaparis.fr\/index.php\/category\/familles\/"},"img":{"alt_text":"","src":"https:\/\/i0.wp.com\/www.letourismeaparis.fr\/wp-content\/uploads\/2022\/10\/Capture-de%CC%81cran-2022-10-09-a%CC%80-12.19.42.png?resize=350%2C200","width":350,"height":200},"classes":[]},{"id":17253,"url":"http:\/\/www.letourismeaparis.fr\/index.php\/2015\/12\/02\/sur-la-piste-des-grands-singes-au-museum-national-dhistoire-naturelle\/","url_meta":{"origin":11617,"position":1},"title":"Sur la piste des Grands Singes,  au Mus\u00e9um national d\u2019Histoire naturelle,","author":"Fabienne TM","date":"2 d\u00e9cembre 2015","format":false,"excerpt":"L\u2019exposition\u00a0\u00a0propose au public de mieux les conna\u00eetre et de partir \u00e0 leur rencontre dans leur environnement. Guid\u00e9s par les scientifiques, qui partagent leur travail sur le terrain, les visiteurs d\u00e9couvrent la vie des grands singes au sein de la for\u00eat tropicale mais aussi les graves menaces qui p\u00e8sent aujourd\u2019hui sur\u2026","rel":"","context":"Dans &quot;Familles&quot;","block_context":{"text":"Familles","link":"http:\/\/www.letourismeaparis.fr\/index.php\/category\/familles\/"},"img":{"alt_text":"","src":"","width":0,"height":0},"classes":[]},{"id":19743,"url":"http:\/\/www.letourismeaparis.fr\/index.php\/2017\/07\/28\/le-pouvoir-des-fleurs-pierre-joseph-redoute-1759-1840-un-parcours-contemporain-des-metiers-dart-26-avril-1er-octobre-2017\/","url_meta":{"origin":11617,"position":2},"title":"LE POUVOIR DES FLEURS, PIERRE-JOSEPH REDOUT\u00c9 (1759-1840) + UN PARCOURS CONTEMPORAIN DES M\u00c9TIERS D\u2019ART  26 AVRIL \u2013 1ER OCTOBRE 2017","author":"Fabienne TM","date":"28 juillet 2017","format":false,"excerpt":"\u00a0Des merveilles vous attendent... Entre science et beaux-arts, Pierre-Joseph Redout\u00e9 incarne l\u2019apog\u00e9e de la peinture florale ; surnomm\u00e9 le \u00ab Rapha\u00ebl des Fleurs \u00bb, il est devenu un mod\u00e8le encore c\u00e9l\u00e9br\u00e9 aujourd\u2019hui gr\u00e2ce \u00e0 l\u2019\u00e9l\u00e9gance et \u00e0 la justesse de son interpr\u00e9tation d\u2019une nouvelle flore venue orner les jardins entre\u2026","rel":"","context":"Dans &quot;Beaux arts&quot;","block_context":{"text":"Beaux arts","link":"http:\/\/www.letourismeaparis.fr\/index.php\/category\/culture\/musees-expositions\/beaux-arts\/"},"img":{"alt_text":"","src":"https:\/\/i0.wp.com\/www.letourismeaparis.fr\/wp-content\/uploads\/2017\/04\/Capture-d%C3%A2%C2%80%C2%99e%C3%8C%C2%81cran-2017-04-25-a%C3%8C%C2%80-17.16.071-201x300.png?resize=350%2C200","width":350,"height":200},"classes":[]},{"id":24717,"url":"http:\/\/www.letourismeaparis.fr\/index.php\/2022\/05\/14\/la-fete-de-la-nature-au-jardin-des-plantes-21-et-22-05\/","url_meta":{"origin":11617,"position":3},"title":"La F\u00eate de la nature au Jardin des plantes 21 et 22\/05","author":"Fabienne TM","date":"14 mai 2022","format":false,"excerpt":"https:\/\/youtu.be\/d5YiKeTWjaQ VILLAGE DE LA NATURE > SAMEDI ET DIMANCHE : 10 H 30 \u00c0 19 H L\u2019ensemble du village de la nature est en acc\u00e8s libre. Attention certaines activit\u00e9s sont sur r\u00e9servation \u00e0 la tente Accueil, le jour m\u00eame \u00e0 partir de 10 h. Sous les tentes du Village de\u2026","rel":"","context":"Dans &quot;Familles&quot;","block_context":{"text":"Familles","link":"http:\/\/www.letourismeaparis.fr\/index.php\/category\/familles\/"},"img":{"alt_text":"","src":"https:\/\/i0.wp.com\/www.letourismeaparis.fr\/wp-content\/uploads\/2022\/05\/Capture-d%E2%80%99e%CC%81cran-2022-05-14-a%CC%80-20.09.19.png?resize=350%2C200","width":350,"height":200},"classes":[]},{"id":8763,"url":"http:\/\/www.letourismeaparis.fr\/index.php\/2010\/10\/10\/la-galerie-des-enfants-au-museum-national-dhistoire-naturelle\/","url_meta":{"origin":11617,"position":4},"title":"La galerie des enfants au mus\u00e9um national d&#039;histoire naturelle","author":"Fabienne TM","date":"10 octobre 2010","format":false,"excerpt":"le 6 octobre, la galerie des enfants du Museum National d'Histoire Naturelle ouvrira ses portes au Grand public. Cette exposition permanente ( 6 \u00e0 12 ans) se visite en famille.\u00a0 Elle est ax\u00e9e sur la biodiversit\u00e9 et l'environnement.36, rue Geoffroy Saint Hilaire Paris 75005 www.galeriedesenfants.fr","rel":"","context":"Dans &quot;Non class\u00e9&quot;","block_context":{"text":"Non class\u00e9","link":"http:\/\/www.letourismeaparis.fr\/index.php\/category\/non-classe\/"},"img":{"alt_text":"","src":"","width":0,"height":0},"classes":[]},{"id":26113,"url":"http:\/\/www.letourismeaparis.fr\/index.php\/2025\/04\/01\/deserts-au-museum-national-dhistoire-naturellle\/","url_meta":{"origin":11617,"position":5},"title":"\u00ab\u00a0D\u00e9serts\u00a0\u00bb au Museum \u00a0national d\u2019histoire naturellle","author":"Fabienne TM","date":"1 avril 2025","format":false,"excerpt":"Du 2 avril au 30 novembre 2025Un voyage \u00e0 travers les milieux les plus extr\u00eames de notre plan\u00e8te.\u00a0Des vastes \u00e9tendues d\u00e9sertiques aux paysages glaciaires des p\u00f4les, vous plongerez au c\u0153ur de ces territoires inhospitaliers et d\u00e9couvrez les incroyables strat\u00e9gies d\u2019adaptation du vivant pour y vivre. Un voyage in\u00e9dit au c\u0153ur\u2026","rel":"","context":"Dans &quot;Conf\u00e9rences&quot;","block_context":{"text":"Conf\u00e9rences","link":"http:\/\/www.letourismeaparis.fr\/index.php\/category\/spectacle\/conferences\/"},"img":{"alt_text":"","src":"","width":0,"height":0},"classes":[]}],"jetpack_sharing_enabled":true,"jetpack_likes_enabled":true,"_links":{"self":[{"href":"http:\/\/www.letourismeaparis.fr\/index.php\/wp-json\/wp\/v2\/posts\/11617","targetHints":{"allow":["GET"]}}],"collection":[{"href":"http:\/\/www.letourismeaparis.fr\/index.php\/wp-json\/wp\/v2\/posts"}],"about":[{"href":"http:\/\/www.letourismeaparis.fr\/index.php\/wp-json\/wp\/v2\/types\/post"}],"author":[{"embeddable":true,"href":"http:\/\/www.letourismeaparis.fr\/index.php\/wp-json\/wp\/v2\/users\/2"}],"replies":[{"embeddable":true,"href":"http:\/\/www.letourismeaparis.fr\/index.php\/wp-json\/wp\/v2\/comments?post=11617"}],"version-history":[{"count":0,"href":"http:\/\/www.letourismeaparis.fr\/index.php\/wp-json\/wp\/v2\/posts\/11617\/revisions"}],"wp:attachment":[{"href":"http:\/\/www.letourismeaparis.fr\/index.php\/wp-json\/wp\/v2\/media?parent=11617"}],"wp:term":[{"taxonomy":"category","embeddable":true,"href":"http:\/\/www.letourismeaparis.fr\/index.php\/wp-json\/wp\/v2\/categories?post=11617"},{"taxonomy":"post_tag","embeddable":true,"href":"http:\/\/www.letourismeaparis.fr\/index.php\/wp-json\/wp\/v2\/tags?post=11617"}],"curies":[{"name":"wp","href":"https:\/\/api.w.org\/{rel}","templated":true}]}}