{"id":11620,"date":"2012-04-02T20:50:16","date_gmt":"2012-04-02T19:50:16","guid":{"rendered":"http:\/\/www.letourismeaparis.fr\/?p=11620"},"modified":"2012-04-02T20:50:16","modified_gmt":"2012-04-02T19:50:16","slug":"marionnettes-du-karnataka-a-la-maison-des-cultures-du-monde","status":"publish","type":"post","link":"http:\/\/www.letourismeaparis.fr\/index.php\/2012\/04\/02\/marionnettes-du-karnataka-a-la-maison-des-cultures-du-monde\/","title":{"rendered":"MARIONNETTES DU KARNATAKA \u00e0 la MAISON DES CULTURES DU MONDE"},"content":{"rendered":"<p>Vendredi 6 et samedi 7 avril \u00e0 20h30<br \/>\nDimanche 8 et lundi 9 avril \u00e0 17h<br \/>\nMaison des Cultures du Monde<br \/>\nSPECTACLE EN KANADA SURTITR\u00c9 EN FRAN\u00c7AIS <a href=\"http:\/\/www.letourismeaparis.fr\/wp-content\/uploads\/2012\/04\/inde-m.bmp\"><img loading=\"lazy\" decoding=\"async\" class=\"aligncenter size-full wp-image-11621\" title=\"inde m\" src=\"http:\/\/www.letourismeaparis.fr\/wp-content\/uploads\/2012\/04\/inde-m.bmp\" alt=\"\" width=\"386\" height=\"287\" \/><\/a><br \/>\nAu nord de la ville de Mysore, dans l\u2019\u00c9tat du Karnataka, des marionnettes \u00e0 fils, au corps de bois, recouvertes d\u2019\u00e9toffes aux couleurs \u00e9clatantes, dansent les drames des dieux de l\u2019Inde pour les villageois, qui s\u2019assemblent devant les temples au moment des f\u00eates saisonni\u00e8res. <!--more--><br \/>\nElles portent le nom de YAKSHAGANA (chant des \u00eatres c\u00e9lestes).<br \/>\nMAISON DES CULTURES DU MONDE<br \/>\n101 boulevard Raspail<br \/>\n75006 Paris<br \/>\nM\u00b0 Notre-Dame-des-Champs, Rennes ou Saint-Placide<br \/>\nhttp:\/\/www.mcm.asso.fr\/<\/p>\n","protected":false},"excerpt":{"rendered":"<p>Vendredi 6 et samedi 7 avril \u00e0 20h30 Dimanche 8 et lundi 9 avril \u00e0 17h Maison des Cultures du Monde SPECTACLE EN KANADA SURTITR\u00c9 EN FRAN\u00c7AIS Au nord de la ville de Mysore, dans l\u2019\u00c9tat du Karnataka, des marionnettes&#8230;<\/p>\n","protected":false},"author":2,"featured_media":0,"comment_status":"open","ping_status":"open","sticky":false,"template":"","format":"standard","meta":{"ngg_post_thumbnail":0,"jetpack_post_was_ever_published":false,"_jetpack_newsletter_access":"","footnotes":""},"categories":[1],"tags":[],"class_list":["post-11620","post","type-post","status-publish","format-standard","hentry","category-non-classe"],"jetpack_featured_media_url":"","jetpack-related-posts":[{"id":12745,"url":"http:\/\/www.letourismeaparis.fr\/index.php\/2013\/02\/02\/le-musee-du-quai-branly-proposera-cinq-representations-exceptionnelles-du-mahabharata-du-6-au-10-fevrier-2013\/","url_meta":{"origin":11620,"position":0},"title":"Le Mus\u00e9e du quai Branly proposera cinq repr\u00e9sentations exceptionnelles du Mahabharata du 6 au 10 f\u00e9vrier 2013.","author":"Fabienne TM","date":"2 f\u00e9vrier 2013","format":false,"excerpt":"Ce Mahabharata a \u00e9t\u00e9 cr\u00e9\u00e9 en 2003 au Mus\u00e9e National de Tokyo : un seul conteur dit le texte des 25 com\u00e9diens qui \u00e9voluent sur sc\u00e8ne, retra\u00e7ant l'un des \u00e9pisodes de cette mythique \u00e9pop\u00e9e indienne, l'histoire du Roi Nala. Masques somptueux, costumes en papier japonais dans la tradition de l\u2019\u00e9poque\u2026","rel":"","context":"Dans &quot;Non class\u00e9&quot;","block_context":{"text":"Non class\u00e9","link":"http:\/\/www.letourismeaparis.fr\/index.php\/category\/non-classe\/"},"img":{"alt_text":"","src":"","width":0,"height":0},"classes":[]},{"id":10228,"url":"http:\/\/www.letourismeaparis.fr\/index.php\/2011\/05\/05\/lensemble-traditionnel-qalal-en-concert-les-7-et-8-mai\/","url_meta":{"origin":11620,"position":1},"title":"L\u2019ensemble traditionnel Qalal en concert les 7 et 8 mai","author":"Fabienne TM","date":"5 mai 2011","format":false,"excerpt":"Samedi 7 mai \u00e0 20h30 Dimanche 8 mai \u00e0 17h Vingt-cinq chanteurs, musiciens et choristes composent l\u2019ensemble traditionnel Qalali. Vous ne les connaissez certainement pas, et pourtant il s\u2019agit d\u2019artistes merveilleux tr\u00e8s reconnus dans leur pays, l\u2019archipel de Bahre\u00efn. Courez \u00e0 la Maison des Cultures du Monde \u00e9couter ces voix\u2026","rel":"","context":"Dans &quot;Non class\u00e9&quot;","block_context":{"text":"Non class\u00e9","link":"http:\/\/www.letourismeaparis.fr\/index.php\/category\/non-classe\/"},"img":{"alt_text":"","src":"","width":0,"height":0},"classes":[]},{"id":7337,"url":"http:\/\/www.letourismeaparis.fr\/index.php\/2010\/04\/25\/peng-xang-ou-le-chant-de-lelephant-du-21-au-25-avril-pour-les-enfants\/","url_meta":{"origin":11620,"position":2},"title":"Peng Xang ou le chant de l&#039;\u00e9l\u00e9phant du 21 au 25 avril pour les enfants","author":"Fabienne TM","date":"25 avril 2010","format":false,"excerpt":"du 21 au 25 avril 2010 pour les enfants \u00e0 partir de 6 ans accompagn\u00e9s (dur\u00e9e 50 mn) Peng Xang ou le chant de l\u2019\u00e9l\u00e9phant est un spectacle sur l\u2019humanit\u00e9 magnifique que nous renvoient les \u00e9l\u00e9phants. Avec Peng Xang, Fran\u00e7ois Small et son \u00e9quipe c\u00e9l\u00e8brent ce g\u00e9ant si d\u00e9licat, au\u2026","rel":"","context":"Dans &quot;Non class\u00e9&quot;","block_context":{"text":"Non class\u00e9","link":"http:\/\/www.letourismeaparis.fr\/index.php\/category\/non-classe\/"},"img":{"alt_text":"","src":"","width":0,"height":0},"classes":[]},{"id":4249,"url":"http:\/\/www.letourismeaparis.fr\/index.php\/2009\/09\/29\/la-maison-des-cultures-du-monde-des-spectacles-en-septembre\/","url_meta":{"origin":11620,"position":3},"title":"R\u00e9cital de po\u00e9sie en espagnol , musique et Flamenco mercredi 30 septembre.","author":"Fabienne TM","date":"29 septembre 2009","format":false,"excerpt":"Mercredi 30 septembre \u00e0 20h Paseo a la Sombra de la Luna - R\u00e9cital de po\u00e9sie en langue espagnole (non surtitr\u00e9), musique et Flamenco. - Entr\u00e9e libre dans la limite des places disponibles - Renseignements : 01 45 44 72 30 et ici - Maison des Cultures du Monde -\u2026","rel":"","context":"Dans &quot;Non class\u00e9&quot;","block_context":{"text":"Non class\u00e9","link":"http:\/\/www.letourismeaparis.fr\/index.php\/category\/non-classe\/"},"img":{"alt_text":"","src":"","width":0,"height":0},"classes":[]},{"id":11568,"url":"http:\/\/www.letourismeaparis.fr\/index.php\/2012\/03\/13\/hat-cheo-opera-populaire-en-vietnamien-surtitre-en-francais-les-16-et-17-mars-a-20h30\/","url_meta":{"origin":11620,"position":4},"title":"HAt Ch\u00e9o &#8211; op\u00e9ra populaire en vietnamien surtitr\u00e9 en fran\u00e7ais les 16 et 17 mars \u00e0  20h30","author":"Fabienne TM","date":"13 mars 2012","format":false,"excerpt":"hAt Ch\u00e9o - oP\u00e9RA PoPuLAIRE EN vIEtNAmIEN SuRtItR\u00e9 EN fRAN\u00e7AIS AvEC LE th\u00e9\u00e2tRE NAtIoNAL hAt Ch\u00e9o Du vIEtNAm \"Le mot vietnamien \u00ab ch\u00e9o \u00bb d\u00e9rive du chinois \u00ab xiao \u00bbqui signifie rire. Art populaire par excellence, le hat ch\u00e9o est unth\u00e9\u00e2tre musical n\u00e9 dans les villages du delta du Fleuve\u2026","rel":"","context":"Dans &quot;Non class\u00e9&quot;","block_context":{"text":"Non class\u00e9","link":"http:\/\/www.letourismeaparis.fr\/index.php\/category\/non-classe\/"},"img":{"alt_text":"","src":"","width":0,"height":0},"classes":[]},{"id":19467,"url":"http:\/\/www.letourismeaparis.fr\/index.php\/2017\/03\/24\/spectacle-phuphuma-love-minus-choeur-masculin-isicathamiya-afrique-du-sud-au-theatre-levi-strauss-quai-branly\/","url_meta":{"origin":11620,"position":5},"title":"SPECTACLE PHUPHUMA LOVE MINUS  Ch\u0153ur masculin Isicathamiya   au Th\u00e9atre Levi-Strauss ,Quai Branly","author":"Fabienne TM","date":"24 mars 2017","format":false,"excerpt":"Un beau spectacle,de tr\u00e8s belles voix, des spectateurs invit\u00e9s \u00e0 monter sur sc\u00e8ne .... Un chant traditionnel entra\u00eenant, une danse au pouvoir enivrant, pour un spectacle haut en couleur... Le ch\u0153ur PHUPHUMA LOVE MINUS tout droit venu d'Afrique du Sud, pose ses valises au mus\u00e9e du quai Branly - Jacques\u2026","rel":"","context":"Dans &quot;Cultures du Monde&quot;","block_context":{"text":"Cultures du Monde","link":"http:\/\/www.letourismeaparis.fr\/index.php\/category\/culture\/musees-expositions\/cultures-du-monde\/"},"img":{"alt_text":"","src":"https:\/\/i0.wp.com\/www.letourismeaparis.fr\/wp-content\/uploads\/2017\/02\/Capture-d%C3%A2%C2%80%C2%99e%C3%8C%C2%81cran-2017-02-07-a%C3%8C%C2%80-18.15.00-202x300.png?resize=350%2C200","width":350,"height":200},"classes":[]}],"jetpack_sharing_enabled":true,"jetpack_likes_enabled":true,"_links":{"self":[{"href":"http:\/\/www.letourismeaparis.fr\/index.php\/wp-json\/wp\/v2\/posts\/11620","targetHints":{"allow":["GET"]}}],"collection":[{"href":"http:\/\/www.letourismeaparis.fr\/index.php\/wp-json\/wp\/v2\/posts"}],"about":[{"href":"http:\/\/www.letourismeaparis.fr\/index.php\/wp-json\/wp\/v2\/types\/post"}],"author":[{"embeddable":true,"href":"http:\/\/www.letourismeaparis.fr\/index.php\/wp-json\/wp\/v2\/users\/2"}],"replies":[{"embeddable":true,"href":"http:\/\/www.letourismeaparis.fr\/index.php\/wp-json\/wp\/v2\/comments?post=11620"}],"version-history":[{"count":0,"href":"http:\/\/www.letourismeaparis.fr\/index.php\/wp-json\/wp\/v2\/posts\/11620\/revisions"}],"wp:attachment":[{"href":"http:\/\/www.letourismeaparis.fr\/index.php\/wp-json\/wp\/v2\/media?parent=11620"}],"wp:term":[{"taxonomy":"category","embeddable":true,"href":"http:\/\/www.letourismeaparis.fr\/index.php\/wp-json\/wp\/v2\/categories?post=11620"},{"taxonomy":"post_tag","embeddable":true,"href":"http:\/\/www.letourismeaparis.fr\/index.php\/wp-json\/wp\/v2\/tags?post=11620"}],"curies":[{"name":"wp","href":"https:\/\/api.w.org\/{rel}","templated":true}]}}