{"id":11623,"date":"2012-04-17T15:43:27","date_gmt":"2012-04-17T14:43:27","guid":{"rendered":"http:\/\/www.letourismeaparis.fr\/?p=11623"},"modified":"2012-04-17T15:43:27","modified_gmt":"2012-04-17T14:43:27","slug":"spring-lespace-de-demonstrations-et-de-rencontres-avec-les-artisans-dart-cree-par-ateliers-dart-de-france-du-6-avril-30-mai-2012","status":"publish","type":"post","link":"http:\/\/www.letourismeaparis.fr\/index.php\/2012\/04\/17\/spring-lespace-de-demonstrations-et-de-rencontres-avec-les-artisans-dart-cree-par-ateliers-dart-de-france-du-6-avril-30-mai-2012\/","title":{"rendered":"SPRING ! l&#039;Espace de d\u00e9monstrations et de rencontres avec les artisans d\u2019art, cr\u00e9\u00e9 par Ateliers d\u2019Art de France du 6 avril &#8211; 30 mai 2012"},"content":{"rendered":"<p>Autour de la th\u00e9matique du printemps, neuf jeunes cr\u00e9ateurs aux univers vari\u00e9s (porcelaine, c\u00e9ramique, verre, m\u00e9tal, textile) ont \u00e9t\u00e9 s\u00e9lectionn\u00e9s par les Ateliers d\u2019Art de France pour donner libre cours \u00e0 leur cr\u00e9ativit\u00e9.<br \/>\nFleurs en porcelaine, de cocons de c\u00e9ramique, &#8230;\u00a0 l&rsquo;exposition \u00ab Spring \u00bb donne un nouveau visage \u00e0 l&rsquo;Atelier, \u00e0 la fois insolite et po\u00e9tique.<br \/>\nLes neuf artistes \u00e0 participer \u00e0 l&rsquo;exposition sont :<br \/>\n\u2192 Elsa Cernogora, bijoutier<a href=\"http:\/\/www.letourismeaparis.fr\/wp-content\/uploads\/2012\/04\/spring.bmp\"><img decoding=\"async\" class=\"aligncenter size-full wp-image-11624\" title=\"spring\" src=\"http:\/\/www.letourismeaparis.fr\/wp-content\/uploads\/2012\/04\/spring.bmp\" alt=\"\" \/><\/a><br \/>\n\u2192 Sophie Dalla Rosa, designer textile<br \/>\n\u2192 B\u00e9n\u00e9dicte Dietz, sculpteur\/tourneur\/c\u00e9ramiste<br \/>\n\u2192 Antonella Fadda-Haffaf, c\u00e9ramiste<br \/>\n\u2192 Lilas Force, souffleur de verre<br \/>\n\u2192 Manoli Gonzalez, sculpteur\/c\u00e9ramiste<br \/>\n\u2192 Catherine M\u00e9tas-Esteban, c\u00e9ramiste<br \/>\n\u2192 Magali Riou, sculpteur\/c\u00e9ramiste<br \/>\n\u2192 L\u00e9a Van Impe, c\u00e9ramiste<br \/>\nPar ailleurs, 6 manifestations sont propos\u00e9es au public entre le 7 avril et le 10 mai afin qu&rsquo;il puisse dialoguer avec les artistes de l&rsquo;exposition :<br \/>\n\u25ba Samedi 7 avril, de 15h \u00e0 17h<br \/>\nRencontre avec Elsa Cernogora autour du \u00ab\u00a0bijou floral\u00a0\u00bb<!--more-->.<br \/>\n\u25ba Samedi 14 avril, de 14h30 \u00e0 17h30<br \/>\nD\u00e9monstration de Manoli Gonzalez qui d\u00e9voilera son processus de cr\u00e9ation et fabrication de pi\u00e8ces en porcelaine \u00a0\u00bb de la poudre \u00e0 la terre cuite\u00a0\u00bb.<br \/>\n\u25ba Vendredi 20 avril, de 14h30 \u00e0 17h30<br \/>\nRencontre avec Magali Riou autour du modelage et pr\u00e9sentation en images des \u00e9tapes de la r\u00e9alisation de son oeuvre \u00ab\u00a0Efflorescence\u00a0\u00bb.<br \/>\n\u25ba Samedi 21 avril, de 14h30 \u00e0 17h30<br \/>\nRencontre avec L\u00e9a Van Impe qui pr\u00e9sentera ses sculptures en fa\u00efence noire, travail influenc\u00e9 par son passage dans des ateliers de tissage textile.<br \/>\n\u25ba Jeudi 26 avril, de 15h \u00e0 17h<br \/>\nRencontre avec Sophie Della Rosa et B\u00e9n\u00e9dicte Dietz : \u00a0\u00bb le travail \u00e0 4 mains de deux artistes issues de deux domaines diff\u00e9rents : le textile et la c\u00e9ramique\u00a0\u00bb.<br \/>\n\u25ba Jeudi 10 mai, de 14h30 \u00e0 17h30<br \/>\nRencontre avec Antonella Fadda-Haffaf qui pr\u00e9sentera ses techniques et d\u00e9voilera ses sources d&rsquo;inspiration.<br \/>\nL&rsquo;Atelier d&rsquo;Ateliers d&rsquo;Art de France<br \/>\n55 avenue Daumesnil<br \/>\n75012 Paris<br \/>\nHoraires :<br \/>\nL&rsquo;Atelier est ouvert du mardi au samedi, de 11h \u00e0 13h et de 14h \u00e0 19h.<\/p>\n","protected":false},"excerpt":{"rendered":"<p>Autour de la th\u00e9matique du printemps, neuf jeunes cr\u00e9ateurs aux univers vari\u00e9s (porcelaine, c\u00e9ramique, verre, m\u00e9tal, textile) ont \u00e9t\u00e9 s\u00e9lectionn\u00e9s par les Ateliers d\u2019Art de France pour donner libre cours \u00e0 leur cr\u00e9ativit\u00e9. Fleurs en porcelaine, de cocons de c\u00e9ramique,&#8230;<\/p>\n","protected":false},"author":2,"featured_media":0,"comment_status":"open","ping_status":"open","sticky":false,"template":"","format":"standard","meta":{"ngg_post_thumbnail":0,"jetpack_post_was_ever_published":false,"_jetpack_newsletter_access":"","footnotes":""},"categories":[1],"tags":[],"class_list":["post-11623","post","type-post","status-publish","format-standard","hentry","category-non-classe"],"jetpack_featured_media_url":"","jetpack-related-posts":[{"id":9004,"url":"http:\/\/www.letourismeaparis.fr\/index.php\/2010\/11\/15\/chin-4-siecles-de-ceramique-une-superbe-exposition-de-gres-et-de-porcelaines-a-paris\/","url_meta":{"origin":11623,"position":0},"title":"Chin, 4 si\u00e8cles de c\u00e9ramique : une superbe exposition de gr\u00e8s et de porcelaines \u00e0 Paris","author":"Fabienne TM","date":"15 novembre 2010","format":false,"excerpt":"L'Espace des Arts Mitsukoshi-Etoile pr\u00e9sente l'odyss\u00e9e familiale de 15 g\u00e9n\u00e9rations de c\u00e9ramistes Chin Jukan, de la Cor\u00e9e au Japon dans un magnifique \"h\u00f4tel des mar\u00e9chaux\" de la rue de Tilsitt. l\u2019Espace des Arts Mitsukoshi propose une exposition de 100 pi\u00e8ces, retra\u00e7ant les \u00e9volutions apport\u00e9es depuis 400 ans en mati\u00e8re de\u2026","rel":"","context":"Dans &quot;Non class\u00e9&quot;","block_context":{"text":"Non class\u00e9","link":"http:\/\/www.letourismeaparis.fr\/index.php\/category\/non-classe\/"},"img":{"alt_text":"","src":"","width":0,"height":0},"classes":[]},{"id":9096,"url":"http:\/\/www.letourismeaparis.fr\/index.php\/2010\/11\/26\/week-end-portes-ouvertes-des-ateliers-dartistes-du-6e\/","url_meta":{"origin":11623,"position":1},"title":"Week-end Portes Ouvertes des ateliers d\u2019artistes du 6e","author":"Fabienne TM","date":"26 novembre 2010","format":false,"excerpt":"Une quarantaine d\u2019artistes vous invitent dans le 6e : l\u2019art contemporain dans toute sa diversit\u00e9\u00a0 :\u00a0 peintres, sculpteurs, graveurs, c\u00e9ramistes et photographes : du vendredi 26 au dimanche 28 novembre 2010 de 14h \u00e0 20h et lundi sur rendez-vous Entr\u00e9e libre et gratuite Point d\u2019information central\u00a0 : Th\u00e9\u00e2tre du Vieux\u2026","rel":"","context":"Dans &quot;Non class\u00e9&quot;","block_context":{"text":"Non class\u00e9","link":"http:\/\/www.letourismeaparis.fr\/index.php\/category\/non-classe\/"},"img":{"alt_text":"","src":"","width":0,"height":0},"classes":[]},{"id":17678,"url":"http:\/\/www.letourismeaparis.fr\/index.php\/2015\/03\/03\/lempreinte-du-geste-une-belle-exposition-en-perspective-aux-arts-decoratifs\/","url_meta":{"origin":11623,"position":2},"title":"\u00ab L\u2019EMPREINTE DU GESTE \u00bb une belle exposition  aux Arts d\u00e9coratifs \u00e0 partir du 23 mars.","author":"Fabienne TM","date":"3 mars 2015","format":false,"excerpt":"\u00a0 Uune semaine qui mettra \u00e0 l\u2019honneur la singularit\u00e9, la modernit\u00e9 des m\u00e9tiers d\u2019art et leur ind\u00e9niable r\u00f4le cr\u00e9atif, social, culturel et \u00e9conomique Cette exposition unique en son genre se d\u00e9ploie hors des sentiers battus pour \u00e9voquer\u00a0des pratiques d\u2019exception, des savoir-faire de l\u2019usage et du beau dans toute leur singularit\u00e9,\u2026","rel":"","context":"Dans &quot;Non class\u00e9&quot;","block_context":{"text":"Non class\u00e9","link":"http:\/\/www.letourismeaparis.fr\/index.php\/category\/non-classe\/"},"img":{"alt_text":"","src":"https:\/\/i0.wp.com\/www.letourismeaparis.fr\/wp-content\/uploads\/2015\/12\/Capture-d%C3%A2%C2%80%C2%99e%C3%8C%C2%81cran-2015-12-23-a%C3%8C%C2%80-12.52.19-218x300.png?resize=350%2C200","width":350,"height":200},"classes":[]},{"id":12030,"url":"http:\/\/www.letourismeaparis.fr\/index.php\/2012\/11\/17\/du-16-au-18-novembre-2012-portes-ouvertes-danvers-aux-abbesses-lart-comme-fil-dariane\/","url_meta":{"origin":11623,"position":3},"title":"DU 16 AU 18 NOVEMBRE 2012 : PORTES OUVERTES D\u2019ANVERS AUX ABBESSES L\u2019Art comme fil d\u2019Ariane","author":"Fabienne TM","date":"17 novembre 2012","format":false,"excerpt":"\u00c0 l\u2019occasion du 3e week-end de novembre, une centaine d\u2019artistes : peintres, sculpteurs,graveurs, c\u00e9ramistes, mosa\u00efstes, photographes, vitraillistes ou plasticiens d\u2019\u00ab Anvers aux Abbesses \u00bb invitent le public \u00e0 une d\u00e9ambulation libre au sein de leurs ateliers situ\u00e9s dans les 18 \u00e8m et 9\u00e8me arrondissements de Paris. Les \u00ab Emiles \u00bb\u2026","rel":"","context":"Dans &quot;Non class\u00e9&quot;","block_context":{"text":"Non class\u00e9","link":"http:\/\/www.letourismeaparis.fr\/index.php\/category\/non-classe\/"},"img":{"alt_text":"","src":"","width":0,"height":0},"classes":[]},{"id":26060,"url":"http:\/\/www.letourismeaparis.fr\/index.php\/2025\/02\/14\/picasso-et-le-douanier-rousseau-a-latelier-des-lumieres\/","url_meta":{"origin":11623,"position":4},"title":"Picasso et Le Douanier Rousseau \u00e0\u00a0\u00bb l&rsquo;atelier des lumi\u00e8res\u00a0\u00bb","author":"Fabienne TM","date":"14 f\u00e9vrier 2025","format":false,"excerpt":"Picasso l'Art en mouvement Peintre de g\u00e9nie, sculpteur, graveur, c\u00e9ramiste ou encore d\u00e9corateur de th\u00e9\u00e2tre, ses nombreux proc\u00e9d\u00e9s cr\u00e9atifs et son insatiable soif de cr\u00e9er, tissent un parcours qui r\u00e9unit images d\u2019\u0153uvres, photos et vid\u00e9os, pour exp\u00e9rimenter l\u2019\u00e9nergie d\u00e9bordante d\u2019un artiste qui n\u2019a cess\u00e9 de r\u00e9inventer son art. Cette r\u00e9trospective\u2026","rel":"","context":"Dans &quot;Culture&quot;","block_context":{"text":"Culture","link":"http:\/\/www.letourismeaparis.fr\/index.php\/category\/culture\/"},"img":{"alt_text":"","src":"https:\/\/i0.wp.com\/www.letourismeaparis.fr\/wp-content\/uploads\/2025\/02\/Capture-decran-2025-02-14-a-11.47.33.png?resize=350%2C200","width":350,"height":200},"classes":[]},{"id":3520,"url":"http:\/\/www.letourismeaparis.fr\/index.php\/2009\/07\/04\/journees-de-la-ceramiquejusquau-5-juillet-place-saint-sulpice\/","url_meta":{"origin":11623,"position":5},"title":"Journ\u00e9es de la c\u00e9ramique,jusqu&#039;au 5 juillet, place Saint Sulpice","author":"Fabienne TM","date":"4 juillet 2009","format":false,"excerpt":"Journ\u00e9es de la c\u00e9ramique,jusqu'au 5 juillet, place Saint Sulpice la Foire Saint-Germain accueille les Journ\u00e9es de la c\u00e9ramique, des artistes venus de toute la France et de l\u2019\u00e9tranger. Chacun\u00a0\u00a0 pr\u00e9sente son travail, : fa\u00efence, terre verniss\u00e9e, porcelaine, raku, gr\u00e8s, classique ou contemporain, nu ou d\u00e9cor\u00e9, \u00e9maill\u00e9 ou brut\u2026 exposition \u00e9galement\u2026","rel":"","context":"Dans &quot;Non class\u00e9&quot;","block_context":{"text":"Non class\u00e9","link":"http:\/\/www.letourismeaparis.fr\/index.php\/category\/non-classe\/"},"img":{"alt_text":"","src":"","width":0,"height":0},"classes":[]}],"jetpack_sharing_enabled":true,"jetpack_likes_enabled":true,"_links":{"self":[{"href":"http:\/\/www.letourismeaparis.fr\/index.php\/wp-json\/wp\/v2\/posts\/11623","targetHints":{"allow":["GET"]}}],"collection":[{"href":"http:\/\/www.letourismeaparis.fr\/index.php\/wp-json\/wp\/v2\/posts"}],"about":[{"href":"http:\/\/www.letourismeaparis.fr\/index.php\/wp-json\/wp\/v2\/types\/post"}],"author":[{"embeddable":true,"href":"http:\/\/www.letourismeaparis.fr\/index.php\/wp-json\/wp\/v2\/users\/2"}],"replies":[{"embeddable":true,"href":"http:\/\/www.letourismeaparis.fr\/index.php\/wp-json\/wp\/v2\/comments?post=11623"}],"version-history":[{"count":0,"href":"http:\/\/www.letourismeaparis.fr\/index.php\/wp-json\/wp\/v2\/posts\/11623\/revisions"}],"wp:attachment":[{"href":"http:\/\/www.letourismeaparis.fr\/index.php\/wp-json\/wp\/v2\/media?parent=11623"}],"wp:term":[{"taxonomy":"category","embeddable":true,"href":"http:\/\/www.letourismeaparis.fr\/index.php\/wp-json\/wp\/v2\/categories?post=11623"},{"taxonomy":"post_tag","embeddable":true,"href":"http:\/\/www.letourismeaparis.fr\/index.php\/wp-json\/wp\/v2\/tags?post=11623"}],"curies":[{"name":"wp","href":"https:\/\/api.w.org\/{rel}","templated":true}]}}