{"id":11628,"date":"2012-04-08T12:46:48","date_gmt":"2012-04-08T11:46:48","guid":{"rendered":"http:\/\/www.letourismeaparis.fr\/?p=11628"},"modified":"2012-04-08T12:46:48","modified_gmt":"2012-04-08T11:46:48","slug":"marathon-de-paris-la-maratoons-2012-samedi-14-avril-2012","status":"publish","type":"post","link":"http:\/\/www.letourismeaparis.fr\/index.php\/2012\/04\/08\/marathon-de-paris-la-maratoons-2012-samedi-14-avril-2012\/","title":{"rendered":"Marathon de Paris : \u2019La Maratoon\u2019s\u2019 2012 ,samedi 14 avril 2012"},"content":{"rendered":"<p>Marathon de Paris : \u2019La Maratoon\u2019s\u2019 2012<br \/>\nLa Course du P\u2019tit D\u00e9j se d\u00e9roulera le samedi 14 avril, la veille du Marathon de Paris 2012.<br \/>\nC\u2019est une course festive pour petits et grands<br \/>\nsamedi 14 avril 2012<br \/>\nVenez avec vos enfants, d\u00e8s 5 ans et jusqu\u2019\u00e0 9-10 ans, pour parcourir en famille les 1600 m\u00e8tres de l\u2019Arc de Triomphe \u00e0 l\u2019avenue Raymond Poincar\u00e9 (aller-retour-aller).<!--more--><br \/>\nDes dossards (comme pour les grands !) seront distribu\u00e9s le matin m\u00eame de la course, ou au running expo le jeudi 12 avril apr\u00e8s-midi et vendredi 13 toute la journ\u00e9e.<br \/>\nD\u00e9s 9h15, un stand maquillage vous accueillera, en haut de l\u2019avenue Foch, un p\u2019tit dej sera offert aux champions !<br \/>\nA 10h, \u00e9lancez vous ensemble<br \/>\nRDV le samedi 14 avril 2012, haut de l\u2019Avenue Foch, au niveau de l\u2019Arc de Triomphe d\u00e8s 9h15 pour les animations maquillage si vous le souhaitez.<br \/>\n10h00 sera le Top d\u00e9part pour une course de 1.6km.<\/p>\n","protected":false},"excerpt":{"rendered":"<p>Marathon de Paris : \u2019La Maratoon\u2019s\u2019 2012 La Course du P\u2019tit D\u00e9j se d\u00e9roulera le samedi 14 avril, la veille du Marathon de Paris 2012. C\u2019est une course festive pour petits et grands samedi 14 avril 2012 Venez avec vos&#8230;<\/p>\n","protected":false},"author":2,"featured_media":0,"comment_status":"open","ping_status":"open","sticky":false,"template":"","format":"standard","meta":{"ngg_post_thumbnail":0,"jetpack_post_was_ever_published":false,"_jetpack_newsletter_access":"","footnotes":""},"categories":[1],"tags":[],"class_list":["post-11628","post","type-post","status-publish","format-standard","hentry","category-non-classe"],"jetpack_featured_media_url":"","jetpack-related-posts":[{"id":7324,"url":"http:\/\/www.letourismeaparis.fr\/index.php\/2010\/04\/09\/course-du-ptit-dej-samedi-10-avril-7-a-77-ans\/","url_meta":{"origin":11628,"position":0},"title":"Course  du&quot; ptit dej&quot;  samedi 10 avril  (7 \u00e0 77 ans)","author":"Fabienne TM","date":"9 avril 2010","format":false,"excerpt":"Samedi 10 avril 2010 la Course de l\u2019UNESCO\u00a0 devient la Course du \u00ab P\u2019tit dej \u00bb, et fait la part belle aux enfants de 4 \u00e0\u202677ans ! Entre 2 km ou 5km, au choix. A l\u2019arriv\u00e9e, de nombreuses animations, d\u00e9di\u00e9es aux jeune public (jeux, r\u00e9compenses, d\u00e9gustations\u2026) et notre traditionnel P'tit\u2026","rel":"","context":"Dans &quot;Non class\u00e9&quot;","block_context":{"text":"Non class\u00e9","link":"http:\/\/www.letourismeaparis.fr\/index.php\/category\/non-classe\/"},"img":{"alt_text":"","src":"","width":0,"height":0},"classes":[]},{"id":2514,"url":"http:\/\/www.letourismeaparis.fr\/index.php\/2009\/04\/04\/marathon-de-paris-parcours-du-dimanche-5-avril-2009\/","url_meta":{"origin":11628,"position":1},"title":"Marathon de Paris :  parcours du dimanche 5 avril 2009","author":"Fabienne TM","date":"4 avril 2009","format":false,"excerpt":"Marathon de Paris : nouveau parcours le marathon de Paris, aura lieu\u00a0 dimanche 5 avril. 37 000 coureurs seront au d\u00e9part , en haut des Champs-Elys\u00e9es \u00e0 8h35 (handisport) et 8h45 (autres)sur l\u2019avenue des Champs Elys\u00e9es. La course passera par la place de la Concorde, la rue de Rivoli, la\u2026","rel":"","context":"Dans &quot;Non class\u00e9&quot;","block_context":{"text":"Non class\u00e9","link":"http:\/\/www.letourismeaparis.fr\/index.php\/category\/non-classe\/"},"img":{"alt_text":"","src":"","width":0,"height":0},"classes":[]},{"id":7326,"url":"http:\/\/www.letourismeaparis.fr\/index.php\/2010\/04\/10\/marathon-de-paris-dimanche-11-avril-a-8h45-le-parcours\/","url_meta":{"origin":11628,"position":2},"title":"Marathon de Paris, dimanche 11 avril \u00e0 8h45: le parcours","author":"Fabienne TM","date":"10 avril 2010","format":false,"excerpt":"marathon de Paris,\u00a0 dimanche 11 avril 2010, \u00e0 8h45. Le parcours Avenue des CHAMPS ELYSEES Rond-Point des CHAMPS ELYSEES Avenue des CHAMPS ELYSEES Place de la CONCORDE Rue de RIVOLI Rue SAINT ANTOINE Place de la BASTILLE, par la droite Rue du FAUBOURG SAINT ANTOINE Rue de REUILLY Place F\u00e9lix\u2026","rel":"","context":"Dans &quot;Non class\u00e9&quot;","block_context":{"text":"Non class\u00e9","link":"http:\/\/www.letourismeaparis.fr\/index.php\/category\/non-classe\/"},"img":{"alt_text":"","src":"","width":0,"height":0},"classes":[]},{"id":11547,"url":"http:\/\/www.letourismeaparis.fr\/index.php\/2012\/02\/28\/semi-marathon-de-paris-le-4-mars\/","url_meta":{"origin":11628,"position":3},"title":"Semi-marathon de Paris le 4 mars","author":"Fabienne TM","date":"28 f\u00e9vrier 2012","format":false,"excerpt":"Semi-marathon de Paris Le semi-marathon de Paris ouvre la saison 2012 des courses de fond. Un parcours de 21,1 km qui traverse tout l\u2019Est de la capitale. il traversera l\u2019Est-Parisien sur 21,1km, passera par le bois de Vincennes, le 12e arrondissement et le centre de Paris. Pas moins de 30\u2026","rel":"","context":"Dans &quot;Non class\u00e9&quot;","block_context":{"text":"Non class\u00e9","link":"http:\/\/www.letourismeaparis.fr\/index.php\/category\/non-classe\/"},"img":{"alt_text":"","src":"","width":0,"height":0},"classes":[]},{"id":11903,"url":"http:\/\/www.letourismeaparis.fr\/index.php\/2012\/09\/30\/samedi-13-octobre-2012-4-eme-randonnee-dautomedon\/","url_meta":{"origin":11628,"position":4},"title":"Samedi 13 octobre 2012   4 \u00e8me randonn\u00e9e d\u2019Autom\u00e9don :","author":"Fabienne TM","date":"30 septembre 2012","format":false,"excerpt":"Samedi 13 octobre 2012 4 \u00e8me randonn\u00e9e d\u2019Autom\u00e9don : les plus belles pour aller se promener .D\u00e9capotables, cabriolets, et roadsters Ce d\u00e9fil\u00e9 d\u2019anciennes est devenu une tradition, il s\u2019inscrit parmi les manifestations propos\u00e9es par le Salon Autom\u00e9don qui se tiendra les 13 et 14 octobre au Parc des Expositions Paris-Le\u2026","rel":"","context":"Dans &quot;Non class\u00e9&quot;","block_context":{"text":"Non class\u00e9","link":"http:\/\/www.letourismeaparis.fr\/index.php\/category\/non-classe\/"},"img":{"alt_text":"","src":"","width":0,"height":0},"classes":[]},{"id":11602,"url":"http:\/\/www.letourismeaparis.fr\/index.php\/2012\/03\/27\/la-semaine-du-dessin-du-28-mars-au-2-avril-2012\/","url_meta":{"origin":11628,"position":5},"title":"La semaine du dessin  du 28 mars au 2 avril 2012,","author":"Fabienne TM","date":"27 mars 2012","format":false,"excerpt":"Chaque mus\u00e9e participant \u00e0 l\u2019\u00e9v\u00e9nement organise une exposition et\/ou des visites priv\u00e9es de ses collections. Ces visites priv\u00e9es sont gratuites . il est obligatoire de s\u2019inscrire\u00a0 par t\u00e9l\u00e9phone, au 01 45 22 61 05 ou bien info@salondudessin.com, Mus\u00e9es participant \u00e0 l\u2019\u00e9dition 2012 de la Semaine du Dessin Biblioth\u00e8que Nationale de\u2026","rel":"","context":"Dans &quot;Non class\u00e9&quot;","block_context":{"text":"Non class\u00e9","link":"http:\/\/www.letourismeaparis.fr\/index.php\/category\/non-classe\/"},"img":{"alt_text":"","src":"","width":0,"height":0},"classes":[]}],"jetpack_sharing_enabled":true,"jetpack_likes_enabled":true,"_links":{"self":[{"href":"http:\/\/www.letourismeaparis.fr\/index.php\/wp-json\/wp\/v2\/posts\/11628","targetHints":{"allow":["GET"]}}],"collection":[{"href":"http:\/\/www.letourismeaparis.fr\/index.php\/wp-json\/wp\/v2\/posts"}],"about":[{"href":"http:\/\/www.letourismeaparis.fr\/index.php\/wp-json\/wp\/v2\/types\/post"}],"author":[{"embeddable":true,"href":"http:\/\/www.letourismeaparis.fr\/index.php\/wp-json\/wp\/v2\/users\/2"}],"replies":[{"embeddable":true,"href":"http:\/\/www.letourismeaparis.fr\/index.php\/wp-json\/wp\/v2\/comments?post=11628"}],"version-history":[{"count":0,"href":"http:\/\/www.letourismeaparis.fr\/index.php\/wp-json\/wp\/v2\/posts\/11628\/revisions"}],"wp:attachment":[{"href":"http:\/\/www.letourismeaparis.fr\/index.php\/wp-json\/wp\/v2\/media?parent=11628"}],"wp:term":[{"taxonomy":"category","embeddable":true,"href":"http:\/\/www.letourismeaparis.fr\/index.php\/wp-json\/wp\/v2\/categories?post=11628"},{"taxonomy":"post_tag","embeddable":true,"href":"http:\/\/www.letourismeaparis.fr\/index.php\/wp-json\/wp\/v2\/tags?post=11628"}],"curies":[{"name":"wp","href":"https:\/\/api.w.org\/{rel}","templated":true}]}}