{"id":11632,"date":"2012-04-10T10:41:49","date_gmt":"2012-04-10T09:41:49","guid":{"rendered":"http:\/\/www.letourismeaparis.fr\/?p=11632"},"modified":"2012-04-10T10:41:49","modified_gmt":"2012-04-10T09:41:49","slug":"le-jardin-japonais-au-jardin-dacclimatation-jusquau-8-mai","status":"publish","type":"post","link":"http:\/\/www.letourismeaparis.fr\/index.php\/2012\/04\/10\/le-jardin-japonais-au-jardin-dacclimatation-jusquau-8-mai\/","title":{"rendered":"Le Jardin Japonais au jardin d&#039;acclimatation jusqu&#039;au 8 mai"},"content":{"rendered":"<p>Pplus de trois cents artistes, artisans et exposants m\u00e9tamorphoseront les all\u00e9es du jardin d&rsquo;acclimatation\u00a0 pendant un mois et proposeront spectacles, concerts, d\u00e9fil\u00e9s et parades en plein air (danse, musique, th\u00e9\u00e2tre) mais aussi expositions, d\u00e9monstrations, ateliers dans des domaines\u00a0 vari\u00e9s .<br \/>\nUne centaine d\u2019artisans et d\u2019exposants venus de toutes les r\u00e9gions pr\u00e9sentent \u00e0 travers des objets des plus traditionnels aux plus designs tout ce qui constitue l\u2019art de vivre \u00e0 la japonaise<br \/>\nUne invitation au voyage : diff\u00e9rents offices de tourisme proposent \u00e9galement de faire d\u00e9couvrir certaines r\u00e9gions de l\u2019archipel.<a href=\"http:\/\/www.letourismeaparis.fr\/wp-content\/uploads\/2012\/04\/Affiche_Japon_inter_logo.jpg\"><img loading=\"lazy\" decoding=\"async\" class=\"aligncenter size-thumbnail wp-image-11636\" title=\"Affiche_Japon_inter_logo\" src=\"http:\/\/www.letourismeaparis.fr\/wp-content\/uploads\/2012\/04\/Affiche_Japon_inter_logo-150x150.jpg\" alt=\"\" width=\"150\" height=\"150\" \/><\/a><br \/>\nLa vraie cuisine japonaise au Jardin<br \/>\nPendant un mois, dans la rue japonaise du Jardin d\u2019Acclimatation, une vraie cuisine populaire, celle qui est appr\u00e9ci\u00e9e des Japonais, vous sera propos\u00e9e<br \/>\nLe programme pr\u00e9sente des spectacles extr\u00eamement vari\u00e9s .<br \/>\n<a href=\"http:\/\/www.jardindacclimatation.fr\/uploads\/document\/1_1333634211_Programme_japon.pdf\">http:\/\/www.jardindacclimatation.fr\/uploads\/document\/1_1333634211_Programme_japon.pdf<\/a><\/p>\n","protected":false},"excerpt":{"rendered":"<p>Pplus de trois cents artistes, artisans et exposants m\u00e9tamorphoseront les all\u00e9es du jardin d&rsquo;acclimatation\u00a0 pendant un mois et proposeront spectacles, concerts, d\u00e9fil\u00e9s et parades en plein air (danse, musique, th\u00e9\u00e2tre) mais aussi expositions, d\u00e9monstrations, ateliers dans des domaines\u00a0 vari\u00e9s &#8230;.<\/p>\n","protected":false},"author":2,"featured_media":0,"comment_status":"open","ping_status":"open","sticky":false,"template":"","format":"standard","meta":{"ngg_post_thumbnail":0,"jetpack_post_was_ever_published":false,"_jetpack_newsletter_access":"","footnotes":""},"categories":[1],"tags":[],"class_list":["post-11632","post","type-post","status-publish","format-standard","hentry","category-non-classe"],"jetpack_featured_media_url":"","jetpack-related-posts":[{"id":13222,"url":"http:\/\/www.letourismeaparis.fr\/index.php\/2013\/04\/27\/la-bretagne-au-jardin-dacclimatation-pendant-trois-semaines\/","url_meta":{"origin":11632,"position":0},"title":"La Bretagne au &quot;Jardin d&#039;Acclimatation&quot; pendant trois semaines","author":"Fabienne TM","date":"27 avril 2013","format":false,"excerpt":"Lers portes s\u2019ouvriront gratuitement pour le lancement officiel de ces quatre semaines bretonnes dimanche 28 avril \u00e0 tous ceux qui, petits et grands, viendront par\u00e9s de leur plus beau gilet brod\u00e9, de leur chapeau rond, de leur robe ouvrag\u00e9e ou de leur coiffe. Inauguration dimanche \u00e0 14h30. Tous les jours,\u2026","rel":"","context":"Dans &quot;Non class\u00e9&quot;","block_context":{"text":"Non class\u00e9","link":"http:\/\/www.letourismeaparis.fr\/index.php\/category\/non-classe\/"},"img":{"alt_text":"","src":"https:\/\/i0.wp.com\/www.letourismeaparis.fr\/wp-content\/uploads\/2013\/04\/bre.jpg?resize=350%2C200","width":350,"height":200},"classes":[]},{"id":7469,"url":"http:\/\/www.letourismeaparis.fr\/index.php\/2010\/04\/27\/le-jardin-dacclimatation-porte-les-couleurs-de-la-russie-pour-faire-decouvrir-la-culture-et-la-richesse-de-ce-pays\/","url_meta":{"origin":11632,"position":1},"title":"le Jardin d&#039;Acclimatation  porte les couleurs de la Russie pour faire d\u00e9couvrir la culture et la richesse de ce pays.","author":"Fabienne TM","date":"27 avril 2010","format":false,"excerpt":"le Jardin d'Acclimatation\u00a0\u00a0 porte les couleurs de la Russie pour faire d\u00e9couvrir la culture et la richesse de ce pays. jusqu' au 16 mai 2010, dans l'univers russe. De nombreux artisans venus de tout le pays,\u00a0\u00a0 exposent des c\u00e9ramiques, porcelaines, bois peints, fa\u00efences, samovars, bijoux en ambre, miniatures en nacre\u2026","rel":"","context":"Dans &quot;Non class\u00e9&quot;","block_context":{"text":"Non class\u00e9","link":"http:\/\/www.letourismeaparis.fr\/index.php\/category\/non-classe\/"},"img":{"alt_text":"","src":"","width":0,"height":0},"classes":[]},{"id":16857,"url":"http:\/\/www.letourismeaparis.fr\/index.php\/2015\/08\/14\/la-cow-parade-au-jardin-dacclimatation-jusquau-18-aout\/","url_meta":{"origin":11632,"position":2},"title":"La &quot;Cow Parade&quot; au jardin d&#039;acclimatation jusqu&#039;au 18 ao\u00fbt","author":"Fabienne TM","date":"14 ao\u00fbt 2015","format":false,"excerpt":"Vous connaissez la Cow Parade, fameuse\u00a0exposition de vaches d\u2019artistes\u00a0grandeur nature que l\u2019on a pu voir dans plus de 80 villes dans le monde, telles\u00a0que New York, Rio de Janeiro, Tokyo, Londres,Shangha\u00ef, Barcelone... \u00a0 Ce troupeau joyeux et \"colowr\u00e9\", une des plus\u00a0grandes manifestations mondiales d\u2019art\u00a0urbain, revient en France \u00e0 partir du\u2026","rel":"","context":"Dans &quot;Non class\u00e9&quot;","block_context":{"text":"Non class\u00e9","link":"http:\/\/www.letourismeaparis.fr\/index.php\/category\/non-classe\/"},"img":{"alt_text":"","src":"https:\/\/i0.wp.com\/www.letourismeaparis.fr\/wp-content\/uploads\/2015\/06\/cow-203x300.png?resize=350%2C200","width":350,"height":200},"classes":[]},{"id":25471,"url":"http:\/\/www.letourismeaparis.fr\/index.php\/2024\/02\/05\/festival-dragons-et-lanternes-au-jardin-dacclimatation-les-10-et-11-fevrier\/","url_meta":{"origin":11632,"position":3},"title":"Festival Dragons et Lanternes au jardin d&rsquo;acclimatation les 10 et 11 f\u00e9vrier","author":"Fabienne TM","date":"5 f\u00e9vrier 2024","format":false,"excerpt":"NOUVEL AN CHINOIS 2024 \u2022 ANN\u00c9E DU DRAGON A l\u2019occasion du Nouvel An Chinois, un programme de festivit\u00e9s est propos\u00e9 aux visiteurs du Jardin d\u2019Acclimatation et du festival Dragons et Lanternes le week-end du samedi 10 et du dimanche 11 f\u00e9vrier : \u2022 Samedi 10 f\u00e9vrier, de 14h00 \u00e0 16h30\u2026","rel":"","context":"Dans &quot;Cultures du Monde&quot;","block_context":{"text":"Cultures du Monde","link":"http:\/\/www.letourismeaparis.fr\/index.php\/category\/culture\/musees-expositions\/cultures-du-monde\/"},"img":{"alt_text":"","src":"https:\/\/i0.wp.com\/www.letourismeaparis.fr\/wp-content\/uploads\/2024\/02\/Capture-decran-2024-02-05-a-18.14.24.png?resize=350%2C200","width":350,"height":200},"classes":[]},{"id":11980,"url":"http:\/\/www.letourismeaparis.fr\/index.php\/2012\/09\/20\/le-jardin-dacclimatation-accueille-la-25eme-edition-de-la-virade-de-lespoir\/","url_meta":{"origin":11632,"position":4},"title":"LE JARDIN D\u2019ACCLIMATATION ACCUEILLE LA 25\u00e8me \u00c9DITION DE \u00ab LA VIRADE DE L\u2019ESPOIR \u00bb","author":"Fabienne TM","date":"20 septembre 2012","format":false,"excerpt":"Donner son souffle pour ceux qui en manquent : 10km de course au nom de la solidarit\u00e9 et de la g\u00e9n\u00e9rosit\u00e9 - Dimanche 30 septembre 2012 de 9 heures \u00e0 19 heures - Dimanche 30 septembre, comme c\u2019est devenu chaque ann\u00e9e une tradition, le Jardin d\u2019Acclimatation ouvrira ses portes aux\u2026","rel":"","context":"Dans &quot;Non class\u00e9&quot;","block_context":{"text":"Non class\u00e9","link":"http:\/\/www.letourismeaparis.fr\/index.php\/category\/non-classe\/"},"img":{"alt_text":"","src":"","width":0,"height":0},"classes":[]},{"id":11666,"url":"http:\/\/www.letourismeaparis.fr\/index.php\/2012\/04\/26\/samedi-28-dimanche-29-lundi-30-avril-et-mardi-1er-mai-un-grand-week-end-tout-japon-au-jardin-dacclimatation\/","url_meta":{"origin":11632,"position":5},"title":"Samedi 28, dimanche 29, lundi 30 avril et mardi 1er mai , un grand week-end tout Japon au Jardin d\u2019Acclimatation","author":"Fabienne TM","date":"26 avril 2012","format":false,"excerpt":"Plus de 300 artistes et artisans\u00a0 se succ\u00e8dent jusqu\u2019au 8 mai. Ce week-end, quatre jours de rendez-vous avec des spectacles de musique et de danse, des d\u00e9fil\u00e9s de kimonos et de costumes, des parades, des ateliers de calligraphie, de kendo, de furoshiki, des contes po\u00e9tiques, des c\u00e9r\u00e9monies de th\u00e9, une\u2026","rel":"","context":"Dans &quot;Non class\u00e9&quot;","block_context":{"text":"Non class\u00e9","link":"http:\/\/www.letourismeaparis.fr\/index.php\/category\/non-classe\/"},"img":{"alt_text":"","src":"","width":0,"height":0},"classes":[]}],"jetpack_sharing_enabled":true,"jetpack_likes_enabled":true,"_links":{"self":[{"href":"http:\/\/www.letourismeaparis.fr\/index.php\/wp-json\/wp\/v2\/posts\/11632","targetHints":{"allow":["GET"]}}],"collection":[{"href":"http:\/\/www.letourismeaparis.fr\/index.php\/wp-json\/wp\/v2\/posts"}],"about":[{"href":"http:\/\/www.letourismeaparis.fr\/index.php\/wp-json\/wp\/v2\/types\/post"}],"author":[{"embeddable":true,"href":"http:\/\/www.letourismeaparis.fr\/index.php\/wp-json\/wp\/v2\/users\/2"}],"replies":[{"embeddable":true,"href":"http:\/\/www.letourismeaparis.fr\/index.php\/wp-json\/wp\/v2\/comments?post=11632"}],"version-history":[{"count":0,"href":"http:\/\/www.letourismeaparis.fr\/index.php\/wp-json\/wp\/v2\/posts\/11632\/revisions"}],"wp:attachment":[{"href":"http:\/\/www.letourismeaparis.fr\/index.php\/wp-json\/wp\/v2\/media?parent=11632"}],"wp:term":[{"taxonomy":"category","embeddable":true,"href":"http:\/\/www.letourismeaparis.fr\/index.php\/wp-json\/wp\/v2\/categories?post=11632"},{"taxonomy":"post_tag","embeddable":true,"href":"http:\/\/www.letourismeaparis.fr\/index.php\/wp-json\/wp\/v2\/tags?post=11632"}],"curies":[{"name":"wp","href":"https:\/\/api.w.org\/{rel}","templated":true}]}}