{"id":11644,"date":"2012-04-12T22:07:20","date_gmt":"2012-04-12T21:07:20","guid":{"rendered":"http:\/\/www.letourismeaparis.fr\/?p=11644"},"modified":"2012-04-12T22:07:20","modified_gmt":"2012-04-12T21:07:20","slug":"100-sculptures-animalieres-une-superbe-exposition-au-musee-des-annees-30-de-boulogne-92","status":"publish","type":"post","link":"http:\/\/www.letourismeaparis.fr\/index.php\/2012\/04\/12\/100-sculptures-animalieres-une-superbe-exposition-au-musee-des-annees-30-de-boulogne-92\/","title":{"rendered":"\u00ab 100 sculptures animali\u00e8res \u00bb Une superbe exposition au mus\u00e9e des ann\u00e9es 30 de Boulogne &#8211; 92"},"content":{"rendered":"<p>\u00ab 100 sculptures animali\u00e8res \u00bb Une superbe exposition au mus\u00e9e des ann\u00e9es 30 de Boulogne<br \/>\nun ensemble\u00a0 d\u2019\u0153uvres sign\u00e9es des plus grands.<br \/>\nAntilopes, chats, ours, panth\u00e8res, \u00e9l\u00e9phants, ibis, oiseaux d\u2019or\u2026, enchantent le parcours dont la sc\u00e9nographie se d\u00e9ploie sur pr\u00e8s de 1000 m2.<br \/>\nDe Bugatti \u00e0 Wim Delvoye, de Pompon \u00e0 Barcel\u00f3, de Giacometti \u00e0 Jan Fabre, tous les grands artistes sont l\u00e0, les Calder, Arp, C\u00e9sar, Duchamp-Villon, Orloff, Picasso, Zadkine, Prost, Guyot, Jouve, Artus, Salaud \u2026<br \/>\nLa vari\u00e9t\u00e9\u00a0 d\u2019expressions du XXe si\u00e8cle rivalise avec le \u00ab no limit \u00bb des artistes du XXIe si\u00e8cle. <!--more--><br \/>\nMus\u00e9e des Ann\u00e9es 30<br \/>\nEspace Landowski &#8211; 28, avenue Andr\u00e9 Morizet<br \/>\n92100 Boulogne Billancourt<br \/>\nTel : 01 55 18 46 42 ou 01 55 18 53 00<br \/>\nEmail : info@annees30.com<br \/>\nhttp:\/\/www.annees30.com<\/p>\n","protected":false},"excerpt":{"rendered":"<p>\u00ab 100 sculptures animali\u00e8res \u00bb Une superbe exposition au mus\u00e9e des ann\u00e9es 30 de Boulogne un ensemble\u00a0 d\u2019\u0153uvres sign\u00e9es des plus grands. Antilopes, chats, ours, panth\u00e8res, \u00e9l\u00e9phants, ibis, oiseaux d\u2019or\u2026, enchantent le parcours dont la sc\u00e9nographie se d\u00e9ploie sur pr\u00e8s&#8230;<\/p>\n","protected":false},"author":2,"featured_media":0,"comment_status":"open","ping_status":"open","sticky":false,"template":"","format":"standard","meta":{"ngg_post_thumbnail":0,"jetpack_post_was_ever_published":false,"_jetpack_newsletter_access":"","footnotes":""},"categories":[1],"tags":[],"class_list":["post-11644","post","type-post","status-publish","format-standard","hentry","category-non-classe"],"jetpack_featured_media_url":"","jetpack-related-posts":[{"id":11335,"url":"http:\/\/www.letourismeaparis.fr\/index.php\/2013\/03\/06\/la-mongolie-entre-deux-eres-1912-1913-au-musee-albert-kahn-a-boulogne-billancourt\/","url_meta":{"origin":11644,"position":0},"title":"La Mongolie entre deux \u00e8res 1912-1913  au mus\u00e9e Albert-Kahn \u00e0 Boulogne-Billancourt jusqu&#039;au 31 mars","author":"Fabienne TM","date":"6 mars 2013","format":false,"excerpt":"Rendez-vous au c\u0153ur des steppes, parmi les cavaliers, au milieu des yourtes et des temples bouddhistes pour une \u00e9vocation haute en couleur et riche d\u2019enseignements sur un monde aujourd\u2019hui disparu. Visite guid\u00e9e de l'exposition\u00a0 :Jeudi 21\/03 et samedi 30\/03 \u00e0 14h30. L'exposition \"La mongolie entre deux \u00e8res.1912-1913\" ferme ses portes\u2026","rel":"","context":"Dans &quot;Non class\u00e9&quot;","block_context":{"text":"Non class\u00e9","link":"http:\/\/www.letourismeaparis.fr\/index.php\/category\/non-classe\/"},"img":{"alt_text":"","src":"https:\/\/i0.wp.com\/www.letourismeaparis.fr\/wp-content\/uploads\/2011\/12\/expo-mongolie-300x217.jpg?resize=350%2C200","width":350,"height":200},"classes":[]},{"id":20943,"url":"http:\/\/www.letourismeaparis.fr\/index.php\/2018\/05\/03\/exposition-leventail-de-josephine-eugenie-la-bibliotheque-marmottan-de-boulogne-92\/","url_meta":{"origin":11644,"position":1},"title":"Exposition : L&#039;Eventail&#8230; de Jos\u00e9phine \u00e0 Eug\u00e9nie \u00e0 la biblioth\u00e8que Marmottan de Boulogne-92","author":"Fabienne TM","date":"3 mai 2018","format":false,"excerpt":"Exposition: L'Eventail ... de Jos\u00e9phine \u00e0 Eug\u00e9nie \u00e0 la biblioth\u00e8que Marmottan \u00a0 \u00c0 la fois familier et m\u00e9connu, l'\u00e9ventail n'est pas un simple accessoire de mode ... Import\u00e9 d'Asie \u00e0 la Renaissance, il est adopt\u00e9 en France sous le r\u00e8gne de Louis XIV. Paris est sa capitale pendentif le XVIIIe,\u2026","rel":"","context":"Dans &quot;Mus\u00e9es \/ Expositions&quot;","block_context":{"text":"Mus\u00e9es \/ Expositions","link":"http:\/\/www.letourismeaparis.fr\/index.php\/category\/culture\/musees-expositions\/"},"img":{"alt_text":"","src":"","width":0,"height":0},"classes":[]},{"id":9344,"url":"http:\/\/www.letourismeaparis.fr\/index.php\/2011\/01\/03\/lantiquite-revee-innovations-et-resistances-au-xviiie-siecle\/","url_meta":{"origin":11644,"position":2},"title":"L\u2019Antiquit\u00e9 r\u00eav\u00e9e &#8211; Innovations et r\u00e9sistances au XVIIIe si\u00e8cle","author":"Fabienne TM","date":"3 janvier 2011","format":false,"excerpt":"jusqu'au 14-02-2011 Cette exposition met en lumi\u00e8re les diff\u00e9rentes exp\u00e9riences qui en ont renouvel\u00e9 les formes et les th\u00e8mes artistiques. Cent cinquante \u0153uvres \u2013 peintures, sculptures, dessins, gravures, arts d\u00e9coratifs \u2013sont r\u00e9unies D\u00e8s les ann\u00e9es 1720-1730,\u00a0 Tous les domaines artistiques sont gagn\u00e9s par le r\u00eave d\u2019une r\u00e9g\u00e9n\u00e9ration par l\u2019antique. (\u2026","rel":"","context":"Dans &quot;Non class\u00e9&quot;","block_context":{"text":"Non class\u00e9","link":"http:\/\/www.letourismeaparis.fr\/index.php\/category\/non-classe\/"},"img":{"alt_text":"","src":"","width":0,"height":0},"classes":[]},{"id":23756,"url":"http:\/\/www.letourismeaparis.fr\/index.php\/2019\/10\/29\/le-paquebot-ile-de-france-sancre-au-musee-des-annees-30-a-boulogne\/","url_meta":{"origin":11644,"position":3},"title":"Le paquebot \u00cele-de-France s\u2019ancre au mus\u00e9e des Ann\u00e9es 30 \u00e0 Boulogne","author":"Fabienne TM","date":"29 octobre 2019","format":false,"excerpt":"Le Mus\u00e9e des Ann\u00e9es 30 propose du 16 octobre au 10 f\u00e9vrier l'exposition de prestige \"L\u2019Art d\u00e9co, un art de vivre. Le paquebot \u00cele-de-France\". Elle retrace l\u2019\u00e9pop\u00e9e de ce navire de l\u00e9gende, symbole d\u2019un art de vivre \u00e0 la fran\u00e7aise in\u00e9gal\u00e9, mais \u00e9galement h\u00e9ros de faits de guerre, retrouvant son\u2026","rel":"","context":"Dans &quot;Non class\u00e9&quot;","block_context":{"text":"Non class\u00e9","link":"http:\/\/www.letourismeaparis.fr\/index.php\/category\/non-classe\/"},"img":{"alt_text":"","src":"https:\/\/i0.wp.com\/www.letourismeaparis.fr\/wp-content\/uploads\/2019\/10\/Capture-d%E2%80%99e%CC%81cran-2019-10-29-a%CC%80-12.22.52.png?resize=350%2C200","width":350,"height":200,"srcset":"https:\/\/i0.wp.com\/www.letourismeaparis.fr\/wp-content\/uploads\/2019\/10\/Capture-d%E2%80%99e%CC%81cran-2019-10-29-a%CC%80-12.22.52.png?resize=350%2C200 1x, https:\/\/i0.wp.com\/www.letourismeaparis.fr\/wp-content\/uploads\/2019\/10\/Capture-d%E2%80%99e%CC%81cran-2019-10-29-a%CC%80-12.22.52.png?resize=525%2C300 1.5x, https:\/\/i0.wp.com\/www.letourismeaparis.fr\/wp-content\/uploads\/2019\/10\/Capture-d%E2%80%99e%CC%81cran-2019-10-29-a%CC%80-12.22.52.png?resize=700%2C400 2x, https:\/\/i0.wp.com\/www.letourismeaparis.fr\/wp-content\/uploads\/2019\/10\/Capture-d%E2%80%99e%CC%81cran-2019-10-29-a%CC%80-12.22.52.png?resize=1050%2C600 3x"},"classes":[]},{"id":25721,"url":"http:\/\/www.letourismeaparis.fr\/index.php\/2024\/07\/13\/chefs-doeuvre-de-la-collection-torlonia-au-louvre\/","url_meta":{"origin":11644,"position":4},"title":"CHEFS-D&rsquo;OEUVRE DE LA COLLECTION TORLONIA au Louvre","author":"Fabienne TM","date":"13 juillet 2024","format":false,"excerpt":"La plus grande collection priv\u00e9e de sculpture antique romaine conserv\u00e9e \u00e0 ce jour - celle rassembl\u00e9e par les princes Torlonia durant tout le XIXe si\u00e8cle \u00e0 Rome. C'est au Louvre que les marbres Torlonia s'installent pour leur premier s\u00e9jour hors d'Italie, dans l'\u00e9crin restaur\u00e9 des appartements d'Anne d'Autriche, si\u00e8ge des\u2026","rel":"","context":"Dans &quot;Culture&quot;","block_context":{"text":"Culture","link":"http:\/\/www.letourismeaparis.fr\/index.php\/category\/culture\/"},"img":{"alt_text":"","src":"","width":0,"height":0},"classes":[]},{"id":21451,"url":"http:\/\/www.letourismeaparis.fr\/index.php\/2018\/10\/27\/un-reve-ditalie-la-collection-du-marquis-campana-au-louvre\/","url_meta":{"origin":11644,"position":5},"title":"Un r\u00eave d\u2019Italie : la collection du marquis Campana au Louvre","author":"Fabienne TM","date":"27 octobre 2018","format":false,"excerpt":"Giampietro Campana a constitu\u00e9 la plus grande collection priv\u00e9e du 19e si\u00e8cle, qui rassemblait aussi bien des objets arch\u00e9ologiques que des peintures, Image: All\u00e9gorie du printemps des sculptures et des objets de la Renaissance. Cette collection se caract\u00e9risait \u00e0 la fois par l\u2019abondance et la qualit\u00e9 de ses pi\u00e8ces, incluant\u2026","rel":"","context":"Dans &quot;Mus\u00e9es \/ Expositions&quot;","block_context":{"text":"Mus\u00e9es \/ Expositions","link":"http:\/\/www.letourismeaparis.fr\/index.php\/category\/culture\/musees-expositions\/"},"img":{"alt_text":"","src":"","width":0,"height":0},"classes":[]}],"jetpack_sharing_enabled":true,"jetpack_likes_enabled":true,"_links":{"self":[{"href":"http:\/\/www.letourismeaparis.fr\/index.php\/wp-json\/wp\/v2\/posts\/11644","targetHints":{"allow":["GET"]}}],"collection":[{"href":"http:\/\/www.letourismeaparis.fr\/index.php\/wp-json\/wp\/v2\/posts"}],"about":[{"href":"http:\/\/www.letourismeaparis.fr\/index.php\/wp-json\/wp\/v2\/types\/post"}],"author":[{"embeddable":true,"href":"http:\/\/www.letourismeaparis.fr\/index.php\/wp-json\/wp\/v2\/users\/2"}],"replies":[{"embeddable":true,"href":"http:\/\/www.letourismeaparis.fr\/index.php\/wp-json\/wp\/v2\/comments?post=11644"}],"version-history":[{"count":0,"href":"http:\/\/www.letourismeaparis.fr\/index.php\/wp-json\/wp\/v2\/posts\/11644\/revisions"}],"wp:attachment":[{"href":"http:\/\/www.letourismeaparis.fr\/index.php\/wp-json\/wp\/v2\/media?parent=11644"}],"wp:term":[{"taxonomy":"category","embeddable":true,"href":"http:\/\/www.letourismeaparis.fr\/index.php\/wp-json\/wp\/v2\/categories?post=11644"},{"taxonomy":"post_tag","embeddable":true,"href":"http:\/\/www.letourismeaparis.fr\/index.php\/wp-json\/wp\/v2\/tags?post=11644"}],"curies":[{"name":"wp","href":"https:\/\/api.w.org\/{rel}","templated":true}]}}