{"id":11661,"date":"2012-04-25T17:52:56","date_gmt":"2012-04-25T16:52:56","guid":{"rendered":"http:\/\/www.letourismeaparis.fr\/?p=11661"},"modified":"2012-04-25T17:52:56","modified_gmt":"2012-04-25T16:52:56","slug":"cooncert-de-jazz-jeudi-26-avril-a-20h-francois-jeanneausaxophoneet-concert-de-piano-samedi-28-avril-a-15-h-a-la-mairie-du-4eme","status":"publish","type":"post","link":"http:\/\/www.letourismeaparis.fr\/index.php\/2012\/04\/25\/cooncert-de-jazz-jeudi-26-avril-a-20h-francois-jeanneausaxophoneet-concert-de-piano-samedi-28-avril-a-15-h-a-la-mairie-du-4eme\/","title":{"rendered":"Concert de Jazz  jeudi 26 avril \u00e0  20h (Fran\u00e7ois Jeanneau,Saxophone)et concert de piano samedi 28 avril \u00e0 15 h \u00e0 la mairie du 4\u00e8me (entr\u00e9e libre)"},"content":{"rendered":"<p>4ZZ: Riccardo Del Fra invite Fran\u00e7ois Jeanneau<br \/>\nLe Conservatoire National Sup\u00e9rieur De Musique De Paris invite Fran\u00e7ois Jeanneau (Saxophone)<br \/>\nJeudi 26 avril 2012 \u00e0 20h<br \/>\nFRANCOIS JEANNEAU et RICCARDO DEL FRA\u00a0 \u00a0 offriront d&rsquo;abord un duo in\u00e9dit, avant de s&rsquo;entourer des \u00e9l\u00e8ves du D\u00e9partement Jazz et musiques improvis\u00e9es du Conservatoire de Paris, qui marque la cl\u00f4ture d&rsquo;une master class qui a permis aux \u00e9tudiants de rencontrer et de travailler sur la cr\u00e9ation d&rsquo;un v\u00e9ritable projet artistique avec des grands noms du jazz.<br \/>\nRiccardo Del Fra &#8211; contrebasse ,Quentin Coppalle &#8211; fl\u00fbte ,Jean Dousteyssier &#8211; clarinette ,Olivier Miconi &#8211; trompette ,Adrien Sanchez &#8211; sax t\u00e9nor ,Rapha\u00ebl Reiter &#8211; trombone ,Antoine Philippe &#8211; cor,Thomas Chabalier &#8211; vibraphone,Baptiste Crespim-Bidarra &#8211; piano ,No\u00e9 Macary &#8211; piano ,Jean-Maxime Pinta &#8211; contrebasse ,Kevin Lucchetti &#8211; batterie ,Ariel Tessier \u2013 batterie<!--more-->MELOMANIA autour de deux claviers samedi 28 avril<br \/>\nMELOMANIA autour de deux claviers<br \/>\nSamedi 28 avril 2012\u00a0 \u00e0 15h<br \/>\nUn duo explosif marimba\/piano de deux jeunes virtuoses hors du commun dont les rythmes font \u00e9clater les fronti\u00e8res entre classique et jazz, avec une intelligence musicale unique.<br \/>\nAttention Jeunes Talents \u00e0 d\u00e9couvrir : fougue et audace au rendez-vous !<br \/>\nAu programme : W.A MOZART, Astor PIAZZOLA, Chick COREA, Dave SAMUELS, improvisations sur une musique traditionnelle de Bulgarie\u2026<br \/>\nVassilena Serafimova a remport\u00e9 de nombreux concours, nationaux et internationaux :<br \/>\nThomas Enhco (n\u00e9 en 1988) a commenc\u00e9 l&rsquo;\u00e9tude du violon \u00e0 trois ans et celle du piano \u00e0 six ans, et b\u00e9n\u00e9ficie d&rsquo;une double formation, classique et jazz, dans les deux instruments.<br \/>\n\u00c0 douze ans, Thomas Enhco entre au CMDL (Centre des Musiques Didier Lockwood), o\u00f9 il \u00e9tudie pendant trois ans aupr\u00e8s des plus grands musiciens de jazz fran\u00e7ais et internationaux.<br \/>\n\u00c0 seize ans, il est re\u00e7u au Conservatoire National Sup\u00e9rieur de Musique de Paris, et \u00e9tudie avec Riccardo Del Fra, Herv\u00e9 Sellin, Dr\u00e9 Pallemaerts, Fran\u00e7ois Th\u00e9berge. 3e Prix du Concours International de Piano Jazz Martial Solal en 2010, il a re\u00e7u fin 2010 le Django d\u2019Or Nouveau Talent 2010. Il joue en trio, duo ou solo dans nombre de festivals fran\u00e7ais et \u00e0 travers le monde.<br \/>\nSalle des f\u00eates de la mairie du 4e<br \/>\nEntr\u00e9e libre dans la limite des places disponibles<br \/>\n2 place Baudoyer 75004 Paris<!--more--><br \/>\nJeudi 24 mai 2012<br \/>\n\u2022 Sophie ALOUR Quartet<br \/>\nSophie Alour : Saxophones \/ Laurent Coq : Piano \/ Yoni Zelnik : Contrebasse &#8211; Double Bass \/ Karl Jannuska : Batterie<br \/>\nJeudi 28 juin 2012<br \/>\n\u2022 DUO : Vincent PEIRANI, accord\u00e9on &#8211; Fran\u00e7ois SALQUE, violoncelle<br \/>\nLa Mairie du 4e<br \/>\n2, place Baudoyer<br \/>\n75004 Paris<br \/>\nStandard : 01 44 54 75 04<br \/>\nM\u00b0 Hotel de Ville &#8211; Saint-Paul<\/p>\n","protected":false},"excerpt":{"rendered":"<p>4ZZ: Riccardo Del Fra invite Fran\u00e7ois Jeanneau Le Conservatoire National Sup\u00e9rieur De Musique De Paris invite Fran\u00e7ois Jeanneau (Saxophone) Jeudi 26 avril 2012 \u00e0 20h FRANCOIS JEANNEAU et RICCARDO DEL FRA\u00a0 \u00a0 offriront d&rsquo;abord un duo in\u00e9dit, avant de s&rsquo;entourer&#8230;<\/p>\n","protected":false},"author":2,"featured_media":0,"comment_status":"open","ping_status":"open","sticky":false,"template":"","format":"standard","meta":{"ngg_post_thumbnail":0,"jetpack_post_was_ever_published":false,"_jetpack_newsletter_access":"","footnotes":""},"categories":[1],"tags":[],"class_list":["post-11661","post","type-post","status-publish","format-standard","hentry","category-non-classe"],"jetpack_featured_media_url":"","jetpack-related-posts":[{"id":6655,"url":"http:\/\/www.letourismeaparis.fr\/index.php\/2010\/02\/23\/des-concerts-a-la-mairie-du-4eme-les-25jazz-et-27-fevrierpiano\/","url_meta":{"origin":11661,"position":0},"title":"Des concerts \u00e0 la mairie du 4\u00e8me les 25(Jazz) et 27 f\u00e9vrier(piano)","author":"Fabienne TM","date":"23 f\u00e9vrier 2010","format":false,"excerpt":"J4ZZ \/\/ le CNSM invite Fran\u00e7ois JEANNEAU Jeudi 25 f\u00e9vrier 2010 \u00e0 20h Le Conservatoire national sup\u00e9rieur de musique de Paris et Riccardo DEL FRA invitent Fran\u00e7ois JEANNEAU : saxophoniste, fl\u00fbtiste, compositeur, arrangeur, chef d'orchestre, p\u00e9dagogue, soundpainter... Melomania invite Irakly AVALIANI\u00a0\u00a0 Samedi 27 f\u00e9vrier \u00e0 15h L'invit\u00e9 est l'immense musicien\u2026","rel":"","context":"Dans &quot;Non class\u00e9&quot;","block_context":{"text":"Non class\u00e9","link":"http:\/\/www.letourismeaparis.fr\/index.php\/category\/non-classe\/"},"img":{"alt_text":"","src":"","width":0,"height":0},"classes":[]},{"id":10126,"url":"http:\/\/www.letourismeaparis.fr\/index.php\/2011\/04\/18\/jazz-riccardo-del-fra-et-daniel-humair-jeudi-28-avril-20h-a-la-mairie-du-4-eme\/","url_meta":{"origin":11661,"position":1},"title":"JAZZ \/\/ Riccardo Del Fra et Daniel Humair    Jeudi 28 avril, 20h  \u00e0 la mairie du 4 \u00e8me","author":"Fabienne TM","date":"18 avril 2011","format":false,"excerpt":"J4ZZ \/\/ Riccardo Del Fra et Daniel Humair Jeudi 28 avril, 20h Une distribution d'exception pour cette nouvelle rencontre J4ZZ d\u00e9di\u00e9e \u00e0 l'improvisation et au partage : Daniel Humair, batterie Riccardo Del Fra, contrebasse Workshop des \u00e9tudiants du Conservatoire national sup\u00e9rieur de musique et de danse de Paris Isabel S\u00f6rling,\u2026","rel":"","context":"Dans &quot;Non class\u00e9&quot;","block_context":{"text":"Non class\u00e9","link":"http:\/\/www.letourismeaparis.fr\/index.php\/category\/non-classe\/"},"img":{"alt_text":"","src":"","width":0,"height":0},"classes":[]},{"id":5193,"url":"http:\/\/www.letourismeaparis.fr\/index.php\/2009\/11\/24\/jazz-daniel-humair-a-la-mairie-du-4-eme-le-26-novembre\/","url_meta":{"origin":11661,"position":2},"title":"JAZZ :Daniel HUMAIR \u00e0 la mairie du 4 \u00e8me le 26 novembre","author":"Fabienne TM","date":"24 novembre 2009","format":false,"excerpt":"Quand le J4ZZ est l\u00e0, le Conservatoire National Sup\u00e9rieur de Musique de Paris invite Daniel HUMAIR \u00e0 la mairie du 4 \u00e8me le 26 novembre \u00e0 20h affiche_J4ZZ_214x300Riccardo DEL FRA contrebasse | Daniel HUMAIR batterie Daniel HUMAIR est consid\u00e9r\u00e9 comme l'un des meilleurs batteurs au monde, selon le Dictionnaire du\u2026","rel":"","context":"Dans &quot;Non class\u00e9&quot;","block_context":{"text":"Non class\u00e9","link":"http:\/\/www.letourismeaparis.fr\/index.php\/category\/non-classe\/"},"img":{"alt_text":"","src":"https:\/\/i0.wp.com\/www.letourismeaparis.fr\/wp-content\/uploads\/2009\/11\/affiche_J4ZZ_214x300.jpg?resize=350%2C200","width":350,"height":200},"classes":[]},{"id":4529,"url":"http:\/\/www.letourismeaparis.fr\/index.php\/2009\/11\/08\/concerts-de-jazz-au-centre-wallonie-bruxelles-de-paris\/","url_meta":{"origin":11661,"position":3},"title":"Concerts de Jazz  au centre Wallonie Bruxelles de Paris le 10\/11 &#8230;.","author":"Fabienne TM","date":"8 novembre 2009","format":false,"excerpt":"Mardi 10 novembre 2009 \u00e0 20H CONCERT un concert exceptionnel pour (re)d\u00e9couvrir les musiques que Riccardo Del Fra a compos\u00e9es pour les films de Lucas Belvaux. - Vendredi 16 novembre 2009 \u00e0 20H SPECTACLE Les po\u00e8tes du jazz - Lundi 23 novembre 2009 \u00e0 19H CONF\u00c9RENCE Les \u00e2ges d\u2019or du\u2026","rel":"","context":"Dans &quot;Non class\u00e9&quot;","block_context":{"text":"Non class\u00e9","link":"http:\/\/www.letourismeaparis.fr\/index.php\/category\/non-classe\/"},"img":{"alt_text":"","src":"","width":0,"height":0},"classes":[]},{"id":10709,"url":"http:\/\/www.letourismeaparis.fr\/index.php\/2011\/07\/25\/7e-edition-des-arenes-du-jazz-dans-les-arenes-de-montmartre-du-jeudi-21-au-mardi-26-juillet-2011\/","url_meta":{"origin":11661,"position":4},"title":"7e \u00e9dition des &quot;Ar\u00e8nes du jazz &quot; dans les ar\u00e8nes de Montmartre jusqu&#039; au mardi 26 juillet 2011","author":"Fabienne TM","date":"25 juillet 2011","format":false,"excerpt":"JEUDI 21\/7 CHARLES LLOYD QUARTET Charles LLOYD (saxophones et voix) - Jason MORAN (piano) Reuben ROGERS (contrebasse) - Eric HARLAND (batterie) VENDREDI 22\/7 CLAUDIA SOLAL SPOONBOX (quartet) Claudia SOLAL (voix) - Benjamin MOUSSAY (claviers, piano, mao) - Jean Charles RICHARD (saxophones, fl\u00fbtes) - Joe QUITZKE (batterie) fl\u00fbtes) SAMEDI 23\/7 TROC\u2026","rel":"","context":"Dans &quot;Non class\u00e9&quot;","block_context":{"text":"Non class\u00e9","link":"http:\/\/www.letourismeaparis.fr\/index.php\/category\/non-classe\/"},"img":{"alt_text":"","src":"https:\/\/i0.wp.com\/www.letourismeaparis.fr\/wp-content\/uploads\/2011\/07\/les-ar%C3%83%C2%A8nes-du-jazz-2011-201x300.jpg?resize=350%2C200","width":350,"height":200},"classes":[]},{"id":3931,"url":"http:\/\/www.letourismeaparis.fr\/index.php\/2009\/08\/30\/jazz-a-la-villette-du-1er-au-13-septembre-pour-petits-et-grands\/","url_meta":{"origin":11661,"position":5},"title":"Jazz \u00e0 la Villette du 1er au 13 septembre pour petits et grands","author":"Fabienne TM","date":"30 ao\u00fbt 2009","format":false,"excerpt":"Du 1er au 13 septembre 2009 Hank Jones, Ahmad Jamal, Ornette Coleman, Ron Carter, Seun Kuti, Amadou & Mariam, De la Soul, Yael Naim, John Zorn et Jazz \u00e0 la Villette for Kids !Samedi 5 Septembre 11h Conte musical d\u2019apr\u00e8s Pierre et le Loup par Fran\u00e7ois Jeanneau Pandemonium. l\u2019oeuvre de\u2026","rel":"","context":"Dans &quot;Non class\u00e9&quot;","block_context":{"text":"Non class\u00e9","link":"http:\/\/www.letourismeaparis.fr\/index.php\/category\/non-classe\/"},"img":{"alt_text":"","src":"","width":0,"height":0},"classes":[]}],"jetpack_sharing_enabled":true,"jetpack_likes_enabled":true,"_links":{"self":[{"href":"http:\/\/www.letourismeaparis.fr\/index.php\/wp-json\/wp\/v2\/posts\/11661","targetHints":{"allow":["GET"]}}],"collection":[{"href":"http:\/\/www.letourismeaparis.fr\/index.php\/wp-json\/wp\/v2\/posts"}],"about":[{"href":"http:\/\/www.letourismeaparis.fr\/index.php\/wp-json\/wp\/v2\/types\/post"}],"author":[{"embeddable":true,"href":"http:\/\/www.letourismeaparis.fr\/index.php\/wp-json\/wp\/v2\/users\/2"}],"replies":[{"embeddable":true,"href":"http:\/\/www.letourismeaparis.fr\/index.php\/wp-json\/wp\/v2\/comments?post=11661"}],"version-history":[{"count":0,"href":"http:\/\/www.letourismeaparis.fr\/index.php\/wp-json\/wp\/v2\/posts\/11661\/revisions"}],"wp:attachment":[{"href":"http:\/\/www.letourismeaparis.fr\/index.php\/wp-json\/wp\/v2\/media?parent=11661"}],"wp:term":[{"taxonomy":"category","embeddable":true,"href":"http:\/\/www.letourismeaparis.fr\/index.php\/wp-json\/wp\/v2\/categories?post=11661"},{"taxonomy":"post_tag","embeddable":true,"href":"http:\/\/www.letourismeaparis.fr\/index.php\/wp-json\/wp\/v2\/tags?post=11661"}],"curies":[{"name":"wp","href":"https:\/\/api.w.org\/{rel}","templated":true}]}}