{"id":11666,"date":"2012-04-26T18:37:15","date_gmt":"2012-04-26T17:37:15","guid":{"rendered":"http:\/\/www.letourismeaparis.fr\/?p=11666"},"modified":"2012-04-26T18:37:15","modified_gmt":"2012-04-26T17:37:15","slug":"samedi-28-dimanche-29-lundi-30-avril-et-mardi-1er-mai-un-grand-week-end-tout-japon-au-jardin-dacclimatation","status":"publish","type":"post","link":"http:\/\/www.letourismeaparis.fr\/index.php\/2012\/04\/26\/samedi-28-dimanche-29-lundi-30-avril-et-mardi-1er-mai-un-grand-week-end-tout-japon-au-jardin-dacclimatation\/","title":{"rendered":"Samedi 28, dimanche 29, lundi 30 avril et mardi 1er mai , un grand week-end tout Japon au Jardin d\u2019Acclimatation"},"content":{"rendered":"<p>Plus de 300 artistes et artisans\u00a0 se succ\u00e8dent jusqu\u2019au 8 mai.<br \/>\nCe week-end, quatre jours de rendez-vous avec des spectacles de musique et de danse, des d\u00e9fil\u00e9s de kimonos et de costumes, des parades, des ateliers de calligraphie, de kendo, de furoshiki, des contes po\u00e9tiques, des c\u00e9r\u00e9monies de th\u00e9, une vraie rue japonaise avec de l\u2019artisanat, de la gastronomie, des jeux, de l\u2019art\u2026 Pour moins de trois euros, partez \u00e0 l&rsquo;autre bout du monde !<!--more--><br \/>\nDanse de la F\u00eate d\u2019Ohara<br \/>\nSamedi 28 avril \u00e0 14h<br \/>\nSamedi 28 avril \u00e0 15h et dimanche 29 avril \u00e0 14h<br \/>\nParade : dimanche 29 avril \u00e0 16h<br \/>\nConcert de Sanshin par Masahiro Iha et Club de Sanshin de Paris<br \/>\nSamedi 28 avril \u00e0 16h30<br \/>\nLe Petit Concert d\u2019Asoka Sato<br \/>\nSamedi 28 avril \u00e0 17h<br \/>\nEnsemble Sakura<br \/>\nSakura signifie \u201cfleurs de cerisiers\u201d.L\u2019Ensemble Sakura interpr\u00e8te les plus populaires des miny\u00f4, les chants<br \/>\nfolkloriques du Japon.<br \/>\nDimanche 29 avril \u00e0 15h, lundi 30 avril \u00e0 14h, mardi 1er mai \u00e0 15h<br \/>\nParade : mardi 1er mai \u00e0 16h<!--more--><br \/>\nLa Noce Japonaise<br \/>\nPr\u00e9sentation de kimonos de mariage et de la longue pr\u00e9paration des tenues de c\u00e9r\u00e9monie. Mieko Hamada et ses mannequins souhaitent transmettre la beaut\u00e9 des kimonos et montrer les secrets de ces v\u00eatements si simples en apparence.<br \/>\nDimanche 29 avril \u00e0 16h30, lundi 30 avril \u00e0 15h30, mardi 1er mai \u00e0 16h30<br \/>\n\u201cWa\u201d Sounds by Biwa &amp; Shakuhachi<br \/>\nun concert d\u2019instruments traditionnels,<br \/>\nDimanche 29 avril \u00e0 17h, lundi 30 avril \u00e0 16h, mardi 1er mai \u00e0 14h<br \/>\nKamishibai &#8211; Th\u00e9\u00e2tre en papier<br \/>\nAsoka Sato nous raconte des histoires que tous les Japonais connaissent : \u201cLa Bataille du Singe et du Crabe\u201d (Saru kani gassen) et \u201cLe Moineau \u00e0 la langue coup\u00e9e\u201d (Shitakiri suzume), accompagn\u00e9e de son piano.<br \/>\nDimanche 29 avril et lundi 30 avril \u00e0 15h<br \/>\nKenbu, la danse du Sabre et Shigin<br \/>\nLundi 30 avril \u00e0 16h30, mardi 1er mai \u00e0 15h et 17h30<br \/>\nA la Maison de th\u00e9<br \/>\nCharlotte Perriand<br \/>\nC\u00e9r\u00e9monie du th\u00e9 par Michiko Fukuuchi<br \/>\nSamedi 28, dimanche 29, lundi 30 avril \u00e0 14h, 15h, 16h et 17h. Mardi 1er mai \u00e0 11h<br \/>\nC\u00e9r\u00e9monie du th\u00e9 par Yuko Takoaka<br \/>\nMardi 1er mai \u00e0 14h et 15h<br \/>\nDes ateliers en plein air devant la Grande Voli\u00e8re :<br \/>\nCollage en papier<br \/>\nSamedi 28 et dimanche 29 avril \u00e0 14h<br \/>\nInitiation au kendo<br \/>\nun des arts martiaux traditionnels japonais.<br \/>\nSamedi 28 avril \u00e0 15h, dimanche 29 et lundi 30 avril \u00e0 16h<br \/>\nAtelier de calligraphie<br \/>\nSamedi 28 avril \u00e0 17h, dimanche 29 et lundi 30 avril \u00e0 16h30, mardi 1er mai \u00e0 14h30<br \/>\nAtelier de furoshiki<br \/>\nLe furoshiki est une pi\u00e8ce de tissu traditionnelle qui pli\u00e9e de diff\u00e9rentes fa\u00e7ons peut \u00eatre utilis\u00e9e comme un sac.\u00a0 Lundi 30 avril \u00e0 14h<br \/>\nDes d\u00e9monstrations en plein air devant la Grande Voli\u00e8re :<br \/>\nPerformance po\u00e9tique<br \/>\nPeinture in-situ de Yuuko Suzuki et lecture du texte po\u00e9tique \u00abNoces pour la main d\u2019un monde\u00bb de Pierre Godo par lui-m\u00eame accompagn\u00e9 d&rsquo;une percussion japonaise <!--more--><br \/>\nSamedi 28 avril \u00e0 16h<br \/>\nPerformances des Ninja Juniors<br \/>\nSur la musique du dessin anim\u00e9 de ninja, Naruto, les petits ninjas vont vous \u00e9tonner avec une performance<br \/>\nde danse et de lancer de shuriken, les lames volantes qui sont des armes redoutables&#8230; mais cette fois-ci, elles sont en origami !<br \/>\nMardi 1er mai \u00e0 14h<br \/>\nDojo \u00e0 Paris par Ia\u00efdo Makoto<br \/>\n\u201cLa voie du Sabre japonais &#8211; la voie de la vie harmonieuse\u201d.\u00a0 Dynamisme \u00e0 l\u2019int\u00e9rieur et calme \u00e0 l\u2019ext\u00e9rieur &#8211; calme \u00e0 l\u2019int\u00e9rieur et dynamisme \u00e0 l\u2019ext\u00e9rieur.<br \/>\nMardi 1er mai \u00e0 16h<br \/>\nAu Mus\u00e9e des Enfants<br \/>\nFestival de films d\u2019animation<br \/>\nBouba \u2013 S\u00e9rie Tv<br \/>\nSamedi 28 avril \u00e0 11h<br \/>\nChocola et Vanilla \u2013 S\u00e9rie Tv<br \/>\nDimanche 29 avril \u00e0 11h<br \/>\nLes mondes engloutis \u2013 S\u00e9rie Tv<br \/>\nLundi 30 avril \u00e0 11h<br \/>\nGigi \u2013 S\u00e9rie Tv<br \/>\nMardi 1er mai \u00e0 11h<br \/>\nLa Chorale de Akio Nishizawa (2008) \u2022 dur\u00e9e 1h36<br \/>\nSamedi 28 avril \u00e0 14h et lundi 30 avril \u00e0 16h. Mardi 1er mai \u00e0 14h<br \/>\nMai Mai Miracle de Sunao Katabuchi \u2022 dur\u00e9e 1h33<br \/>\nDans le Japon de l\u2019apr\u00e8s-guerre, la jeune Shinko grandit paisiblement avec ses amis, entour\u00e9e des paysages luxuriants de la campagne japonaise. L\u2019arriv\u00e9e d\u2019une nouvelle \u00e9l\u00e8ve en provenance de Tokyo va permettre \u00e0 Shinko de vivre de nouvelles aventures.<br \/>\nSamedi 28 avril \u00e0 16h<br \/>\nPiano Forest de Masayuki Kojima (2009) \u2022 dur\u00e9e 1h41<br \/>\nDimanche 29 et lundi 30 avril \u00e0 14h<br \/>\nLe Tombeau des Lucioles de Isao Takahata (1996) \u2022 dur\u00e9e 1h25<br \/>\nJapon, \u00e9t\u00e9 1945.<br \/>\nDimanche 29 avril \u00e0 16h<br \/>\nProfesseur Layton de Mazakazu Kubo et Akihiro Hino \u2022 dur\u00e9e 1h38<br \/>\nMardi 1er mai \u00e0 16h<br \/>\nJardin d\u2019Acclimatation &#8211; Bois de Boulogne &#8211; 75116 Paris &#8211; www.jardindacclimatation.fr<\/p>\n","protected":false},"excerpt":{"rendered":"<p>Plus de 300 artistes et artisans\u00a0 se succ\u00e8dent jusqu\u2019au 8 mai. Ce week-end, quatre jours de rendez-vous avec des spectacles de musique et de danse, des d\u00e9fil\u00e9s de kimonos et de costumes, des parades, des ateliers de calligraphie, de kendo,&#8230;<\/p>\n","protected":false},"author":2,"featured_media":0,"comment_status":"open","ping_status":"open","sticky":false,"template":"","format":"standard","meta":{"ngg_post_thumbnail":0,"jetpack_post_was_ever_published":false,"_jetpack_newsletter_access":"","footnotes":""},"categories":[1],"tags":[],"class_list":["post-11666","post","type-post","status-publish","format-standard","hentry","category-non-classe"],"jetpack_featured_media_url":"","jetpack-related-posts":[{"id":7473,"url":"http:\/\/www.letourismeaparis.fr\/index.php\/2010\/05\/08\/la-foire-de-paris-se-tient-du-29-avril-au-9-mai-2010\/","url_meta":{"origin":11666,"position":0},"title":"La Foire de Paris : dernier week end !","author":"Fabienne TM","date":"8 mai 2010","format":false,"excerpt":"10h \u2013 19h sans interruption, d\u00e8s 9h30 les samedis, dimanches et jours f\u00e9ri\u00e9s. Nuit de la Foire, le 7 mai jusqu'\u00e0 23h. Porte de Versailles le cas f\u00e9minin, avec Plan\u00e8te Femme,\u00a0 les nouvelles technologies,le Concours L\u00e9pine 2010,le Podium de l'Innovation Le Carnaval Tropical ,une des plus grandes offres d'Europe en\u2026","rel":"","context":"Dans &quot;Non class\u00e9&quot;","block_context":{"text":"Non class\u00e9","link":"http:\/\/www.letourismeaparis.fr\/index.php\/category\/non-classe\/"},"img":{"alt_text":"","src":"","width":0,"height":0},"classes":[]},{"id":13103,"url":"http:\/\/www.letourismeaparis.fr\/index.php\/2013\/07\/28\/le-monde-enchante-de-jacques-demy-du-10-avril-au-4-aout-2013-a-la-cinematheque\/","url_meta":{"origin":11666,"position":1},"title":"Le monde enchant\u00e9 de Jacques Demy jusqu&#039; au 4 ao\u00fbt 2013 \u00e0 la cin\u00e9math\u00e8que","author":"Fabienne TM","date":"28 juillet 2013","format":false,"excerpt":"Com\u00e9dies pop, personnages enchanteurs, all\u00e9gresse et sensualit\u00e9... D\u00e9couvrez le monde enchant\u00e9 de Jacques Demy ! A la fois spectaculaire et intime, l'exposition nous plonge dans l'univers color\u00e9 et musical de l'auteur des Parapluies de Cherbourg, des Demoiselles de Rochefort et de Peau d'\u00e2ne et fait rimer extraits de films, photographies,\u2026","rel":"","context":"Dans &quot;Cin\u00e9ma&quot;","block_context":{"text":"Cin\u00e9ma","link":"http:\/\/www.letourismeaparis.fr\/index.php\/category\/spectacle\/cinema\/"},"img":{"alt_text":"","src":"","width":0,"height":0},"classes":[]},{"id":25538,"url":"http:\/\/www.letourismeaparis.fr\/index.php\/2024\/03\/14\/hanami-la-fete-du-printemps-refleurit\/","url_meta":{"origin":11666,"position":2},"title":"HANAMI : LA F\u00caTE DU PRINTEMPS REFLEURIT","author":"Fabienne TM","date":"14 mars 2024","format":false,"excerpt":"AU DOMAINE D\u00c9PARTEMENTAL DE SCEAUX Du 30 mars au 28 avril \u2013 Domaine d\u00e9partemental de Sceaux Le parc du Domaine d\u00e9partemental de Sceaux accueille Hanami, la f\u00eate qui c\u00e9l\u00e8bre les cerisiers en fleur. Un \u00e9v\u00e9nement comme chaque ann\u00e9e tr\u00e8s attendu, qui fera voyager les visiteurs dans le parc et dans\u2026","rel":"","context":"Dans &quot;Agriculture&quot;","block_context":{"text":"Agriculture","link":"http:\/\/www.letourismeaparis.fr\/index.php\/category\/agriculture\/"},"img":{"alt_text":"","src":"https:\/\/i0.wp.com\/www.letourismeaparis.fr\/wp-content\/uploads\/2024\/03\/Capture-decran-2024-03-14-a-16.03.10.png?resize=350%2C200","width":350,"height":200},"classes":[]},{"id":10207,"url":"http:\/\/www.letourismeaparis.fr\/index.php\/2011\/05\/04\/la-foire-de-paris-2011-porte-de-versailles-du-jeudi-28-avril-au-dimanche-8-mai-prochain\/","url_meta":{"origin":11666,"position":3},"title":"La Foire de Paris 2011 ,Porte de Versailles, jusqu&#039; au dimanche 8 mai .","author":"Fabienne TM","date":"4 mai 2011","format":false,"excerpt":"Maison et environnement,Bien \u00eatre et loisirs,cultures du monde, des \u00e9v\u00e8nements et des animations notamment tropiques en f\u00eate(Au total : 60 spectacles lives musicaux gratuits durant 11 jours pour vibrer et danser \u00e0 son rythme !)\u00a0\u00a0\u00a0\u00a0\u00a0 L\u2019\u00e9lection de la Reine du Carnaval Tropical de Paris\u00a0 (le 30 avril), Un medley\u00a0 de\u2026","rel":"","context":"Dans &quot;Non class\u00e9&quot;","block_context":{"text":"Non class\u00e9","link":"http:\/\/www.letourismeaparis.fr\/index.php\/category\/non-classe\/"},"img":{"alt_text":"","src":"https:\/\/i0.wp.com\/www.letourismeaparis.fr\/wp-content\/uploads\/2011\/04\/Festival-Trophique-en-Fete-actu_medium.jpg?resize=350%2C200","width":350,"height":200},"classes":[]},{"id":13137,"url":"http:\/\/www.letourismeaparis.fr\/index.php\/2013\/04\/18\/les-journees-de-la-bretagne-les-20-et-21-avril-a-la-mairie-du-16eme\/","url_meta":{"origin":11666,"position":4},"title":"LES JOURNEES DE LA BRETAGNE LES 20 ET 21 AVRIL A LA MAIRIE DU 16EME","author":"Fabienne TM","date":"18 avril 2013","format":false,"excerpt":"LE BREIZH MARKET Samedi de 14h \u00e0 18h - Dimanche de 11h \u00e0 18h - Halls de la Mairie Les Santons Gilles Parisot, l\u2019association Paris Breton, le comit\u00e9 r\u00e9gional du tourisme de Bretagne, la librairie Coop Breizh, la Maison de la Bretagne, et l\u2019\u00e9picerie Les Chemins de Bretagne viendront\u00a0 vous\u2026","rel":"","context":"Dans &quot;Non class\u00e9&quot;","block_context":{"text":"Non class\u00e9","link":"http:\/\/www.letourismeaparis.fr\/index.php\/category\/non-classe\/"},"img":{"alt_text":"","src":"","width":0,"height":0},"classes":[]},{"id":16905,"url":"http:\/\/www.letourismeaparis.fr\/index.php\/2015\/08\/09\/les-grandes-eaux-musicales-a-versailles-et-les-grandes-eaux-nocturnes\/","url_meta":{"origin":11666,"position":5},"title":"Les grandes eaux musicales \u00e0 Versailles et les grandes eaux nocturnes","author":"Fabienne TM","date":"9 ao\u00fbt 2015","format":false,"excerpt":"Tous les samedis et dimanches, jusqu'au 1er novembre 2015. Acc\u00e8s aux jardins du ch\u00e2teau dessin\u00e9s par Andr\u00e9 Le N\u00f4tre pour une balade royale \u00e0 la d\u00e9couverte des bosquets exceptionnellement ouverts au public. Fontaines jaillissantes et musique baroque pour ornements visuels et sonores\u2026. Incontournable\u00a0! Fermeture anticip\u00e9e des Grandes Eaux Musicales \u00e0\u2026","rel":"","context":"Dans &quot;Non class\u00e9&quot;","block_context":{"text":"Non class\u00e9","link":"http:\/\/www.letourismeaparis.fr\/index.php\/category\/non-classe\/"},"img":{"alt_text":"","src":"","width":0,"height":0},"classes":[]}],"jetpack_sharing_enabled":true,"jetpack_likes_enabled":true,"_links":{"self":[{"href":"http:\/\/www.letourismeaparis.fr\/index.php\/wp-json\/wp\/v2\/posts\/11666","targetHints":{"allow":["GET"]}}],"collection":[{"href":"http:\/\/www.letourismeaparis.fr\/index.php\/wp-json\/wp\/v2\/posts"}],"about":[{"href":"http:\/\/www.letourismeaparis.fr\/index.php\/wp-json\/wp\/v2\/types\/post"}],"author":[{"embeddable":true,"href":"http:\/\/www.letourismeaparis.fr\/index.php\/wp-json\/wp\/v2\/users\/2"}],"replies":[{"embeddable":true,"href":"http:\/\/www.letourismeaparis.fr\/index.php\/wp-json\/wp\/v2\/comments?post=11666"}],"version-history":[{"count":0,"href":"http:\/\/www.letourismeaparis.fr\/index.php\/wp-json\/wp\/v2\/posts\/11666\/revisions"}],"wp:attachment":[{"href":"http:\/\/www.letourismeaparis.fr\/index.php\/wp-json\/wp\/v2\/media?parent=11666"}],"wp:term":[{"taxonomy":"category","embeddable":true,"href":"http:\/\/www.letourismeaparis.fr\/index.php\/wp-json\/wp\/v2\/categories?post=11666"},{"taxonomy":"post_tag","embeddable":true,"href":"http:\/\/www.letourismeaparis.fr\/index.php\/wp-json\/wp\/v2\/tags?post=11666"}],"curies":[{"name":"wp","href":"https:\/\/api.w.org\/{rel}","templated":true}]}}