{"id":11673,"date":"2012-05-24T22:02:07","date_gmt":"2012-05-24T21:02:07","guid":{"rendered":"http:\/\/www.letourismeaparis.fr\/?p=11673"},"modified":"2012-05-24T22:02:07","modified_gmt":"2012-05-24T21:02:07","slug":"la-presse-a-la-une-jusquau-15-juillet-2012-a-la-bnf","status":"publish","type":"post","link":"http:\/\/www.letourismeaparis.fr\/index.php\/2012\/05\/24\/la-presse-a-la-une-jusquau-15-juillet-2012-a-la-bnf\/","title":{"rendered":"&quot; La Presse \u00e0 la Une &quot;jusqu&#039;au 15 juillet 2012 \u00e0 la BNF"},"content":{"rendered":"<p>Depuis les mazarinades et la Gazette de Th\u00e9ophraste Renaudot jusqu\u2019aux m\u00e9dias en ligne, l\u2019exposition retrace l\u2019histoire de la presse \u00e9crite d\u2019information g\u00e9n\u00e9rale en France du XVIIe si\u00e8cle jusqu\u2019\u00e0 nos jours.<br \/>\nLes mises en page et la pr\u00e9sentation de l\u2019information donnent une place croissante \u00e0 l\u2019image puis \u00e0 la photographie<a href=\"http:\/\/www.letourismeaparis.fr\/wp-content\/uploads\/2012\/04\/presse_gd.jpg\"><img loading=\"lazy\" decoding=\"async\" class=\"aligncenter size-thumbnail wp-image-11674\" title=\"presse_gd\" src=\"http:\/\/www.letourismeaparis.fr\/wp-content\/uploads\/2012\/04\/presse_gd-150x150.jpg\" alt=\"\" width=\"150\" height=\"150\" \/><\/a><!--more-->(L&rsquo;Aurore, 13 janvier 1898, n\u00b087\u00a0 BnF, dpt. Droit, \u00e9conomie, politique)<br \/>\net \u00e9voluent sous l\u2019influence des m\u00e9dias concurrents \u2014 radio, t\u00e9l\u00e9vision, puis internet. L\u2019apparition de la presse gratuite, le d\u00e9veloppement du num\u00e9rique, l\u2019\u00e9mergence du journalisme citoyen ou l\u2019\u00e9volution du droit \u00e0 l\u2019image modifient l\u2019exercice de la profession.<br \/>\nGuid\u00e9 par ces rep\u00e8res chronologiques, le visiteur entre dans le processus de fabrique de l\u2019information, de la diffusion de la d\u00e9p\u00eache d\u2019agence \u00e0 la salle de r\u00e9daction.<br \/>\nCette plong\u00e9e au coeur du m\u00e9tier met en lumi\u00e8re la vari\u00e9t\u00e9 des profils (\u00e9ditorialistes, grands reporters, photo reporters) et l\u2019\u00e9volution de la profession, \u00e0 travers les itin\u00e9raires de grandes figures : \u00c9mile Zola, Gaston Leroux, Albert Londres, S\u00e9verine, Robert Capa&#8230;<br \/>\nComptes rendus de proc\u00e8s, reportages de guerre, chroniques sportives ou mondaines montrent la diversit\u00e9 de contenus de la presse et les diff\u00e9rentes mani\u00e8res de traiter l\u2019information selon ces grands genres.<br \/>\nmardi &#8211; samedi de 10h \u00e0 19h<br \/>\ndimanche de 13h \u00e0 19h<br \/>\nsauf lundi et jours f\u00e9ri\u00e9s<br \/>\nQuai Fran\u00e7ois-Mauriac<br \/>\n75706 Paris Cedex 13<\/p>\n","protected":false},"excerpt":{"rendered":"<p>Depuis les mazarinades et la Gazette de Th\u00e9ophraste Renaudot jusqu\u2019aux m\u00e9dias en ligne, l\u2019exposition retrace l\u2019histoire de la presse \u00e9crite d\u2019information g\u00e9n\u00e9rale en France du XVIIe si\u00e8cle jusqu\u2019\u00e0 nos jours. Les mises en page et la pr\u00e9sentation de l\u2019information donnent&#8230;<\/p>\n","protected":false},"author":2,"featured_media":0,"comment_status":"open","ping_status":"open","sticky":false,"template":"","format":"standard","meta":{"ngg_post_thumbnail":0,"jetpack_post_was_ever_published":false,"_jetpack_newsletter_access":"","footnotes":""},"categories":[1],"tags":[],"class_list":["post-11673","post","type-post","status-publish","format-standard","hentry","category-non-classe"],"jetpack_featured_media_url":"","jetpack-related-posts":[{"id":6926,"url":"http:\/\/www.letourismeaparis.fr\/index.php\/2010\/04\/04\/dessins-de-presse-de-louis-philippe-a-nos-jours-a-la-bnf\/","url_meta":{"origin":11673,"position":0},"title":"Dessins de Tim, dessins de presse de Louis-Philippe \u00e0 nos jours , Biennale du dessin de presse \u00e0 la BNF","author":"Fabienne TM","date":"4 avril 2010","format":false,"excerpt":"Philipon, Grandville, Daumier, Bib, Dubout, Effel ou Tim, des dessinateurs les plus c\u00e9l\u00e8bres aux plus intimistes, la BnF conserve des milliers de dessins originaux et imprim\u00e9s. dessin de Philippe Bissi\u00e8res L\u2019exposition pr\u00e9sente l\u2019\u00e9volution du dessin de presse du XIXe si\u00e8cle \u00e0 nos jours. plus de soixante-dix auteurs s\u2019exprimant avec humour,\u2026","rel":"","context":"Dans &quot;Non class\u00e9&quot;","block_context":{"text":"Non class\u00e9","link":"http:\/\/www.letourismeaparis.fr\/index.php\/category\/non-classe\/"},"img":{"alt_text":"","src":"","width":0,"height":0},"classes":[]},{"id":25818,"url":"http:\/\/www.letourismeaparis.fr\/index.php\/2024\/09\/20\/la-bnf-richelieu-presente-le-monde-pour-horizon-des-tresors-a-decouvrir-sans-tarder\/","url_meta":{"origin":11673,"position":1},"title":"La BNF RICHELIEU  Pr\u00e9sente \u00ab\u00a0le monde pour horizon\u00a0\u00bb.Des tr\u00e9sors \u00e0 d\u00e9couvrir sans tarder\u2026.","author":"Fabienne TM","date":"20 septembre 2024","format":false,"excerpt":"A l\u2019occasion de la nouvelle th\u00e9matique\u00a0\u00bb Le monde pour horizon\u00a0\u00bb, le mus\u00e9e de la BnF \u00a0a invit\u00e9 , Barth\u00e9l\u00e9my Toguo . Son \u0153uvre, explore la mondialisation, la migration et les droits de l\u2019homme. Vivant entre le Cameroun et la France, exposant et travaillant en r\u00e9sidence dans de nombreux pays autour\u2026","rel":"","context":"Dans &quot;Cultures du Monde&quot;","block_context":{"text":"Cultures du Monde","link":"http:\/\/www.letourismeaparis.fr\/index.php\/category\/culture\/musees-expositions\/cultures-du-monde\/"},"img":{"alt_text":"","src":"","width":0,"height":0},"classes":[]},{"id":12357,"url":"http:\/\/www.letourismeaparis.fr\/index.php\/2012\/12\/16\/la-photographie-en-cent-chefs-doeuvre-a-la-bnf\/","url_meta":{"origin":11673,"position":2},"title":"La photographie en cent chefs-d\u2019\u0153uvre \u00e0 la BNF","author":"Fabienne TM","date":"16 d\u00e9cembre 2012","format":false,"excerpt":"jusqu'au 17 f\u00e9vrier 2013 Cette exposition propose cent photographies provenant des collections de la BnF. La plus ancienne est un essai de William Henry Fox Talbot dat\u00e9 de 1839, la plus r\u00e9cente est prise \u00e0 Fos-sur-Mer en 1986 par Lewis Baltz dans le cadre de la mission de la DATAR\u2026","rel":"","context":"Dans &quot;Non class\u00e9&quot;","block_context":{"text":"Non class\u00e9","link":"http:\/\/www.letourismeaparis.fr\/index.php\/category\/non-classe\/"},"img":{"alt_text":"","src":"","width":0,"height":0},"classes":[]},{"id":3973,"url":"http:\/\/www.letourismeaparis.fr\/index.php\/2009\/09\/02\/lopera-dans-la-rue-du-4-au-6-septembre\/","url_meta":{"origin":11673,"position":3},"title":"L&#039;op\u00e9ra dans la rue du 4 au 6 septembre","author":"Fabienne TM","date":"2 septembre 2009","format":false,"excerpt":"Un superbe programme vous attend dans les rues des 12\u00e8me et 13\u00e8me arrondissements de Paris, \u00e0 partir\u00a0 du vendredi 4 septembre \u00e0 20 h sur le parvis de la Bnf, Tour 3, m\u00e9tro BNF\u00a0 avec \"les chansons parisiennes fluctuat nec mergitur \" puis le samedi \u00e0 11h30 la servante maitresse\u2026","rel":"","context":"Dans &quot;Non class\u00e9&quot;","block_context":{"text":"Non class\u00e9","link":"http:\/\/www.letourismeaparis.fr\/index.php\/category\/non-classe\/"},"img":{"alt_text":"","src":"","width":0,"height":0},"classes":[]},{"id":17352,"url":"http:\/\/www.letourismeaparis.fr\/index.php\/2015\/11\/20\/journee-portes-ouvertes-tous-a-la-bnf-samedi-28-novembre-2015\/","url_meta":{"origin":11673,"position":4},"title":"Journ\u00e9e portes ouvertes  Tous \u00e0 la BnF samedi 28 novembre 2015 !","author":"Fabienne TM","date":"20 novembre 2015","format":false,"excerpt":"\u00a0 Pour tous les publics. Vous pourreztous \u00a0profiter librement de spectacles, visites et ateliers offerts par la BnF le samedi 28 novembre. Pour cette \u00e9dition, Dominique Pinon, Brigitte Fossey, Charles Berling et Jeff Cohen\u00a0investiront la BnF et mettront leur voix et leur talent au service du lieu et de ses\u2026","rel":"","context":"Dans &quot;Non class\u00e9&quot;","block_context":{"text":"Non class\u00e9","link":"http:\/\/www.letourismeaparis.fr\/index.php\/category\/non-classe\/"},"img":{"alt_text":"","src":"","width":0,"height":0},"classes":[]},{"id":6864,"url":"http:\/\/www.letourismeaparis.fr\/index.php\/2010\/04\/15\/miniatures-et-peintures-indiennes-a-la-bnf-a-partir-du-10-mars\/","url_meta":{"origin":11673,"position":5},"title":"Miniatures et peintures indiennes \u00e0 la BNF \u00e0 partir du 10 mars","author":"Fabienne TM","date":"15 avril 2010","format":false,"excerpt":"du 10 mars 2010 au 6 juin 2010 La BnF conserve dans ses collections, un ensemble mal connu de miniatures et peintures indiennes des XVIIe et XVIIIe si\u00e8cles. Ce fond indien compte plusieurs milliers d'\u0153uvres. Apr\u00e8s le grand dessein de Dupleix, les officiers qui l'avaient soutenu sont retourn\u00e9s en France.\u2026","rel":"","context":"Dans &quot;Non class\u00e9&quot;","block_context":{"text":"Non class\u00e9","link":"http:\/\/www.letourismeaparis.fr\/index.php\/category\/non-classe\/"},"img":{"alt_text":"","src":"","width":0,"height":0},"classes":[]}],"jetpack_sharing_enabled":true,"jetpack_likes_enabled":true,"_links":{"self":[{"href":"http:\/\/www.letourismeaparis.fr\/index.php\/wp-json\/wp\/v2\/posts\/11673","targetHints":{"allow":["GET"]}}],"collection":[{"href":"http:\/\/www.letourismeaparis.fr\/index.php\/wp-json\/wp\/v2\/posts"}],"about":[{"href":"http:\/\/www.letourismeaparis.fr\/index.php\/wp-json\/wp\/v2\/types\/post"}],"author":[{"embeddable":true,"href":"http:\/\/www.letourismeaparis.fr\/index.php\/wp-json\/wp\/v2\/users\/2"}],"replies":[{"embeddable":true,"href":"http:\/\/www.letourismeaparis.fr\/index.php\/wp-json\/wp\/v2\/comments?post=11673"}],"version-history":[{"count":0,"href":"http:\/\/www.letourismeaparis.fr\/index.php\/wp-json\/wp\/v2\/posts\/11673\/revisions"}],"wp:attachment":[{"href":"http:\/\/www.letourismeaparis.fr\/index.php\/wp-json\/wp\/v2\/media?parent=11673"}],"wp:term":[{"taxonomy":"category","embeddable":true,"href":"http:\/\/www.letourismeaparis.fr\/index.php\/wp-json\/wp\/v2\/categories?post=11673"},{"taxonomy":"post_tag","embeddable":true,"href":"http:\/\/www.letourismeaparis.fr\/index.php\/wp-json\/wp\/v2\/tags?post=11673"}],"curies":[{"name":"wp","href":"https:\/\/api.w.org\/{rel}","templated":true}]}}