{"id":11679,"date":"2012-05-03T17:17:48","date_gmt":"2012-05-03T16:17:48","guid":{"rendered":"http:\/\/www.letourismeaparis.fr\/?p=11679"},"modified":"2012-05-03T17:17:48","modified_gmt":"2012-05-03T16:17:48","slug":"samedi-5-mai-a-21h-jazz-manouche-romances-russes-et-flamenco-au-theatre-du-ranelagh","status":"publish","type":"post","link":"http:\/\/www.letourismeaparis.fr\/index.php\/2012\/05\/03\/samedi-5-mai-a-21h-jazz-manouche-romances-russes-et-flamenco-au-theatre-du-ranelagh\/","title":{"rendered":"Samedi 5 mai \u00e0 21h , Jazz manouche, romances russes et Flamenco au th\u00e9atre du Ranelagh"},"content":{"rendered":"<p>Natacha et nuits de princes<br \/>\nchant balala\u00efka<br \/>\nL\u2019air, la terre et la poussi\u00e8re de la Russie vibrent dans les chansons de Natacha. Elle chante la Russie d\u2019hier mais aussi d\u2019aujourd\u2019hui, soutenue par l\u2019orchestration cisel\u00e9e \u2013 tsigane, jazz, manouche et latino- d\u2019Olivier Cahours.<!--more--><br \/>\nchant balala\u00efka : Natacha Fialkovsky<br \/>\nguitare : Olivier Cahours<br \/>\nguitare, cavaqui\u00f1o, chant : Pascal Storch<br \/>\ndomra : Natalia Trocina<br \/>\ncontrebasse : Thierry Colson<br \/>\nLumi\u00e8re : Boris Jacob<br \/>\nTh\u00e9\u00e2tre le Ranelagh &#8211; 5 rue des vignes &#8211; 75016 Paris<\/p>\n","protected":false},"excerpt":{"rendered":"<p>Natacha et nuits de princes chant balala\u00efka L\u2019air, la terre et la poussi\u00e8re de la Russie vibrent dans les chansons de Natacha. Elle chante la Russie d\u2019hier mais aussi d\u2019aujourd\u2019hui, soutenue par l\u2019orchestration cisel\u00e9e \u2013 tsigane, jazz, manouche et latino-&#8230;<\/p>\n","protected":false},"author":2,"featured_media":0,"comment_status":"open","ping_status":"open","sticky":false,"template":"","format":"standard","meta":{"ngg_post_thumbnail":0,"jetpack_post_was_ever_published":false,"_jetpack_newsletter_access":"","footnotes":""},"categories":[1],"tags":[],"class_list":["post-11679","post","type-post","status-publish","format-standard","hentry","category-non-classe"],"jetpack_featured_media_url":"","jetpack-related-posts":[{"id":15257,"url":"http:\/\/www.letourismeaparis.fr\/index.php\/2014\/06\/27\/jazz-club-talons-aiguilles-un-spectacle-musical-au-theatre-du-ranelagh\/","url_meta":{"origin":11679,"position":0},"title":"Jazz Club &amp; Talons Aiguilles  Un spectacle musical  au Th\u00e9atre du Ranelagh","author":"Fabienne TM","date":"27 juin 2014","format":false,"excerpt":"Trois chanteuses \u00e0 Paris\u00a0: une am\u00e9ricaine, une norv\u00e9gienne et une hollandaise, s\u00e9duisantes, spontan\u00e9es et talentueuses. Ces trois filles se retrouvent dans un club de jazz pour donner un concert. La blonde sensuelle, la brune sensible et la rousse piquante ont des histoires \u00e0 se raconter et \u00e0 partager avec le\u2026","rel":"","context":"Dans &quot;Th\u00e9atre&quot;","block_context":{"text":"Th\u00e9atre","link":"http:\/\/www.letourismeaparis.fr\/index.php\/category\/spectacle\/theatre\/"},"img":{"alt_text":"","src":"","width":0,"height":0},"classes":[]},{"id":25775,"url":"http:\/\/www.letourismeaparis.fr\/index.php\/2024\/09\/14\/le-revizor-de-gogol-une-excellente-piece-au-theatre-du-ranelagh\/","url_meta":{"origin":11679,"position":1},"title":"Le Revizor de Gogol : une excellente pi\u00e8ce au Th\u00e9atre du Ranelagh","author":"Fabienne TM","date":"14 septembre 2024","format":false,"excerpt":"Dans une province \u00e9loign\u00e9e de Russie, un jeune escroc P\u00e9tersbourgeois est pris pour un Inspecteur G\u00e9n\u00e9ral (un Revizor).Le Gouverneur et les notables locaux tentent de dissimuler la gestion catastrophique de leur ville et de corrompre cet inconnu pour s\u2019attirer ses faveurs. Une com\u00e9die jubilatoire de Nikola\u00ef GOGOL sur la corruption\u2026","rel":"","context":"Dans &quot;Th\u00e9atre&quot;","block_context":{"text":"Th\u00e9atre","link":"http:\/\/www.letourismeaparis.fr\/index.php\/category\/spectacle\/theatre\/"},"img":{"alt_text":"","src":"https:\/\/i0.wp.com\/www.letourismeaparis.fr\/wp-content\/uploads\/2024\/09\/Capture-decran-2024-09-14-a-18.28.51.png?resize=350%2C200","width":350,"height":200},"classes":[]},{"id":7878,"url":"http:\/\/www.letourismeaparis.fr\/index.php\/2010\/06\/18\/musique-dans-lile-de-puteaux-tous-les-dimanche-de-juin-et-juilletl\/","url_meta":{"origin":11679,"position":2},"title":"Musique dans l&#039;\u00eele de Puteaux tous les dimanche de juin et juillet","author":"Fabienne TM","date":"18 juin 2010","format":false,"excerpt":"le Kiosque de l\u2019\u00cele de Puteaux s\u2019habille de musique De 16 heures \u00e0 19 heures, tous les dimanches de juin et juillet. Dimanche 20 juin \u00e0 16h Kathy Lorenz & Val\u00e9rie Germain, accord\u00e9on. R\u00e9pertoire : chansons et musique musette. Dimanche 27 juin \u00e0 16h Twinn Events R\u00e9pertoire : Jazz manouche\u2026","rel":"","context":"Dans &quot;Non class\u00e9&quot;","block_context":{"text":"Non class\u00e9","link":"http:\/\/www.letourismeaparis.fr\/index.php\/category\/non-classe\/"},"img":{"alt_text":"","src":"","width":0,"height":0},"classes":[]},{"id":350,"url":"http:\/\/www.letourismeaparis.fr\/index.php\/2008\/09\/16\/jazz-a-lalhambra-avec-les-nuits-manouches\/","url_meta":{"origin":11679,"position":3},"title":"Jazz \u00e0 l&#039;Alhambra avec les nuits manouches","author":"Fabienne TM","date":"16 septembre 2008","format":false,"excerpt":"Vous pourrez entendre des guitaristes d'exception \u00e0 partir de demain, Raphael Fays sp\u00e9cialiste du Flamenco puis Angelo Schmitt. Travolo Schmitt sera pr\u00e9sent vendredi et samedi. L'Alhambra 21, rue Yves Toudic Paris -75010 www.letourismeaparis.fr","rel":"","context":"Dans &quot;Non class\u00e9&quot;","block_context":{"text":"Non class\u00e9","link":"http:\/\/www.letourismeaparis.fr\/index.php\/category\/non-classe\/"},"img":{"alt_text":"","src":"","width":0,"height":0},"classes":[]},{"id":7469,"url":"http:\/\/www.letourismeaparis.fr\/index.php\/2010\/04\/27\/le-jardin-dacclimatation-porte-les-couleurs-de-la-russie-pour-faire-decouvrir-la-culture-et-la-richesse-de-ce-pays\/","url_meta":{"origin":11679,"position":4},"title":"le Jardin d&#039;Acclimatation  porte les couleurs de la Russie pour faire d\u00e9couvrir la culture et la richesse de ce pays.","author":"Fabienne TM","date":"27 avril 2010","format":false,"excerpt":"le Jardin d'Acclimatation\u00a0\u00a0 porte les couleurs de la Russie pour faire d\u00e9couvrir la culture et la richesse de ce pays. jusqu' au 16 mai 2010, dans l'univers russe. De nombreux artisans venus de tout le pays,\u00a0\u00a0 exposent des c\u00e9ramiques, porcelaines, bois peints, fa\u00efences, samovars, bijoux en ambre, miniatures en nacre\u2026","rel":"","context":"Dans &quot;Non class\u00e9&quot;","block_context":{"text":"Non class\u00e9","link":"http:\/\/www.letourismeaparis.fr\/index.php\/category\/non-classe\/"},"img":{"alt_text":"","src":"","width":0,"height":0},"classes":[]},{"id":13941,"url":"http:\/\/www.letourismeaparis.fr\/index.php\/2013\/01\/09\/la-bellaventure-des-artistes-a-la-mairie-du-6eme-des-concerts-gratuits-pendant-lannee\/","url_meta":{"origin":11679,"position":5},"title":"La Bell&#039;Aventure des Artistes \u00e0 la mairie du 6\u00e8me : des concerts gratuits pendant l&#039;ann\u00e9e : samedi 25 janvier \u00e0 15h &#8230;.","author":"Fabienne TM","date":"9 janvier 2013","format":false,"excerpt":"\u00a0jusqu'au samedi 8 f\u00e9vrier Six duos de musiciens : des virtuoses de la clarinette, du piano, des percussions, de la fl\u00fbte, du violoncelle ou du violon\u2026 Ces douze artistes interpr\u00e9teront les grandes oeuvres de Bach, Mozart, Ravel, Tcha\u00efkovsky, Wagner\u2026 \u00a0 SAMEDI 25 JANVIER A 15H PIANO ET MARIMBA Concert :\u00a0\u2026","rel":"","context":"Dans &quot;Musique&quot;","block_context":{"text":"Musique","link":"http:\/\/www.letourismeaparis.fr\/index.php\/category\/culture\/concerts-musique\/musique\/"},"img":{"alt_text":"","src":"https:\/\/i0.wp.com\/www.letourismeaparis.fr\/wp-content\/uploads\/2013\/09\/be-a.jpeg?resize=350%2C200","width":350,"height":200},"classes":[]}],"jetpack_sharing_enabled":true,"jetpack_likes_enabled":true,"_links":{"self":[{"href":"http:\/\/www.letourismeaparis.fr\/index.php\/wp-json\/wp\/v2\/posts\/11679","targetHints":{"allow":["GET"]}}],"collection":[{"href":"http:\/\/www.letourismeaparis.fr\/index.php\/wp-json\/wp\/v2\/posts"}],"about":[{"href":"http:\/\/www.letourismeaparis.fr\/index.php\/wp-json\/wp\/v2\/types\/post"}],"author":[{"embeddable":true,"href":"http:\/\/www.letourismeaparis.fr\/index.php\/wp-json\/wp\/v2\/users\/2"}],"replies":[{"embeddable":true,"href":"http:\/\/www.letourismeaparis.fr\/index.php\/wp-json\/wp\/v2\/comments?post=11679"}],"version-history":[{"count":0,"href":"http:\/\/www.letourismeaparis.fr\/index.php\/wp-json\/wp\/v2\/posts\/11679\/revisions"}],"wp:attachment":[{"href":"http:\/\/www.letourismeaparis.fr\/index.php\/wp-json\/wp\/v2\/media?parent=11679"}],"wp:term":[{"taxonomy":"category","embeddable":true,"href":"http:\/\/www.letourismeaparis.fr\/index.php\/wp-json\/wp\/v2\/categories?post=11679"},{"taxonomy":"post_tag","embeddable":true,"href":"http:\/\/www.letourismeaparis.fr\/index.php\/wp-json\/wp\/v2\/tags?post=11679"}],"curies":[{"name":"wp","href":"https:\/\/api.w.org\/{rel}","templated":true}]}}