{"id":11683,"date":"2012-05-04T16:57:46","date_gmt":"2012-05-04T15:57:46","guid":{"rendered":"http:\/\/www.letourismeaparis.fr\/?p=11683"},"modified":"2012-05-04T16:57:46","modified_gmt":"2012-05-04T15:57:46","slug":"nuit-de-la-foire-de-paris-jusqua-23-heures-venez-faire-la-fete","status":"publish","type":"post","link":"http:\/\/www.letourismeaparis.fr\/index.php\/2012\/05\/04\/nuit-de-la-foire-de-paris-jusqua-23-heures-venez-faire-la-fete\/","title":{"rendered":"NUIT DE LA FOIRE de PARIS JUSQU&#039;\u00c0 23 HEURES :Venez faire la f\u00eate !"},"content":{"rendered":"<p>Cette soir\u00e9e revival sur le th\u00e8me des ann\u00e9es 80-90 b\u00e9n\u00e9ficie d&rsquo;une programmation \u00e9lectrisante pour 3 heures de bonheur.<br \/>\nVenez tous danser sur des rythmes entrainants !<!--more-->et passer une soir\u00e9e \u00ab\u00a0Total Revival\u00a0\u00bb dans une all\u00e9e centrale transform\u00e9e en bo\u00eete de nuit disco. Au programme : des tubes rien que des tubes.<br \/>\nCHARLES PASI, UNE PREMI\u00c8RE PARTIE BLUES &amp; JAZZY<br \/>\nKID CR\u00c9OLE AND THE COCONUTS<br \/>\nDJ ZEBRA LIVE AUX PLATINES<br \/>\nZebra est un DJ multi-instrumentiste, connu pour ses bootlegs et ses concerts \u00e0 l\u2019\u00e9nergie rock sauvage. Il est accompagn\u00e9 de Monty et David Dupuis, la section de cuivres de Dionysos et Olivia Ruiz.<br \/>\nLe 4 Mai 2012 de 20h \u00e0 23h<br \/>\nAll\u00e9e Centrale porte de Versailles Paris 75015<\/p>\n","protected":false},"excerpt":{"rendered":"<p>Cette soir\u00e9e revival sur le th\u00e8me des ann\u00e9es 80-90 b\u00e9n\u00e9ficie d&rsquo;une programmation \u00e9lectrisante pour 3 heures de bonheur. Venez tous danser sur des rythmes entrainants !<\/p>\n","protected":false},"author":2,"featured_media":0,"comment_status":"open","ping_status":"open","sticky":false,"template":"","format":"standard","meta":{"ngg_post_thumbnail":0,"jetpack_post_was_ever_published":false,"_jetpack_newsletter_access":"","footnotes":""},"categories":[1],"tags":[],"class_list":["post-11683","post","type-post","status-publish","format-standard","hentry","category-non-classe"],"jetpack_featured_media_url":"","jetpack-related-posts":[{"id":12462,"url":"http:\/\/www.letourismeaparis.fr\/index.php\/2012\/12\/30\/des-idees-pour-reveilloner-a-paris-le-31-decembre-2012\/","url_meta":{"origin":11683,"position":0},"title":"Des id\u00e9es pour r\u00e9veillonner \u00e0 Paris ou profiter de la capitale , le 31 d\u00e9cembre 2012","author":"Fabienne TM","date":"30 d\u00e9cembre 2012","format":false,"excerpt":"Un R\u00e9veillon aux pieds de la Tour Eiffel, au Salon des Vedettes 30 ans de tubes disco-pop-house Samedi 31 d\u00e9cembre 2012, \u00e0 partir de 20h30 Le Salon des Vedettes Port de Suffren, 75007 Paris Saint Sylvestre sur Seine ! Embarquement pour une crosi\u00e8re\u00a0 promen ade \u00e0 22h45 au pied de\u2026","rel":"","context":"Dans &quot;Non class\u00e9&quot;","block_context":{"text":"Non class\u00e9","link":"http:\/\/www.letourismeaparis.fr\/index.php\/category\/non-classe\/"},"img":{"alt_text":"","src":"","width":0,"height":0},"classes":[]},{"id":17297,"url":"http:\/\/www.letourismeaparis.fr\/index.php\/2015\/11\/02\/allez-vous-amuser-et-danser-au-chalet-du-lac-boogie-woogie-swing-tango-annees-70-a-nos-jours\/","url_meta":{"origin":11683,"position":1},"title":"Allez vous amuser et danser au Chalet du lac  : boogie-woogie,  swing, tango ,ann\u00e9es 70 \u00e0 nos jours  !!!","author":"Fabienne TM","date":"2 novembre 2015","format":false,"excerpt":"Le Chalet du Lac, un ancien pavillon de chasse, est l\u2019endroit id\u00e9al pour une soir\u00e9e plac\u00e9e sous le signe de la danse et des rythmes endiabl\u00e9s ! Un tr\u00e8s bel endroit Voyagez dans le pass\u00e9 de la \u00ab Belle \u00c9poque \u00bb dans ce lieu Art Nouveau unique \u00e0 l\u2019initiative de\u2026","rel":"","context":"Dans &quot;Non class\u00e9&quot;","block_context":{"text":"Non class\u00e9","link":"http:\/\/www.letourismeaparis.fr\/index.php\/category\/non-classe\/"},"img":{"alt_text":"","src":"https:\/\/i0.wp.com\/www.letourismeaparis.fr\/wp-content\/uploads\/2015\/11\/chalet-300x2011-300x201.jpg?resize=350%2C200","width":350,"height":200},"classes":[]},{"id":11063,"url":"http:\/\/www.letourismeaparis.fr\/index.php\/2011\/09\/04\/le-tango-vous-attend-les-16-et-17-septembre\/","url_meta":{"origin":11683,"position":2},"title":"LE TANGO VOUS ATTEND LES 16 ET 17 SEPTEMBRE&#8230;","author":"Fabienne TM","date":"4 septembre 2011","format":false,"excerpt":"DU 16 AU 18 SEPTEMBRE ENTRE ELECTRO-CUMBIA ET TANGOTrois jours et trois nuits durant, le CENTQUATRE se met \u00e0 l\u2019heure de la capitale argentine pour une rentr\u00e9e rythm\u00e9e par le tango et les pulsations entra\u00eenantes de l\u2019\u00e9lectro-cumbia. , la c\u00e9l\u00e8bre Nuit OUF affichera pour sa 3e \u00e9dition les couleurs vives\u2026","rel":"","context":"Dans &quot;Non class\u00e9&quot;","block_context":{"text":"Non class\u00e9","link":"http:\/\/www.letourismeaparis.fr\/index.php\/category\/non-classe\/"},"img":{"alt_text":"","src":"","width":0,"height":0},"classes":[]},{"id":17743,"url":"http:\/\/www.letourismeaparis.fr\/index.php\/2015\/12\/30\/des-idees-de-reveillon-3\/","url_meta":{"origin":11683,"position":3},"title":"Des id\u00e9es de r\u00e9veillon&#8230;&#8230;.","author":"Fabienne TM","date":"30 d\u00e9cembre 2015","format":false,"excerpt":"Le jeudi 31 d\u00e9cembre 2015, direction l'Aquarium de Paris - Cin\u00e9aqua pour une soir\u00e9e Aquarium's New Year Tour Eiffel! Un cadre f\u00e9\u00e9rique avec un Aquarium g\u00e9ant sous le Trocad\u00e9ro et face \u00e0 la Tour Eiffel! Le jeudi 31 d\u00e9cembre 2015, vous danserez devant l\u2019Aquarium Avenue Albert de Mun Paris \u00a0\u2026","rel":"","context":"Dans &quot;Non class\u00e9&quot;","block_context":{"text":"Non class\u00e9","link":"http:\/\/www.letourismeaparis.fr\/index.php\/category\/non-classe\/"},"img":{"alt_text":"","src":"","width":0,"height":0},"classes":[]},{"id":10821,"url":"http:\/\/www.letourismeaparis.fr\/index.php\/2011\/07\/11\/les-festivites-des-13-et-14-juillet-dans-les-hauts-de-seine-feux-dartifice-bals-boulogne-levallois\/","url_meta":{"origin":11683,"position":4},"title":"Les festivit\u00e9s des 13 et 14 juillet dans les Hauts de Seine : feux d&#039;artifice, bals &#8230;..Boulogne, Levallois&#8230;.","author":"Fabienne TM","date":"11 juillet 2011","format":false,"excerpt":"Boulogne Billancourt C\u2019est le parc de Billancourt, agrandi jusqu\u2019\u00e0 la rue \u00c9mile-Zola, qui accueillera la f\u00eate nationale le 13 juillet au soir. Tir\u00e9 \u00e0 23h, le spectacle pyrotechnique son et lumi\u00e8re sera pr\u00e9c\u00e9d\u00e9 (21h) et suivi par une animation musicale avec DJ jusqu\u2019\u00e0 0h30. Des Navettes toutes les 30 minutes,\u2026","rel":"","context":"Dans &quot;Non class\u00e9&quot;","block_context":{"text":"Non class\u00e9","link":"http:\/\/www.letourismeaparis.fr\/index.php\/category\/non-classe\/"},"img":{"alt_text":"","src":"","width":0,"height":0},"classes":[]},{"id":8818,"url":"http:\/\/www.letourismeaparis.fr\/index.php\/2010\/10\/09\/une-super-soiree-au-showcase-avec-robert-owens-du-studio-54-de-new-york\/","url_meta":{"origin":11683,"position":5},"title":"Une super soir\u00e9e au Showcase avec Robert Owens du Studio 54 de New York","author":"Fabienne TM","date":"9 octobre 2010","format":false,"excerpt":"Showcase et Studio 54 samedi 9 octobre: une nuit \u00e0 ne pas manquer ! les soir\u00e9es du club le plus mythique du monde seront\u00a0 \u00e0 Paris samedi 9 octobre. Le Studio 54 de New York, club branch\u00e9 des ann\u00e9es disco est aujourd\u2019hui une v\u00e9ritable l\u00e9gende. Le 9 octobre 2010, le\u2026","rel":"","context":"Dans &quot;Non class\u00e9&quot;","block_context":{"text":"Non class\u00e9","link":"http:\/\/www.letourismeaparis.fr\/index.php\/category\/non-classe\/"},"img":{"alt_text":"","src":"","width":0,"height":0},"classes":[]}],"jetpack_sharing_enabled":true,"jetpack_likes_enabled":true,"_links":{"self":[{"href":"http:\/\/www.letourismeaparis.fr\/index.php\/wp-json\/wp\/v2\/posts\/11683","targetHints":{"allow":["GET"]}}],"collection":[{"href":"http:\/\/www.letourismeaparis.fr\/index.php\/wp-json\/wp\/v2\/posts"}],"about":[{"href":"http:\/\/www.letourismeaparis.fr\/index.php\/wp-json\/wp\/v2\/types\/post"}],"author":[{"embeddable":true,"href":"http:\/\/www.letourismeaparis.fr\/index.php\/wp-json\/wp\/v2\/users\/2"}],"replies":[{"embeddable":true,"href":"http:\/\/www.letourismeaparis.fr\/index.php\/wp-json\/wp\/v2\/comments?post=11683"}],"version-history":[{"count":0,"href":"http:\/\/www.letourismeaparis.fr\/index.php\/wp-json\/wp\/v2\/posts\/11683\/revisions"}],"wp:attachment":[{"href":"http:\/\/www.letourismeaparis.fr\/index.php\/wp-json\/wp\/v2\/media?parent=11683"}],"wp:term":[{"taxonomy":"category","embeddable":true,"href":"http:\/\/www.letourismeaparis.fr\/index.php\/wp-json\/wp\/v2\/categories?post=11683"},{"taxonomy":"post_tag","embeddable":true,"href":"http:\/\/www.letourismeaparis.fr\/index.php\/wp-json\/wp\/v2\/tags?post=11683"}],"curies":[{"name":"wp","href":"https:\/\/api.w.org\/{rel}","templated":true}]}}