{"id":11688,"date":"2012-05-10T18:46:41","date_gmt":"2012-05-10T17:46:41","guid":{"rendered":"http:\/\/www.letourismeaparis.fr\/?p=11688"},"modified":"2012-05-10T18:46:41","modified_gmt":"2012-05-10T17:46:41","slug":"festival-de-la-bd-a-puteaux-les-11-12-et-13-mai","status":"publish","type":"post","link":"http:\/\/www.letourismeaparis.fr\/index.php\/2012\/05\/10\/festival-de-la-bd-a-puteaux-les-11-12-et-13-mai\/","title":{"rendered":"Festival de la BD \u00e0 Puteaux les 11 ,12 et 13 mai."},"content":{"rendered":"<p>Festival BD de Puteaux<br \/>\nComme chaque ann\u00e9e, les bulles envahissent la ville.<a href=\"http:\/\/www.letourismeaparis.fr\/wp-content\/uploads\/2012\/05\/bd-puteaux.jpg\"><img loading=\"lazy\" decoding=\"async\" class=\"aligncenter size-thumbnail wp-image-11690\" title=\"bd puteaux\" src=\"http:\/\/www.letourismeaparis.fr\/wp-content\/uploads\/2012\/05\/bd-puteaux-150x150.jpg\" alt=\"\" width=\"150\" height=\"150\" \/><\/a><br \/>\nLes vendredi 11 (17h-21h), samedi 12 et dimanche 13 mai (10h-18h), le Palais de la m\u00e9diath\u00e8que accueille la 9\u00e8me \u00e9dition du Festival BD de Puteaux.<br \/>\nEnPalais de la m\u00e9diath\u00e8que<br \/>\n122 rue de la R\u00e9publique<br \/>\nVendredi 11 mai de 17h \u00e0 21h<br \/>\nSamedi 12 et dimanche 13 mai de 10h \u00e0 18h<br \/>\nRenseignements au 01 40 90 21 50 tr\u00e9e libre<\/p>\n","protected":false},"excerpt":{"rendered":"<p>Festival BD de Puteaux Comme chaque ann\u00e9e, les bulles envahissent la ville. Les vendredi 11 (17h-21h), samedi 12 et dimanche 13 mai (10h-18h), le Palais de la m\u00e9diath\u00e8que accueille la 9\u00e8me \u00e9dition du Festival BD de Puteaux. EnPalais de la&#8230;<\/p>\n","protected":false},"author":2,"featured_media":0,"comment_status":"open","ping_status":"open","sticky":false,"template":"","format":"standard","meta":{"ngg_post_thumbnail":0,"jetpack_post_was_ever_published":false,"_jetpack_newsletter_access":"","footnotes":""},"categories":[1],"tags":[],"class_list":["post-11688","post","type-post","status-publish","format-standard","hentry","category-non-classe"],"jetpack_featured_media_url":"","jetpack-related-posts":[{"id":7589,"url":"http:\/\/www.letourismeaparis.fr\/index.php\/2010\/05\/26\/la-7e-edition-du-festival-bd-de-puteaux-les-28-29-et-30-mai\/","url_meta":{"origin":11688,"position":0},"title":"la 7e \u00e9dition du Festival BD de Puteaux les 28, 29 et 30 mai","author":"Fabienne TM","date":"26 mai 2010","format":false,"excerpt":"Au menu, une soixantaine de dessinateurs . Pendant trois jours vous parcourerez le Palais de la m\u00e9diath\u00e8que \u00e0 travers des ateliers, des animations et des expositions, entre des d\u00e9dicaces ! les 28, 29 et 30 mai Palais de la M\u00e9diath\u00e8que : - Vendredi 28 \u00e0 partir de 17h - Samedi\u2026","rel":"","context":"Dans &quot;Non class\u00e9&quot;","block_context":{"text":"Non class\u00e9","link":"http:\/\/www.letourismeaparis.fr\/index.php\/category\/non-classe\/"},"img":{"alt_text":"","src":"","width":0,"height":0},"classes":[]},{"id":23058,"url":"http:\/\/www.letourismeaparis.fr\/index.php\/2019\/05\/06\/festival-bd-de-puteaux\/","url_meta":{"origin":11688,"position":1},"title":"FESTIVAL BD DE PUTEAUX","author":"Fabienne TM","date":"6 mai 2019","format":false,"excerpt":"LES 18 ET 19 MAI 2019 Palais de la M\u00e9diath\u00e8que \u2022 H\u00f4tel de Ville \u2022 Palais de la Culture Entr\u00e9e libre \u00ab l\u2019album de famille \u00bb, avec un foisonnement dessin\u00e9 d\u2019enfants et d\u2019adultes, attendrissants, dr\u00f4les, impertinents, profonds ! Ce n\u2019est autre que Bernadette Despr\u00e9s, l\u2019illustratrice des c\u00e9l\u00e8bres Tom-Tom & Nana,\u2026","rel":"","context":"Dans &quot;Non class\u00e9&quot;","block_context":{"text":"Non class\u00e9","link":"http:\/\/www.letourismeaparis.fr\/index.php\/category\/non-classe\/"},"img":{"alt_text":"","src":"https:\/\/i0.wp.com\/www.letourismeaparis.fr\/wp-content\/uploads\/2019\/05\/Capture-d%C3%A2%C2%80%C2%99e%C3%8C%C2%81cran-2019-05-06-a%C3%8C%C2%80-16.02.39.png?resize=350%2C200","width":350,"height":200},"classes":[]},{"id":11695,"url":"http:\/\/www.letourismeaparis.fr\/index.php\/2012\/05\/10\/salon-de-la-creation-et-des-metiers-dart-a-puteaux-les-1112-et-13-mai\/","url_meta":{"origin":11688,"position":2},"title":"Salon de la cr\u00e9ation et des m\u00e9tiers d\u2019art \u00e0 Puteaux les 11,12 et 13 mai","author":"Fabienne TM","date":"10 mai 2012","format":false,"excerpt":"salon de la cr\u00e9ation et des m\u00e9tiers d\u2019art La Ville vous invite vendredi 11 (14h-19h), samedi 12 (10h-20h) et dimanche 13 mai (10h-18h) \u00e0 venir rencontrer des cr\u00e9ateurs et des artisans d\u2019art \u00e0 l\u2019occasion du deuxi\u00e8me salon de la cr\u00e9ation et des m\u00e9tiers d\u2019art qui aura lieu sur l\u2019esplanade de\u2026","rel":"","context":"Dans &quot;Non class\u00e9&quot;","block_context":{"text":"Non class\u00e9","link":"http:\/\/www.letourismeaparis.fr\/index.php\/category\/non-classe\/"},"img":{"alt_text":"","src":"","width":0,"height":0},"classes":[]},{"id":13370,"url":"http:\/\/www.letourismeaparis.fr\/index.php\/2013\/05\/24\/festival-de-bd-a-puteaux-du-24-au-26-mai\/","url_meta":{"origin":11688,"position":3},"title":"Festival de BD \u00e0 Puteaux du 24 au 26 mai","author":"Fabienne TM","date":"24 mai 2013","format":false,"excerpt":"Festival BD Pour la 10e ann\u00e9e cons\u00e9cutive, Puteaux se transforme en temple du 9e Art pour ravir les b\u00e9d\u00e9philes de France et de Navarre !\u00c0 anniversaire exceptionnel, invit\u00e9s exceptionnels avec notamment Arleston (Lanfeust de Troy), Chabbert (Uchronies), Dodier (J\u00e9r\u00f4me K. J\u00e9r\u00f4me Bloche), Jailloux (Alix), Rodrigue (Cubitus), Sobral (Les L\u00e9gendaires), ou\u2026","rel":"","context":"Dans &quot;Festivals \/ Manifestations&quot;","block_context":{"text":"Festivals \/ Manifestations","link":"http:\/\/www.letourismeaparis.fr\/index.php\/category\/spectacle\/festival\/"},"img":{"alt_text":"","src":"","width":0,"height":0},"classes":[]},{"id":8523,"url":"http:\/\/www.letourismeaparis.fr\/index.php\/2010\/09\/16\/le-salon-du-gout-et-des-saveurs-du-17-au-19-septembre-a-puteaux-du-17-au-19-septembre\/","url_meta":{"origin":11688,"position":4},"title":"Le Salon du go\u00fbt et des saveurs du 17 au 19 septembre \u00e0 Puteaux .Du  17 au  19 septembre","author":"Fabienne TM","date":"16 septembre 2010","format":false,"excerpt":"Le Salon du go\u00fbt et des saveurs du 17 au 19 septembre \u00e0 Puteaux Du vendredi 17 au dimanche 19 septembre,Esplanade de l\u2019H\u00f4tel de Ville Plus de 85 exposants viennent promouvoir les saveurs des terroirs de France m\u00e9tropolitaine, mais aussi de la R\u00e9union, du Maghreb, du Liban ou encore du\u2026","rel":"","context":"Dans &quot;Non class\u00e9&quot;","block_context":{"text":"Non class\u00e9","link":"http:\/\/www.letourismeaparis.fr\/index.php\/category\/non-classe\/"},"img":{"alt_text":"","src":"","width":0,"height":0},"classes":[]},{"id":14370,"url":"http:\/\/www.letourismeaparis.fr\/index.php\/2014\/01\/29\/la-rencontre-de-lasie-jusquau-2-fevrier-2014-puteaux\/","url_meta":{"origin":11688,"position":5},"title":"\u00c0 LA RENCONTRE DE L\u2019ASIE  Jusqu\u2019au 2 f\u00e9vrier 2014 \u00e0 PUTEAUX","author":"Fabienne TM","date":"29 janvier 2014","format":false,"excerpt":"Expositions, animations, ateliers, danse, programmation cin\u00e9matographique... La ville de Puteaux a concoct\u00e9 un programme rythm\u00e9 par la culture asiatique jusqu\u2019au 2 f\u00e9vrier 2014. L\u2019occasion d\u2019accompagner notamment les festivit\u00e9s du Nouvel an chinois plac\u00e9es sous le signe du cheval de bois. De nombreux rendez-vous ludiques et culturels sont propos\u00e9s pour plonger\u2026","rel":"","context":"Dans &quot;Non class\u00e9&quot;","block_context":{"text":"Non class\u00e9","link":"http:\/\/www.letourismeaparis.fr\/index.php\/category\/non-classe\/"},"img":{"alt_text":"","src":"","width":0,"height":0},"classes":[]}],"jetpack_sharing_enabled":true,"jetpack_likes_enabled":true,"_links":{"self":[{"href":"http:\/\/www.letourismeaparis.fr\/index.php\/wp-json\/wp\/v2\/posts\/11688","targetHints":{"allow":["GET"]}}],"collection":[{"href":"http:\/\/www.letourismeaparis.fr\/index.php\/wp-json\/wp\/v2\/posts"}],"about":[{"href":"http:\/\/www.letourismeaparis.fr\/index.php\/wp-json\/wp\/v2\/types\/post"}],"author":[{"embeddable":true,"href":"http:\/\/www.letourismeaparis.fr\/index.php\/wp-json\/wp\/v2\/users\/2"}],"replies":[{"embeddable":true,"href":"http:\/\/www.letourismeaparis.fr\/index.php\/wp-json\/wp\/v2\/comments?post=11688"}],"version-history":[{"count":0,"href":"http:\/\/www.letourismeaparis.fr\/index.php\/wp-json\/wp\/v2\/posts\/11688\/revisions"}],"wp:attachment":[{"href":"http:\/\/www.letourismeaparis.fr\/index.php\/wp-json\/wp\/v2\/media?parent=11688"}],"wp:term":[{"taxonomy":"category","embeddable":true,"href":"http:\/\/www.letourismeaparis.fr\/index.php\/wp-json\/wp\/v2\/categories?post=11688"},{"taxonomy":"post_tag","embeddable":true,"href":"http:\/\/www.letourismeaparis.fr\/index.php\/wp-json\/wp\/v2\/tags?post=11688"}],"curies":[{"name":"wp","href":"https:\/\/api.w.org\/{rel}","templated":true}]}}