{"id":11695,"date":"2012-05-10T18:51:35","date_gmt":"2012-05-10T17:51:35","guid":{"rendered":"http:\/\/www.letourismeaparis.fr\/?p=11695"},"modified":"2012-05-10T18:51:35","modified_gmt":"2012-05-10T17:51:35","slug":"salon-de-la-creation-et-des-metiers-dart-a-puteaux-les-1112-et-13-mai","status":"publish","type":"post","link":"http:\/\/www.letourismeaparis.fr\/index.php\/2012\/05\/10\/salon-de-la-creation-et-des-metiers-dart-a-puteaux-les-1112-et-13-mai\/","title":{"rendered":"Salon de la cr\u00e9ation et des m\u00e9tiers d\u2019art \u00e0 Puteaux les 11,12 et 13 mai"},"content":{"rendered":"<p>salon de la cr\u00e9ation et des m\u00e9tiers d\u2019art<br \/>\nLa Ville vous invite vendredi 11 (14h-19h), samedi 12 (10h-20h) et dimanche 13 mai (10h-18h) \u00e0 venir rencontrer des cr\u00e9ateurs et des artisans d\u2019art \u00e0 l\u2019occasion du deuxi\u00e8me salon de la cr\u00e9ation et des m\u00e9tiers d\u2019art qui aura lieu sur l\u2019esplanade de l\u2019 H\u00f4tel de Ville.<a href=\"http:\/\/www.letourismeaparis.fr\/wp-content\/uploads\/2012\/05\/salon_creation_-puteaux2.jpg\"><img loading=\"lazy\" decoding=\"async\" class=\"aligncenter size-thumbnail wp-image-11696\" title=\"salon_creation_ puteaux\" src=\"http:\/\/www.letourismeaparis.fr\/wp-content\/uploads\/2012\/05\/salon_creation_-puteaux2-150x150.jpg\" alt=\"\" width=\"150\" height=\"150\" \/><\/a><br \/>\nSoixante exposants vous pr\u00e9senteront leur savoir-faire et leurs cr\u00e9ations. Lors de cet \u00e9v\u00e9nement, des d\u00e9monstrations vous seront propos\u00e9es ainsi que des ateliers gratuits pour petits et grands, r\u00e9alis\u00e9s en groupe de cinq personnes : cr\u00e9ation d\u2019un pendentif, initiation au tricot, fabrication d\u2019un carnet, r\u00e9alisation d\u2019un sautoir gourmand ou d\u2019un bijou en plume, et bien d\u2019autres&#8230; (Inscriptions aupr\u00e8s des exposants).<br \/>\nSalon de la cr\u00e9ation et des m\u00e9tiers d\u2019art<br \/>\nVendredi 11 (14h-19h)<br \/>\nSamedi 12 (10h-20h)<br \/>\nDimanche 13 mai (10h-18h)<br \/>\nEsplanade de l\u2019H\u00f4tel de Ville<\/p>\n","protected":false},"excerpt":{"rendered":"<p>salon de la cr\u00e9ation et des m\u00e9tiers d\u2019art La Ville vous invite vendredi 11 (14h-19h), samedi 12 (10h-20h) et dimanche 13 mai (10h-18h) \u00e0 venir rencontrer des cr\u00e9ateurs et des artisans d\u2019art \u00e0 l\u2019occasion du deuxi\u00e8me salon de la cr\u00e9ation&#8230;<\/p>\n","protected":false},"author":2,"featured_media":0,"comment_status":"open","ping_status":"open","sticky":false,"template":"","format":"standard","meta":{"ngg_post_thumbnail":0,"jetpack_post_was_ever_published":false,"_jetpack_newsletter_access":"","footnotes":""},"categories":[1],"tags":[],"class_list":["post-11695","post","type-post","status-publish","format-standard","hentry","category-non-classe"],"jetpack_featured_media_url":"","jetpack-related-posts":[{"id":16226,"url":"http:\/\/www.letourismeaparis.fr\/index.php\/2015\/01\/30\/20e-salon-dartisanat-et-des-metiers-dart-du-du-5-au-8-fevrier-2015\/","url_meta":{"origin":11695,"position":0},"title":"20e Salon d&#039;Artisanat et des M\u00e9tiers d&#039;Art du du 5 au 8 f\u00e9vrier 2015.","author":"Fabienne TM","date":"30 janvier 2015","format":false,"excerpt":"Le salon de l'artisanat et des m\u00e9tiers d'Art pr\u00e9sentera, durant quatre jours, plus de 50 artisans, cr\u00e9ateurs et designers contemporains. D\u00e9coration, ameublement, art graphique, stylisme ; ces professionnels vous exposeront la diversit\u00e9 de leur savoir-faire \u00e0 travers des cr\u00e9ations in\u00e9dites. Invit\u00e9s d'honneurs 2015, dix jeunes cr\u00e9ateurs issus des Ateliers de\u2026","rel":"","context":"Dans &quot;Artisanat&quot;","block_context":{"text":"Artisanat","link":"http:\/\/www.letourismeaparis.fr\/index.php\/category\/culture\/musees-expositions\/artisanat\/"},"img":{"alt_text":"","src":"https:\/\/i0.wp.com\/www.letourismeaparis.fr\/wp-content\/uploads\/2015\/01\/artisanat-dart-207x300.jpeg?resize=350%2C200","width":350,"height":200},"classes":[]},{"id":10356,"url":"http:\/\/www.letourismeaparis.fr\/index.php\/2011\/05\/19\/1er-salon-de-la-creation-et-des-metiers-dart-a-puteaux\/","url_meta":{"origin":11695,"position":1},"title":"1er salon de la cr\u00e9ation et des m\u00e9tiers d&#039;art \u00e0 Puteaux","author":"Fabienne TM","date":"19 mai 2011","format":false,"excerpt":"Les samedi 21 (10h-20h) et dimanche 22 mai (10-18h), venez d\u00e9couvrir le 1er salon de la cr\u00e9ation et des m\u00e9tiers d'art sur l'esplanade de l'h\u00f4tel de ville de Puteaux. Toute la journ\u00e9e, participez aux ateliers gratuits mis \u00e0 votre disposition et b\u00e9n\u00e9ficiez des nombreuses d\u00e9monstrations. Parmi les exposants, vous rencontrerez\u2026","rel":"","context":"Dans &quot;Non class\u00e9&quot;","block_context":{"text":"Non class\u00e9","link":"http:\/\/www.letourismeaparis.fr\/index.php\/category\/non-classe\/"},"img":{"alt_text":"","src":"https:\/\/i0.wp.com\/www.letourismeaparis.fr\/wp-content\/uploads\/2011\/05\/puteaux-200x300.jpg?resize=350%2C200","width":350,"height":200},"classes":[]},{"id":12266,"url":"http:\/\/www.letourismeaparis.fr\/index.php\/2012\/12\/03\/carrousel-des-metiers-dart-et-de-creation-2012-du-5-au-8-decembre-le-japon-a-lhonneur\/","url_meta":{"origin":11695,"position":2},"title":"Carrousel des m\u00e9tiers d\u2019art et de cr\u00e9ation 2012 du 5 au 8 d\u00e9cembre : le Japon \u00e0 l\u2019honneur","author":"Fabienne TM","date":"3 d\u00e9cembre 2012","format":false,"excerpt":"Le Carrousel des m\u00e9tiers d\u2019art et de cr\u00e9ation, organis\u00e9 par la Chambre r\u00e9gionale de m\u00e9tiers et de l\u2019artisanat d\u2019Ile-de-France, est le plus important salon d\u00e9di\u00e9 aux m\u00e9tiers d\u2019art et de cr\u00e9ation en France. Plus de 350 exposants sont attendus pour cette biennale, dont des costumiers, joaillers, c\u00e9ramistes facteurs d\u2019instruments... Tous\u2026","rel":"","context":"Dans &quot;Non class\u00e9&quot;","block_context":{"text":"Non class\u00e9","link":"http:\/\/www.letourismeaparis.fr\/index.php\/category\/non-classe\/"},"img":{"alt_text":"","src":"https:\/\/i0.wp.com\/www.letourismeaparis.fr\/wp-content\/uploads\/2012\/12\/carrousel_des_metiers_d_art_2012-b4690-206x300.jpg?resize=350%2C200","width":350,"height":200},"classes":[]},{"id":17075,"url":"http:\/\/www.letourismeaparis.fr\/index.php\/2015\/09\/10\/revelations-au-grand-palais-metiers-dart-contemporains\/","url_meta":{"origin":11695,"position":3},"title":"&quot;R\u00c9V\u00c9LATIONS&quot;au Grand Palais  (m\u00e9tiers d&#039;art contemporains)","author":"Fabienne TM","date":"10 septembre 2015","format":false,"excerpt":"LA BIENNALE INTERNATIONALE DES M\u00c9TIERS D'ART CONTEMPORAINS R\u00c9V\u00c8LE AVEC \u00c9CLAT LE TALENT DES ATELIERS D'ART la biennale est enti\u00e8rement d\u00e9di\u00e9e\u00a0\u00e0 la cr\u00e9ation contemporaine dans les m\u00e9tiers d'art, du\u00a0jeudi 10 au dimanche 13 septembre 2015. A voir absolument : Pascale Riberolles\u00a0A voir \u00a0absolument \u00a0Criska Suite \u00e0 la 1\u00e8re \u00e9dition qui a\u2026","rel":"","context":"Dans &quot;Artisanat&quot;","block_context":{"text":"Artisanat","link":"http:\/\/www.letourismeaparis.fr\/index.php\/category\/culture\/musees-expositions\/artisanat\/"},"img":{"alt_text":"","src":"","width":0,"height":0},"classes":[]},{"id":12854,"url":"http:\/\/www.letourismeaparis.fr\/index.php\/2013\/02\/15\/salon-gratuit-dartisanat-et-des-metiers-dart-2013-du-samedi-9-fevrier-2013-au-dimanche-17-fevrier-2013-de-12h-a-19h\/","url_meta":{"origin":11695,"position":4},"title":"Salon gratuit d\u2019artisanat et des m\u00e9tiers d\u2019art 2013   jusqu&#039;au dimanche 17 f\u00e9vrier 2013 de 12h \u00e0 19h","author":"Fabienne TM","date":"15 f\u00e9vrier 2013","format":false,"excerpt":"La Mairie du 11e et l'association les 4A vous invitent \u00e0 une exposition-vente pour d\u00e9couvrir les m\u00e9tiers d'art \u00e0 travers des cr\u00e9ations uniques et originales. Pour cette \u00e9dition, l'invit\u00e9 d'honneur sera la Maison du Vitrail.Le salon accueille \u00e9galement des organismes de formation, \u00e9coles professionnelles, centres d'apprentissage et associations. 80 artisans\u2026","rel":"","context":"Dans &quot;Non class\u00e9&quot;","block_context":{"text":"Non class\u00e9","link":"http:\/\/www.letourismeaparis.fr\/index.php\/category\/non-classe\/"},"img":{"alt_text":"","src":"https:\/\/i0.wp.com\/www.letourismeaparis.fr\/wp-content\/uploads\/2013\/02\/salon-artisanat-et-metiers-art-300x200.jpg?resize=350%2C200","width":350,"height":200},"classes":[]},{"id":9126,"url":"http:\/\/www.letourismeaparis.fr\/index.php\/2010\/12\/02\/carrousel-des-metiers-dart-et-de-creation-jusquau-5-decembre-la-russie-a-lhonneur\/","url_meta":{"origin":11695,"position":5},"title":"Carrousel des m\u00e9tiers d\u2019art et de cr\u00e9ation  jusqu&#039;au 5 d\u00e9cembre  : la Russie \u00e0 l\u2019honneur","author":"Fabienne TM","date":"2 d\u00e9cembre 2010","format":false,"excerpt":"Au Carrousel du Louvre, entr\u00e9e libre. Le Carrousel des m\u00e9tiers d\u2019art et de cr\u00e9ation,\u00a0 est le plus important salon d\u00e9di\u00e9 aux m\u00e9tiers d\u2019art et de cr\u00e9ation en France. Le th\u00e8me\u00a0 : \u00ab L\u2019Or et les M\u00e9tiers d\u2019Art \u00bb les artisans russes\u00a0 exposent\u00a0 et montrent leur savoir-faire . Les Meilleurs Ouvriers\u2026","rel":"","context":"Dans &quot;Non class\u00e9&quot;","block_context":{"text":"Non class\u00e9","link":"http:\/\/www.letourismeaparis.fr\/index.php\/category\/non-classe\/"},"img":{"alt_text":"","src":"","width":0,"height":0},"classes":[]}],"jetpack_sharing_enabled":true,"jetpack_likes_enabled":true,"_links":{"self":[{"href":"http:\/\/www.letourismeaparis.fr\/index.php\/wp-json\/wp\/v2\/posts\/11695","targetHints":{"allow":["GET"]}}],"collection":[{"href":"http:\/\/www.letourismeaparis.fr\/index.php\/wp-json\/wp\/v2\/posts"}],"about":[{"href":"http:\/\/www.letourismeaparis.fr\/index.php\/wp-json\/wp\/v2\/types\/post"}],"author":[{"embeddable":true,"href":"http:\/\/www.letourismeaparis.fr\/index.php\/wp-json\/wp\/v2\/users\/2"}],"replies":[{"embeddable":true,"href":"http:\/\/www.letourismeaparis.fr\/index.php\/wp-json\/wp\/v2\/comments?post=11695"}],"version-history":[{"count":0,"href":"http:\/\/www.letourismeaparis.fr\/index.php\/wp-json\/wp\/v2\/posts\/11695\/revisions"}],"wp:attachment":[{"href":"http:\/\/www.letourismeaparis.fr\/index.php\/wp-json\/wp\/v2\/media?parent=11695"}],"wp:term":[{"taxonomy":"category","embeddable":true,"href":"http:\/\/www.letourismeaparis.fr\/index.php\/wp-json\/wp\/v2\/categories?post=11695"},{"taxonomy":"post_tag","embeddable":true,"href":"http:\/\/www.letourismeaparis.fr\/index.php\/wp-json\/wp\/v2\/tags?post=11695"}],"curies":[{"name":"wp","href":"https:\/\/api.w.org\/{rel}","templated":true}]}}