{"id":11706,"date":"2012-05-24T20:00:46","date_gmt":"2012-05-24T19:00:46","guid":{"rendered":"http:\/\/www.letourismeaparis.fr\/?p=11706"},"modified":"2012-05-24T20:00:46","modified_gmt":"2012-05-24T19:00:46","slug":"8e-festival-des-cultures-juives-du-mardi-12-au-jeudi-28-juin-2012","status":"publish","type":"post","link":"http:\/\/www.letourismeaparis.fr\/index.php\/2012\/05\/24\/8e-festival-des-cultures-juives-du-mardi-12-au-jeudi-28-juin-2012\/","title":{"rendered":"8e Festival des Cultures Juives du mardi 12 au jeudi 28 juin 2012"},"content":{"rendered":"<p>Le Festival des Cultures Juives propose 15 jours de manifestations \u00e9clectiques (conf\u00e9rences, concerts, expositions, films, th\u00e9\u00e2tres, visites, ateliers) destin\u00e9es \u00e0 faire d\u00e9couvrir la richesse et la diversit\u00e9 des cultures juives \u00e0 travers le monde, dans une volont\u00e9 d&rsquo;ouverture et de dialogue interculturel.<br \/>\nCette 8e \u00e9dition mettra \u00e0 l&rsquo;honneur la rue dans tous ses \u00e9tats.<a href=\"http:\/\/www.letourismeaparis.fr\/wp-content\/uploads\/2012\/05\/multi1.jpg\"><img loading=\"lazy\" decoding=\"async\" class=\"aligncenter size-thumbnail wp-image-11708\" title=\"multi\" src=\"http:\/\/www.letourismeaparis.fr\/wp-content\/uploads\/2012\/05\/multi1-150x150.jpg\" alt=\"\" width=\"150\" height=\"150\" \/><\/a><br \/>\nL&rsquo;art de la rue, engag\u00e9, citoyen s&rsquo;exprime de plus en plus dans un nouveau courant d&rsquo;expression : l&rsquo;urban art.<!--more--><br \/>\nLe Festival se propose de raconter les histoires qui s&rsquo;inscrivent sur les murs, les pav\u00e9s, les trottoirs. Ancr\u00e9 dans la modernit\u00e9, il veut par son regard revisiter le pass\u00e9, fouiller dans les m\u00e9moires. Les cultures juives ont depuis toujours \u00e9t\u00e9 un formidable vecteur de cette expression artistique dans la Cit\u00e9.<br \/>\nChants r\u00e9volutionnaires, gospel, klezmer, mais aussi street art, po\u00e9sie, th\u00e9\u00e2tre, danse, tradition orale&#8230;.yiddish, fran\u00e7ais, allemand, jud\u00e9o espagnol : plus de fronti\u00e8res, les rues sont \u00e0 nous !<br \/>\nComme chaque ann\u00e9e, ce festival d\u00e9ploiera \u00e0 travers des concerts de jeunes talents, des artistes de rue, des expositions in\u00e9dites, des films r\u00e9alis\u00e9s sp\u00e9cialement pour le Festival, de la danse, de la po\u00e9sie, des conf\u00e9rences, tous les aspects de la diversit\u00e9 dans le respect de la sp\u00e9cificit\u00e9 de chacun.<br \/>\nDe la sp\u00e9cificit\u00e9 nait l&rsquo;universel. Telle est la devise de ce Festival 2012.<br \/>\nManifestations qui se tiendront en mairie du 4e<br \/>\nMercredi 13 juin, 15h00<br \/>\nConf\u00e9rence \u00ab Norbert Glanzberg, son man\u00e8ge \u00e0 lui \u00bb<br \/>\nMairie du 4e<br \/>\n2 place Baudoyer Paris 4e<br \/>\nSalle des f\u00eates &#8211; Escalier A, 2e \u00e9tage<br \/>\nDimanche 24 juin<br \/>\n\u00ab La rue est \u00e0 nous ! \u00bb, les associations en f\u00eate sur la place Baudoyer devant la mairie du 4e.<br \/>\nStands associatifs, d\u00e9bats, d\u00e9gustations, coin des enfants, et groupes de musique : fanfare klezmer d\u2019Ile-de-France, Les Gefilte Swing\u2026<br \/>\nJourn\u00e9e de Yiddish Sans fronti\u00e8re anim\u00e9e par Lise Gutmann.<br \/>\nPlace Baudoyer Paris 4e<br \/>\nLundi 25 juin, 15h00<br \/>\nConf\u00e9rence \u00ab les femmes juives dans la Cit\u00e9 \u00bb par Malka Marcovich, historienne sp\u00e9cialiste du droit des femmes<br \/>\nMairie du 4e<br \/>\n2 place Baudoyer Paris 4e<br \/>\nSalle des f\u00eates &#8211; Escalier A, 2e \u00e9tage<br \/>\nMardi 26 juin, 16h00<br \/>\nConf\u00e9rence \u00ab Arts forains et culture juive \u00bb, de Zeev Gourarier, directeur du Mus\u00e9e des civilisations de l\u2019Europe et de la M\u00e9diterran\u00e9e et de Gilbert Edelstein, directeur du cirque Pinder.<br \/>\nMairie du 4e<br \/>\n2 place Baudoyer Paris 4e<br \/>\nSalle des mariages &#8211; Escalier A, 2e \u00e9tage<br \/>\nR\u00e9servation<br \/>\nT\u00e9l. 01 42 17 10 69<br \/>\nBureau du Festival (ouvert \u00e0 partir du 1er juin)<br \/>\nMaison de l&rsquo;Europe<br \/>\n35-37 rue des Francs-Bourgeois Paris 4e<\/p>\n","protected":false},"excerpt":{"rendered":"<p>Le Festival des Cultures Juives propose 15 jours de manifestations \u00e9clectiques (conf\u00e9rences, concerts, expositions, films, th\u00e9\u00e2tres, visites, ateliers) destin\u00e9es \u00e0 faire d\u00e9couvrir la richesse et la diversit\u00e9 des cultures juives \u00e0 travers le monde, dans une volont\u00e9 d&rsquo;ouverture et de&#8230;<\/p>\n","protected":false},"author":2,"featured_media":0,"comment_status":"open","ping_status":"open","sticky":false,"template":"","format":"standard","meta":{"ngg_post_thumbnail":0,"jetpack_post_was_ever_published":false,"_jetpack_newsletter_access":"","footnotes":""},"categories":[1],"tags":[],"class_list":["post-11706","post","type-post","status-publish","format-standard","hentry","category-non-classe"],"jetpack_featured_media_url":"","jetpack-related-posts":[{"id":10568,"url":"http:\/\/www.letourismeaparis.fr\/index.php\/2011\/06\/14\/festival-des-cultures-juives\/","url_meta":{"origin":11706,"position":0},"title":"Festival des cultures Juives \u00e0 partir du 14 juin","author":"Fabienne TM","date":"14 juin 2011","format":false,"excerpt":"Un festival unique au coeur de la capitale : Le Festival des Cultures Juives propose 15 jours de manifestations culturelles \u00e9clectiques et originales (conf\u00e9rences, concerts, expositions, films, th\u00e9\u00e2tres, visites) destin\u00e9es \u00e0 faire d\u00e9couvrir la richesse et la diversit\u00e9 de la culture juive de par le monde, dans un esprit d'ouverture,\u2026","rel":"","context":"Dans &quot;Non class\u00e9&quot;","block_context":{"text":"Non class\u00e9","link":"http:\/\/www.letourismeaparis.fr\/index.php\/category\/non-classe\/"},"img":{"alt_text":"","src":"","width":0,"height":0},"classes":[]},{"id":10303,"url":"http:\/\/www.letourismeaparis.fr\/index.php\/2011\/06\/29\/festival-des-cultures-juives-du-14-au-30-juin\/","url_meta":{"origin":11706,"position":1},"title":"Festival des cultures juives  jusqu&#039;au 30 juin","author":"Fabienne TM","date":"29 juin 2011","format":false,"excerpt":"Un festival unique au coeur de la capitale jusqu' au 30 juin Le Festival des Cultures Juives propose 15 jours de manifestations culturelles \u00e9clectiques et originales (conf\u00e9rences, concerts, expositions, films, th\u00e9\u00e2tres, visites) destin\u00e9es \u00e0 faire d\u00e9couvrir la richesse et la diversit\u00e9 de la culture juive de par le monde, dans\u2026","rel":"","context":"Dans &quot;Non class\u00e9&quot;","block_context":{"text":"Non class\u00e9","link":"http:\/\/www.letourismeaparis.fr\/index.php\/category\/non-classe\/"},"img":{"alt_text":"","src":"https:\/\/i0.wp.com\/www.letourismeaparis.fr\/wp-content\/uploads\/2011\/05\/festival-cultures-juives-202x300.jpg?resize=350%2C200","width":350,"height":200},"classes":[]},{"id":7820,"url":"http:\/\/www.letourismeaparis.fr\/index.php\/2010\/06\/16\/festival-des-cultures-juives-du-13-au-28-juin-de-nombeux-concerts\/","url_meta":{"origin":11706,"position":2},"title":"Festival des cultures juives jusqu&#039;au 27 juin : de nombeux concerts","author":"Fabienne TM","date":"16 juin 2010","format":false,"excerpt":"Jeudi 17 juin \u00e0 14h30 Mairie du 4e ,2, place Baudoyer Paris 75004 \u00ab Ils s\u2019en venaient de l\u2019Oural\u2026 \u00bb Les peintres juifs de l\u2019Ecole de Paris Dimanche 20 juin \u00e0 partir de 12 h 30 devant la mairie du 4 \u00e8me Place Baudoyer 12h30 \u00e0 14h : animation klezmer\u2026","rel":"","context":"Dans &quot;Non class\u00e9&quot;","block_context":{"text":"Non class\u00e9","link":"http:\/\/www.letourismeaparis.fr\/index.php\/category\/non-classe\/"},"img":{"alt_text":"","src":"","width":0,"height":0},"classes":[]},{"id":10050,"url":"http:\/\/www.letourismeaparis.fr\/index.php\/2011\/04\/09\/festival-des-musiques-sacrees-de-paris-samedi-9-avril-au-tce\/","url_meta":{"origin":11706,"position":3},"title":"Festival des musiques sacr\u00e9es de Paris : samedi 9 avril au TCE","author":"Fabienne TM","date":"9 avril 2011","format":false,"excerpt":"Apr\u00e8s le succ\u00e8s de sa premi\u00e8re \u00e9dition en 2008, le Festival des Musiques Sacr\u00e9es de Paris investit depuis 2009 des lieux parisiens, symboles de culture et d'\u00e9change. Pour cette nouvelle \u00e9dition, le voici le temps d'une soir\u00e9e au Th\u00e9\u00e2tre des Champs-Elys\u00e9es. Une Symphonie juive\u00a0\u00a0\u00a0 Orchestre Romantique Europ\u00e9en\u00a0\u00a0 Lionel Stoleru direction\u2026","rel":"","context":"Dans &quot;Non class\u00e9&quot;","block_context":{"text":"Non class\u00e9","link":"http:\/\/www.letourismeaparis.fr\/index.php\/category\/non-classe\/"},"img":{"alt_text":"","src":"","width":0,"height":0},"classes":[]},{"id":25068,"url":"http:\/\/www.letourismeaparis.fr\/index.php\/2023\/06\/28\/le-festival-namaste-france\/","url_meta":{"origin":11706,"position":4},"title":"Le festival Namast\u00e9 France 6-9 juillet","author":"Fabienne TM","date":"28 juin 2023","format":false,"excerpt":"La Seine musicale accueille ce festival. L'Ambassade d'Inde \u00e0 Paris organise le festival Namast\u00e9 France afin de c\u00e9l\u00e9brer avec faste les 25 ans du partenariat strat\u00e9gique entre l'Inde et la France Pendant le festival, Namast\u00e9 France mettra en valeur un m\u00e9lange \u00e9clectique du meilleur des traditions culturelles vivantes et des\u2026","rel":"","context":"Dans &quot;Artisanat&quot;","block_context":{"text":"Artisanat","link":"http:\/\/www.letourismeaparis.fr\/index.php\/category\/culture\/musees-expositions\/artisanat\/"},"img":{"alt_text":"","src":"https:\/\/i0.wp.com\/www.letourismeaparis.fr\/wp-content\/uploads\/2023\/03\/Capture-decran-2023-03-21-a-18.10.01.png?resize=350%2C200","width":350,"height":200,"srcset":"https:\/\/i0.wp.com\/www.letourismeaparis.fr\/wp-content\/uploads\/2023\/03\/Capture-decran-2023-03-21-a-18.10.01.png?resize=350%2C200 1x, https:\/\/i0.wp.com\/www.letourismeaparis.fr\/wp-content\/uploads\/2023\/03\/Capture-decran-2023-03-21-a-18.10.01.png?resize=525%2C300 1.5x"},"classes":[]},{"id":11756,"url":"http:\/\/www.letourismeaparis.fr\/index.php\/2012\/06\/14\/festival-coulee-douce-2012-jusquau-17-juin\/","url_meta":{"origin":11706,"position":5},"title":"Festival Coul\u00e9e Douce 2012 jusqu&#039;au 17 juin","author":"Fabienne TM","date":"14 juin 2012","format":false,"excerpt":"Cette ann\u00e9e encore, la Mairie du 12e est heureuse d\u2019accueillir Coul\u00e9e Douce, le Festival des Arts de la rue organis\u00e9 par la compagnie Progeniture pour 7 jours de culture \u00e0 d\u00e9guster en famille dans divers lieux du 12e arrondissement. Les 8, 12, 13, 14 et 15, 16 et 17 juin\u2026","rel":"","context":"Dans &quot;Non class\u00e9&quot;","block_context":{"text":"Non class\u00e9","link":"http:\/\/www.letourismeaparis.fr\/index.php\/category\/non-classe\/"},"img":{"alt_text":"","src":"","width":0,"height":0},"classes":[]}],"jetpack_sharing_enabled":true,"jetpack_likes_enabled":true,"_links":{"self":[{"href":"http:\/\/www.letourismeaparis.fr\/index.php\/wp-json\/wp\/v2\/posts\/11706","targetHints":{"allow":["GET"]}}],"collection":[{"href":"http:\/\/www.letourismeaparis.fr\/index.php\/wp-json\/wp\/v2\/posts"}],"about":[{"href":"http:\/\/www.letourismeaparis.fr\/index.php\/wp-json\/wp\/v2\/types\/post"}],"author":[{"embeddable":true,"href":"http:\/\/www.letourismeaparis.fr\/index.php\/wp-json\/wp\/v2\/users\/2"}],"replies":[{"embeddable":true,"href":"http:\/\/www.letourismeaparis.fr\/index.php\/wp-json\/wp\/v2\/comments?post=11706"}],"version-history":[{"count":0,"href":"http:\/\/www.letourismeaparis.fr\/index.php\/wp-json\/wp\/v2\/posts\/11706\/revisions"}],"wp:attachment":[{"href":"http:\/\/www.letourismeaparis.fr\/index.php\/wp-json\/wp\/v2\/media?parent=11706"}],"wp:term":[{"taxonomy":"category","embeddable":true,"href":"http:\/\/www.letourismeaparis.fr\/index.php\/wp-json\/wp\/v2\/categories?post=11706"},{"taxonomy":"post_tag","embeddable":true,"href":"http:\/\/www.letourismeaparis.fr\/index.php\/wp-json\/wp\/v2\/tags?post=11706"}],"curies":[{"name":"wp","href":"https:\/\/api.w.org\/{rel}","templated":true}]}}