{"id":11711,"date":"2012-05-25T14:38:53","date_gmt":"2012-05-25T13:38:53","guid":{"rendered":"http:\/\/www.letourismeaparis.fr\/?p=11711"},"modified":"2012-05-25T14:38:53","modified_gmt":"2012-05-25T13:38:53","slug":"festival-onze-bouge-2012-du-2-au-10-juin","status":"publish","type":"post","link":"http:\/\/www.letourismeaparis.fr\/index.php\/2012\/05\/25\/festival-onze-bouge-2012-du-2-au-10-juin\/","title":{"rendered":"Festival Onze Bouge 2012  du 2 au 10 juin"},"content":{"rendered":"<p>Festival Onze Bouge 2012<br \/>\nDu 2 au 10 juin, le festival pluridisciplinaire de la cr\u00e9ation artistique de Paris vous donne rendez-vous pour sa 16e \u00e9dition. Au programme : Musique, Th\u00e9\u00e2tre, Danse et Arts de la rue ; une trentaine de spectacles gratuits en ext\u00e9rieur et en salle.<a href=\"http:\/\/www.letourismeaparis.fr\/wp-content\/uploads\/2012\/05\/onze1.jpg\"><img loading=\"lazy\" decoding=\"async\" class=\"aligncenter size-thumbnail wp-image-11713\" title=\"onze\" src=\"http:\/\/www.letourismeaparis.fr\/wp-content\/uploads\/2012\/05\/onze1-150x150.jpg\" alt=\"\" width=\"150\" height=\"150\" \/><\/a><br \/>\n<a href=\"http:\/\/www.festivalonze.org\/\"><!--more-->http:\/\/www.festivalonze.org\/<\/a><\/p>\n","protected":false},"excerpt":{"rendered":"<p>Festival Onze Bouge 2012 Du 2 au 10 juin, le festival pluridisciplinaire de la cr\u00e9ation artistique de Paris vous donne rendez-vous pour sa 16e \u00e9dition. Au programme : Musique, Th\u00e9\u00e2tre, Danse et Arts de la rue ; une trentaine de&#8230;<\/p>\n","protected":false},"author":2,"featured_media":0,"comment_status":"open","ping_status":"open","sticky":false,"template":"","format":"standard","meta":{"ngg_post_thumbnail":0,"jetpack_post_was_ever_published":false,"_jetpack_newsletter_access":"","footnotes":""},"categories":[1],"tags":[],"class_list":["post-11711","post","type-post","status-publish","format-standard","hentry","category-non-classe"],"jetpack_featured_media_url":"","jetpack-related-posts":[{"id":15274,"url":"http:\/\/www.letourismeaparis.fr\/index.php\/2014\/06\/08\/musique-theatre-danse-du-31-mai-au-11-juin-spectacles-gratuits\/","url_meta":{"origin":11711,"position":0},"title":"MUSIQUE, THEATRE, DANSE du 31 mai au 11 juin : spectacles gratuits","author":"Fabienne TM","date":"8 juin 2014","format":false,"excerpt":"\u00a0 ONZE BOUGE\u00a0est un festival unique qui se d\u00e9marque par son\u00a0engagement artistique, sa volont\u00e9 de\u00a0soutenir la cr\u00e9ation,, Onze Bouge offre\u00a0un croisement culturel entre la musique, la danse, le th\u00e9\u00e2tre et les arts de la rue.Cette ann\u00e9e encore, nous vous invitons \u00e0 d\u00e9couvrir des spectacles originaux et \u00e0 aller \u00e0 la\u2026","rel":"","context":"Dans &quot;Non class\u00e9&quot;","block_context":{"text":"Non class\u00e9","link":"http:\/\/www.letourismeaparis.fr\/index.php\/category\/non-classe\/"},"img":{"alt_text":"","src":"","width":0,"height":0},"classes":[]},{"id":11706,"url":"http:\/\/www.letourismeaparis.fr\/index.php\/2012\/05\/24\/8e-festival-des-cultures-juives-du-mardi-12-au-jeudi-28-juin-2012\/","url_meta":{"origin":11711,"position":1},"title":"8e Festival des Cultures Juives du mardi 12 au jeudi 28 juin 2012","author":"Fabienne TM","date":"24 mai 2012","format":false,"excerpt":"Le Festival des Cultures Juives propose 15 jours de manifestations \u00e9clectiques (conf\u00e9rences, concerts, expositions, films, th\u00e9\u00e2tres, visites, ateliers) destin\u00e9es \u00e0 faire d\u00e9couvrir la richesse et la diversit\u00e9 des cultures juives \u00e0 travers le monde, dans une volont\u00e9 d'ouverture et de dialogue interculturel. Cette 8e \u00e9dition mettra \u00e0 l'honneur la rue\u2026","rel":"","context":"Dans &quot;Non class\u00e9&quot;","block_context":{"text":"Non class\u00e9","link":"http:\/\/www.letourismeaparis.fr\/index.php\/category\/non-classe\/"},"img":{"alt_text":"","src":"","width":0,"height":0},"classes":[]},{"id":11195,"url":"http:\/\/www.letourismeaparis.fr\/index.php\/2012\/01\/25\/festival-russenko-27-28-29-janvier-2012-le-kremlin%e2%80%90bicetre-celebre-les-cultures-russes-et-russophones\/","url_meta":{"origin":11711,"position":2},"title":"Festival RussenKo: 27 ,28 ,29 janvier 2012 : le Kremlin\u2010Bic\u00eatre c\u00e9l\u00e8bre les cultures russes et russophones","author":"Fabienne TM","date":"25 janvier 2012","format":false,"excerpt":"La Ville du Kremlin\u2010Bic\u00eatre vous donne rendez\u2010vous les 27, 28 et 29 janvier 2012 pour la 3\u00e8me \u00e9dition du Festival RussenKo. Fid\u00e8le \u00e0\u00a0 sa th\u00e9matique originelle, RussenKo invite \u00e0 explorer sans exhaustivit\u00e9 la richesse descultures russes et russophones : th\u00e9\u00e2tre, cin\u00e9ma, danse, art, litt\u00e9rature, musique, etc. Il y en aura\u2026","rel":"","context":"Dans &quot;Non class\u00e9&quot;","block_context":{"text":"Non class\u00e9","link":"http:\/\/www.letourismeaparis.fr\/index.php\/category\/non-classe\/"},"img":{"alt_text":"","src":"","width":0,"height":0},"classes":[]},{"id":15562,"url":"http:\/\/www.letourismeaparis.fr\/index.php\/2014\/09\/02\/la-defense-tours-circus-2014-4e-edition-du-festival-des-arts-de-la-rue-et-du-cirque-de-la-defense\/","url_meta":{"origin":11711,"position":3},"title":"LA DEFENSE &#8211; TOURS CIRCUS 2014     4e \u00e9dition du Festival des arts de la rue et du cirque de La D\u00e9fense","author":"Fabienne TM","date":"2 septembre 2014","format":false,"excerpt":"Les 4, 5 et 6 septembre sur le parvis de La D\u00e9fense La D\u00e9fense va vivre pendant trois jours au rythme de la 4e \u00e9dition de La D\u00e9fense - Tours Circus, le festival gratuit des arts de la rue et du cirque, organis\u00e9 sur le parvis de La D\u00e9fense par\u2026","rel":"","context":"Dans &quot;Familles&quot;","block_context":{"text":"Familles","link":"http:\/\/www.letourismeaparis.fr\/index.php\/category\/familles\/"},"img":{"alt_text":"","src":"","width":0,"height":0},"classes":[]},{"id":20443,"url":"http:\/\/www.letourismeaparis.fr\/index.php\/2017\/11\/08\/festival-don-quijote-a-paris\/","url_meta":{"origin":11711,"position":4},"title":"Festival&quot; Don Quijote&quot; \u00e0 Paris","author":"Fabienne TM","date":"8 novembre 2017","format":false,"excerpt":"Th\u00e9\u00e2tre-Musique-Danse. Du 21 novembre au 3 d\u00e9cembre 2017 Le Festival Don Quijote, qui est l\u2019\u00e9v\u00e8nement culturel en France r\u00e9alis\u00e9 avec la plus grande participation d\u2019artistes espagnols, propose comme chaque automne au public parisien une s\u00e9lection de la cr\u00e9ation sc\u00e9nique espagnole, en premi\u00e8re fran\u00e7aise. Apr\u00e8s avoir franchi le cap symbolique des\u2026","rel":"","context":"Dans &quot;Cultures du Monde&quot;","block_context":{"text":"Cultures du Monde","link":"http:\/\/www.letourismeaparis.fr\/index.php\/category\/culture\/musees-expositions\/cultures-du-monde\/"},"img":{"alt_text":"","src":"https:\/\/i0.wp.com\/www.letourismeaparis.fr\/wp-content\/uploads\/2017\/11\/Capture-d%C3%A2%C2%80%C2%99e%C3%8C%C2%81cran-2017-11-08-a%C3%8C%C2%80-15.22.46-206x300.png?resize=350%2C200","width":350,"height":200},"classes":[]},{"id":11740,"url":"http:\/\/www.letourismeaparis.fr\/index.php\/2012\/06\/07\/le-festival-o-4-vents-pour-les-0-11-ans-dans-des-lieux-de-patrimoine-et-dhistoire-du-4e-arrondissement-de-paris\/","url_meta":{"origin":11711,"position":5},"title":"Le festival  \u00d4 4 vents pour les 0-11 ans dans des lieux de patrimoine et d\u2019histoire du 4e arrondissement de Paris","author":"Fabienne TM","date":"7 juin 2012","format":false,"excerpt":"Tuktu, Le petit caribou (cr\u00e9ation) Compagnie Par-dessus les toits Musique, th\u00e9\u00e2tre et objets \u2022 Tout public \u00e0 partir de 2 ans 8 juin \u00e0 9h30 & 15h30 \/ 9 juin \u00e0 11h & 16h \u2022 H\u00f4tel de Beauvais jusqu'au\u00a0 au 11 juin 2012 Broderies Compagnie Arnica Th\u00e9\u00e2tre d\u2019objets \u2022 Tout\u2026","rel":"","context":"Dans &quot;Non class\u00e9&quot;","block_context":{"text":"Non class\u00e9","link":"http:\/\/www.letourismeaparis.fr\/index.php\/category\/non-classe\/"},"img":{"alt_text":"","src":"","width":0,"height":0},"classes":[]}],"jetpack_sharing_enabled":true,"jetpack_likes_enabled":true,"_links":{"self":[{"href":"http:\/\/www.letourismeaparis.fr\/index.php\/wp-json\/wp\/v2\/posts\/11711","targetHints":{"allow":["GET"]}}],"collection":[{"href":"http:\/\/www.letourismeaparis.fr\/index.php\/wp-json\/wp\/v2\/posts"}],"about":[{"href":"http:\/\/www.letourismeaparis.fr\/index.php\/wp-json\/wp\/v2\/types\/post"}],"author":[{"embeddable":true,"href":"http:\/\/www.letourismeaparis.fr\/index.php\/wp-json\/wp\/v2\/users\/2"}],"replies":[{"embeddable":true,"href":"http:\/\/www.letourismeaparis.fr\/index.php\/wp-json\/wp\/v2\/comments?post=11711"}],"version-history":[{"count":0,"href":"http:\/\/www.letourismeaparis.fr\/index.php\/wp-json\/wp\/v2\/posts\/11711\/revisions"}],"wp:attachment":[{"href":"http:\/\/www.letourismeaparis.fr\/index.php\/wp-json\/wp\/v2\/media?parent=11711"}],"wp:term":[{"taxonomy":"category","embeddable":true,"href":"http:\/\/www.letourismeaparis.fr\/index.php\/wp-json\/wp\/v2\/categories?post=11711"},{"taxonomy":"post_tag","embeddable":true,"href":"http:\/\/www.letourismeaparis.fr\/index.php\/wp-json\/wp\/v2\/tags?post=11711"}],"curies":[{"name":"wp","href":"https:\/\/api.w.org\/{rel}","templated":true}]}}