{"id":11716,"date":"2012-05-30T18:52:19","date_gmt":"2012-05-30T17:52:19","guid":{"rendered":"http:\/\/www.letourismeaparis.fr\/?p=11716"},"modified":"2012-05-30T18:52:19","modified_gmt":"2012-05-30T17:52:19","slug":"le-nouveau-quartier-latin-du-13e-vous-attend-pour-de-nombreuses-manifestations","status":"publish","type":"post","link":"http:\/\/www.letourismeaparis.fr\/index.php\/2012\/05\/30\/le-nouveau-quartier-latin-du-13e-vous-attend-pour-de-nombreuses-manifestations\/","title":{"rendered":"Le &quot;nouveau quartier latin du 13e&quot; vous attend pour de nombreuses manifestations"},"content":{"rendered":"<p>de grandes institutions install\u00e9es dans le \u00ab\u00a0nouveau quartier latin du 13e\u00a0\u00bbvous ouvrent leurs portes : animations, conf\u00e9rences, performances artistiques, lieux insolites, fanfares et visites guid\u00e9es&#8230;<br \/>\njeudi 31 mai jusqu\u2019\u00e0 20 heures [BnF]<br \/>\nJourn\u00e9e portes ouvertes avec acc\u00e8s libre<br \/>\naux expositions, \u00e0 la biblioth\u00e8que d\u2019\u00e9tude,<br \/>\nau belv\u00e9d\u00e8re et visites de la BnF par petits groupes<a href=\"http:\/\/www.letourismeaparis.fr\/wp-content\/uploads\/2012\/05\/expo_miniatures_flamandes_bnf_gd.jpg\"><img loading=\"lazy\" decoding=\"async\" class=\"aligncenter size-thumbnail wp-image-11717\" title=\"expo_miniatures_flamandes_bnf_gd\" src=\"http:\/\/www.letourismeaparis.fr\/wp-content\/uploads\/2012\/05\/expo_miniatures_flamandes_bnf_gd-150x150.jpg\" alt=\"\" width=\"150\" height=\"150\" \/><\/a><br \/>\nsamedi 2 et dimanche 3 juin de 13h \u00e0 18h [BnF]<br \/>\n\u00ab\u00a0Les Rendez-vous aux jardins\u00a0\u00bb, visite exceptionnelle du jardin for\u00eat<br \/>\nEntr\u00e9e libre \u2013 R\u00e9servation sur place \u00e0 l\u2019accueil situ\u00e9 au rez-de-chauss\u00e9e de la Tour des nombres (T3, face au MK2).<br \/>\nquai Fran\u00e7ois Mauriac<br \/>\nvendredi 1er juin \u00e0 partir de 18h30<br \/>\n[Bulac \/Inalco]<br \/>\nPortes ouvertes et ap\u00e9ro festif<br \/>\nProjection du \ufb01 lm La laque en Asie, de la technique \u00e0 l\u2019art,<br \/>\ndans l\u2019auditorium<br \/>\n\u00e0 partir de 20h<br \/>\nAmbiance zen dans la biblioth\u00e8que pour une visite<br \/>\nchuchot\u00e9e<br \/>\nAmbiance musicale et danses du monde<br \/>\nBiblioth\u00e8que universitaire des langues et<br \/>\ncivilisations \/ Institut national des langues<br \/>\net civilisations orientales<br \/>\n65 rue des Grands Moulins<\/p>\n","protected":false},"excerpt":{"rendered":"<p>de grandes institutions install\u00e9es dans le \u00ab\u00a0nouveau quartier latin du 13e\u00a0\u00bbvous ouvrent leurs portes : animations, conf\u00e9rences, performances artistiques, lieux insolites, fanfares et visites guid\u00e9es&#8230; jeudi 31 mai jusqu\u2019\u00e0 20 heures [BnF] Journ\u00e9e portes ouvertes avec acc\u00e8s libre aux expositions,&#8230;<\/p>\n","protected":false},"author":2,"featured_media":0,"comment_status":"open","ping_status":"open","sticky":false,"template":"","format":"standard","meta":{"ngg_post_thumbnail":0,"jetpack_post_was_ever_published":false,"_jetpack_newsletter_access":"","footnotes":""},"categories":[1],"tags":[],"class_list":["post-11716","post","type-post","status-publish","format-standard","hentry","category-non-classe"],"jetpack_featured_media_url":"","jetpack-related-posts":[{"id":10689,"url":"http:\/\/www.letourismeaparis.fr\/index.php\/2011\/07\/07\/du-3-au-13-juillet-2011-festival-paris-cinema\/","url_meta":{"origin":11716,"position":0},"title":"Festival Paris Cin\u00e9ma jusqu&#039;au 13 juillet","author":"Fabienne TM","date":"7 juillet 2011","format":false,"excerpt":"Le Festival Paris Cin\u00e9ma propose des avant-premi\u00e8res prestigieuses, une comp\u00e9tition internationale de longs m\u00e9trages, des films rares ou inattendus, et des rencontres avec des personnalit\u00e9s marquantes du cin\u00e9ma. Le Mexique\u00a0 est \u00e0 l\u2019honneur ; Hommages et r\u00e9trospectives .... Hommage \u00e0 Isabella Rossellini Michael Lonsdale Gael Garc\u00eda Bernal Dans le cadre\u2026","rel":"","context":"Dans &quot;Non class\u00e9&quot;","block_context":{"text":"Non class\u00e9","link":"http:\/\/www.letourismeaparis.fr\/index.php\/category\/non-classe\/"},"img":{"alt_text":"","src":"","width":0,"height":0},"classes":[]},{"id":318,"url":"http:\/\/www.letourismeaparis.fr\/index.php\/2008\/09\/03\/opera-des-rues-567-septembre\/","url_meta":{"origin":11716,"position":1},"title":"&quot;Op\u00e9ra des rues&quot;  5,6,7 septembre","author":"Fabienne TM","date":"3 septembre 2008","format":false,"excerpt":"Neuf spectacles lyriques gratuits vous entra\u00eenent \u00e0 travers les rues insolites des 12e et 13e arrondissements. Vendredi 5 septembre 20h30 : \u00ab \u00c9cho d\u2019un songe \u00bb Parvis de la BNF angle de la Tour T3 (13e).M\u00e9tro BNF Samedi 6 septembre 10h30 : \u00ab Za\u00efna \u00bb Centre Commercial Italie 2, entr\u00e9e\u2026","rel":"","context":"Dans &quot;Non class\u00e9&quot;","block_context":{"text":"Non class\u00e9","link":"http:\/\/www.letourismeaparis.fr\/index.php\/category\/non-classe\/"},"img":{"alt_text":"","src":"","width":0,"height":0},"classes":[]},{"id":17352,"url":"http:\/\/www.letourismeaparis.fr\/index.php\/2015\/11\/20\/journee-portes-ouvertes-tous-a-la-bnf-samedi-28-novembre-2015\/","url_meta":{"origin":11716,"position":2},"title":"Journ\u00e9e portes ouvertes  Tous \u00e0 la BnF samedi 28 novembre 2015 !","author":"Fabienne TM","date":"20 novembre 2015","format":false,"excerpt":"\u00a0 Pour tous les publics. Vous pourreztous \u00a0profiter librement de spectacles, visites et ateliers offerts par la BnF le samedi 28 novembre. Pour cette \u00e9dition, Dominique Pinon, Brigitte Fossey, Charles Berling et Jeff Cohen\u00a0investiront la BnF et mettront leur voix et leur talent au service du lieu et de ses\u2026","rel":"","context":"Dans &quot;Non class\u00e9&quot;","block_context":{"text":"Non class\u00e9","link":"http:\/\/www.letourismeaparis.fr\/index.php\/category\/non-classe\/"},"img":{"alt_text":"","src":"","width":0,"height":0},"classes":[]},{"id":12449,"url":"http:\/\/www.letourismeaparis.fr\/index.php\/2013\/02\/18\/cycle-histoires-de-la-voix-a-la-bnf\/","url_meta":{"origin":11716,"position":3},"title":"Cycle Histoire(s) de\u2026 &quot;La voix&quot; \u00e0 la BNF  mardi 19 f\u00e9vrier  \u00e0 18h30","author":"Fabienne TM","date":"18 f\u00e9vrier 2013","format":false,"excerpt":"Une s\u00e9rie de\u00a0 conf\u00e9rences dressera un panorama de l\u2019usage de la voix humaine dans la musique occidentale du Moyen \u00c4ge \u00e0 nos jours. mardi 19 f\u00e9vrier 2013 18h30-20h00 M\u00e9lodie : la voix des po\u00e8tes Par C\u00e9cile Reynaud, d\u00e9partement de la Musique, BnF. Petit auditorium de la BNF Quai Fran\u00e7ois-Mauriac -\u2026","rel":"","context":"Dans &quot;Non class\u00e9&quot;","block_context":{"text":"Non class\u00e9","link":"http:\/\/www.letourismeaparis.fr\/index.php\/category\/non-classe\/"},"img":{"alt_text":"","src":"","width":0,"height":0},"classes":[]},{"id":18559,"url":"http:\/\/www.letourismeaparis.fr\/index.php\/2016\/08\/25\/le-jeu-video-a-lhonneur-a-la-bnf-du-31-aout-au-2-septembre-2016\/","url_meta":{"origin":11716,"position":4},"title":"Le jeu vid\u00e9o \u00e0 l\u2019honneur \u00e0 la BnF Du 31 ao\u00fbt au 2 septembre 2016","author":"Fabienne TM","date":"25 ao\u00fbt 2016","format":false,"excerpt":"la Biblioth\u00e8que met \u00e0 l\u2019honneur le jeu vid\u00e9o sur son site Fran\u00e7ois-Mitterrand. Exposition, sessions de jeu et table ronde sont au programme de ces trois jours qui m\u00ealeront l\u00e9g\u00e8ret\u00e9, recherche et jeu. . Depuis 1992, les \u00e9diteurs ont l\u2019obligation de d\u00e9poser les jeux vid\u00e9os distribu\u00e9s en France. La collection du\u2026","rel":"","context":"Dans &quot;Bons Plans&quot;","block_context":{"text":"Bons Plans","link":"http:\/\/www.letourismeaparis.fr\/index.php\/category\/bon-plan\/"},"img":{"alt_text":"","src":"","width":0,"height":0},"classes":[]},{"id":13573,"url":"http:\/\/www.letourismeaparis.fr\/index.php\/2013\/07\/07\/le-festival-paris-cinema-2013\/","url_meta":{"origin":11716,"position":5},"title":"Festival  Paris Cin\u00e9ma  jusqu&#039;au 9 juillet","author":"Fabienne TM","date":"7 juillet 2013","format":false,"excerpt":"Plus de 200 films seront projet\u00e9s , dont de nombreux in\u00e9dits. Le Festival Paris Cin\u00e9ma proposera des avant-premi\u00e8res , une comp\u00e9tition internationale de longs m\u00e9trages, des films rares ou inattendus, et des rencontres avec des personnalit\u00e9s\u00a0 du cin\u00e9ma. Ouverture du festival : C\u2019est arriv\u00e9 pr\u00e8s de chez vous Vendredi 28\u2026","rel":"","context":"Dans &quot;Cin\u00e9ma&quot;","block_context":{"text":"Cin\u00e9ma","link":"http:\/\/www.letourismeaparis.fr\/index.php\/category\/spectacle\/cinema\/"},"img":{"alt_text":"","src":"","width":0,"height":0},"classes":[]}],"jetpack_sharing_enabled":true,"jetpack_likes_enabled":true,"_links":{"self":[{"href":"http:\/\/www.letourismeaparis.fr\/index.php\/wp-json\/wp\/v2\/posts\/11716","targetHints":{"allow":["GET"]}}],"collection":[{"href":"http:\/\/www.letourismeaparis.fr\/index.php\/wp-json\/wp\/v2\/posts"}],"about":[{"href":"http:\/\/www.letourismeaparis.fr\/index.php\/wp-json\/wp\/v2\/types\/post"}],"author":[{"embeddable":true,"href":"http:\/\/www.letourismeaparis.fr\/index.php\/wp-json\/wp\/v2\/users\/2"}],"replies":[{"embeddable":true,"href":"http:\/\/www.letourismeaparis.fr\/index.php\/wp-json\/wp\/v2\/comments?post=11716"}],"version-history":[{"count":0,"href":"http:\/\/www.letourismeaparis.fr\/index.php\/wp-json\/wp\/v2\/posts\/11716\/revisions"}],"wp:attachment":[{"href":"http:\/\/www.letourismeaparis.fr\/index.php\/wp-json\/wp\/v2\/media?parent=11716"}],"wp:term":[{"taxonomy":"category","embeddable":true,"href":"http:\/\/www.letourismeaparis.fr\/index.php\/wp-json\/wp\/v2\/categories?post=11716"},{"taxonomy":"post_tag","embeddable":true,"href":"http:\/\/www.letourismeaparis.fr\/index.php\/wp-json\/wp\/v2\/tags?post=11716"}],"curies":[{"name":"wp","href":"https:\/\/api.w.org\/{rel}","templated":true}]}}