{"id":11723,"date":"2012-05-31T10:30:49","date_gmt":"2012-05-31T09:30:49","guid":{"rendered":"http:\/\/www.letourismeaparis.fr\/?p=11723"},"modified":"2012-05-31T10:30:49","modified_gmt":"2012-05-31T09:30:49","slug":"costumes-du-xxe-siecle-a-lopera-de-paris","status":"publish","type":"post","link":"http:\/\/www.letourismeaparis.fr\/index.php\/2012\/05\/31\/costumes-du-xxe-siecle-a-lopera-de-paris\/","title":{"rendered":"Costumes du XXe si\u00e8cle \u00e0 l\u2019Op\u00e9ra de Paris"},"content":{"rendered":"<p>La passion pour le costume de th\u00e9\u00e2tre elle est d\u00e9j\u00e0 une fureur pendant tout le XIXe si\u00e8cle.\u00a0 l\u2019Exposition universelle\u00a0 de 1878 consacre quelques-uns de ses espaces au costume\u00a0 . \u00c0 cette \u00e9poque encore, les ateliers (costumes et d\u00e9cors) de l\u2019Op\u00e9ra de Paris sont c\u00e9l\u00e8bres dans toute l\u2019Europe. <a href=\"http:\/\/www.letourismeaparis.fr\/wp-content\/uploads\/2012\/05\/opera_home_visiter2.jpg\"><img loading=\"lazy\" decoding=\"async\" class=\"aligncenter size-thumbnail wp-image-11725\" title=\"opera_home_visiter2\" src=\"http:\/\/www.letourismeaparis.fr\/wp-content\/uploads\/2012\/05\/opera_home_visiter2-150x150.jpg\" alt=\"\" width=\"150\" height=\"150\" \/><\/a><!--more-->Les grands ouvrages de Gounod, Wagner, Verdi, Massenet et Saint-Sa\u00ebns sont l\u2019occasion pour les artisans de l\u2019Op\u00e9ra de montrer un incomparable savoir-faire. Les ateliers s\u2019adaptent aux nouvelles modes,\u00a0 m\u00e9thodes,\u00a0 technologies et assimilent l\u2019art\u00a0 notamment de\u00a0 Fernand L\u00e9ger, Jean Carzou, Andr\u00e9 Masson, Marc Chagall, Yves Saint Laurent, Christian Lacroix, Kenzo.<br \/>\nUne odyss\u00e9e du costume de sc\u00e8ne \u00e0 l\u2019\u00e9preuve de la modernit\u00e9\u00a0 est retrac\u00e9e dans cette exposition ,compl\u00e9t\u00e9e par un hommage aux ateliers dans les espaces publics du Palais Garnier<br \/>\nTOUS LES JOURS<br \/>\nDe 10 heures \u00e0 16 heures 30<br \/>\nDe 10 heures \u00e0 17 heures 30 du 16 juillet au 02 septembre,<br \/>\nsauf fermetures exceptionnelles.<br \/>\nBiblioth\u00e8que-mus\u00e9e de l\u2019Op\u00e9ra, Palais Garnier, entr\u00e9e \u00e0 l\u2019angle des rues Scribe et Auber, Paris 9e<\/p>\n","protected":false},"excerpt":{"rendered":"<p>La passion pour le costume de th\u00e9\u00e2tre elle est d\u00e9j\u00e0 une fureur pendant tout le XIXe si\u00e8cle.\u00a0 l\u2019Exposition universelle\u00a0 de 1878 consacre quelques-uns de ses espaces au costume\u00a0 . \u00c0 cette \u00e9poque encore, les ateliers (costumes et d\u00e9cors) de l\u2019Op\u00e9ra&#8230;<\/p>\n","protected":false},"author":2,"featured_media":0,"comment_status":"open","ping_status":"open","sticky":false,"template":"","format":"standard","meta":{"ngg_post_thumbnail":0,"jetpack_post_was_ever_published":false,"_jetpack_newsletter_access":"","footnotes":""},"categories":[1],"tags":[],"class_list":["post-11723","post","type-post","status-publish","format-standard","hentry","category-non-classe"],"jetpack_featured_media_url":"","jetpack-related-posts":[{"id":20961,"url":"http:\/\/www.letourismeaparis.fr\/index.php\/2018\/05\/04\/tous-a-lopera\/","url_meta":{"origin":11723,"position":0},"title":"Tous \u00e0 l&#039;Op\u00e9ra !","author":"Fabienne TM","date":"4 mai 2018","format":false,"excerpt":"21 maisons d\u2019op\u00e9ra dont 3 en PACA vous ouvrent leurs portes gratuitement . Op\u00e9ra national de Paris Programme du samedi 5 mai De 10h \u00e0 17h : entr\u00e9e libre et gratuite* au Palais Garnier Entr\u00e9e par la Fa\u00e7ade 11h - 13h et 14h30 - 17h Rotonde du Glacier \u00a0 Atelier\u2026","rel":"","context":"Dans &quot;Actualit\u00e9s&quot;","block_context":{"text":"Actualit\u00e9s","link":"http:\/\/www.letourismeaparis.fr\/index.php\/category\/actualite\/"},"img":{"alt_text":"","src":"","width":0,"height":0},"classes":[]},{"id":10778,"url":"http:\/\/www.letourismeaparis.fr\/index.php\/2011\/08\/20\/les-tragediennes-de-lopera-1875-1939-une-exposition-au-palais-garnier\/","url_meta":{"origin":11723,"position":1},"title":"Les Trag\u00e9diennes de l\u2019Op\u00e9ra (1875-1939)  , une exposition au Palais Garnier","author":"Fabienne TM","date":"20 ao\u00fbt 2011","format":false,"excerpt":"le Palais Garnier ressuscite le souvenir de ses divas de l\u00e9gende, aujourd\u2019hui oubli\u00e9es\u00e0 travers une collection de bijoux, costumes et reliques L'op\u00e9ra se nourrit de ses divas, d\u00e9esses toutes-puissantes, objets de tous les fantasmes, mais \u00e9galement esclaves sacrifi\u00e9es \u00e0 leur art, aux compositeurs et \u00e0 leur public. A travers elles,\u2026","rel":"","context":"Dans &quot;Non class\u00e9&quot;","block_context":{"text":"Non class\u00e9","link":"http:\/\/www.letourismeaparis.fr\/index.php\/category\/non-classe\/"},"img":{"alt_text":"","src":"https:\/\/i0.wp.com\/www.letourismeaparis.fr\/wp-content\/uploads\/2011\/07\/to.jpg?resize=350%2C200","width":350,"height":200},"classes":[]},{"id":10230,"url":"http:\/\/www.letourismeaparis.fr\/index.php\/2011\/05\/06\/tous-a-lopera-les-7-et-8-mai-2011\/","url_meta":{"origin":11723,"position":2},"title":"Tous \u00e0 l\u2019Op\u00e9ra ! les 7 et 8 mai 2011","author":"Fabienne TM","date":"6 mai 2011","format":false,"excerpt":"Vingt-neuf op\u00e9ras ouvrent leurs portes gratuitement \u00e0 tous dans toute la France, dans le cadre des Journ\u00e9es europ\u00e9ennes de l\u2019op\u00e9ra. Op\u00e9ra National de Paris : le Palais Garnier et l\u2019Op\u00e9ra Bastille L\u2019Op\u00e9ra national de Paris ouvre les portes de ses deux th\u00e9\u00e2tres. Samedi 7 mai 2011, de 9h \u00e0 21h\u2026","rel":"","context":"Dans &quot;Non class\u00e9&quot;","block_context":{"text":"Non class\u00e9","link":"http:\/\/www.letourismeaparis.fr\/index.php\/category\/non-classe\/"},"img":{"alt_text":"","src":"","width":0,"height":0},"classes":[]},{"id":12340,"url":"http:\/\/www.letourismeaparis.fr\/index.php\/2012\/12\/13\/le-musee-des-arts-forains-vous-attend-sans-reservation-du-26-decembre-au-6-janvier\/","url_meta":{"origin":11723,"position":3},"title":"Le mus\u00e9e des arts forains vous attend sans r\u00e9servation du 26 d\u00e9cembre au 6 janvier","author":"Fabienne TM","date":"13 d\u00e9cembre 2012","format":false,"excerpt":"Pour les f\u00eates de fin d'ann\u00e9e, la collection de costumes et accessoires du Music-Hall vient enrichir l'accrochage des diff\u00e9rents espaces du mus\u00e9e.C ette\u00a0 discipline artistique autrefois itin\u00e9rante\u00a0 est apparue sur la f\u00eate foraine au XIx\u00e8me si\u00e8cle, vous d\u00e9couvrirez 4 lieux\u00a0 d\u00e9di\u00e9s \u00e0 l'art du spectacle : - La F\u00eate foraine\u2026","rel":"","context":"Dans &quot;Non class\u00e9&quot;","block_context":{"text":"Non class\u00e9","link":"http:\/\/www.letourismeaparis.fr\/index.php\/category\/non-classe\/"},"img":{"alt_text":"","src":"https:\/\/i0.wp.com\/www.letourismeaparis.fr\/wp-content\/uploads\/2012\/12\/mus%C3%83%C2%A9e-des-arts-forains-210x300.jpg?resize=350%2C200","width":350,"height":200},"classes":[]},{"id":11483,"url":"http:\/\/www.letourismeaparis.fr\/index.php\/2012\/02\/17\/lintercontinental-paris-le-grand-entre-dans-la-danse\/","url_meta":{"origin":11723,"position":4},"title":"L\u2019INTERCONTINENTAL PARIS LE GRAND ENTRE DANS LA DANSE !","author":"Fabienne TM","date":"17 f\u00e9vrier 2012","format":false,"excerpt":"Du 6 f\u00e9vrier au 3 mars 2012, les costumes d\u2019\u00e9poque du Th\u00e9\u00e2tre National de Chaillot ainsi que Repetto entrent dans la danse A l\u2019occasion de ses 150 ans, l\u2019InterContinental Paris Le Grand c\u00e9l\u00e8bre chaque mois, et ce jusqu\u2019en juin 2012, l\u2019un des 7 Arts. Le mois de f\u00e9vrier sera ainsi\u2026","rel":"","context":"Dans &quot;Non class\u00e9&quot;","block_context":{"text":"Non class\u00e9","link":"http:\/\/www.letourismeaparis.fr\/index.php\/category\/non-classe\/"},"img":{"alt_text":"","src":"","width":0,"height":0},"classes":[]},{"id":7342,"url":"http:\/\/www.letourismeaparis.fr\/index.php\/2010\/04\/10\/le-carnaval-venitien-de-paris-un-reve-les-yeux-ouverts-dimanche-11-avril-2010-de-14h30-a-18h\/","url_meta":{"origin":11723,"position":5},"title":"Le Carnaval V\u00e9nitien de Paris \u00ab un r\u00eave les yeux ouverts \u00bb dimanche 11 avril 2010 de 14h30 \u00e0 18h","author":"Fabienne TM","date":"10 avril 2010","format":false,"excerpt":"Il rassemblera au port de l\u2019Arsenal Paris-Bastille, des passionn\u00e9s du Carnaval de Venise. Avec la participation des plaisanciers du port, seront install\u00e9s entre les bateaux d\u00e9cor\u00e9s, les \u00ab ducs d\u2019albe \u00bb Une gondole v\u00e9nitienne \u00ab voguaturera \u00bb entre les 2 rives du port pour le plaisir du public. Des \u00ab\u2026","rel":"","context":"Dans &quot;Non class\u00e9&quot;","block_context":{"text":"Non class\u00e9","link":"http:\/\/www.letourismeaparis.fr\/index.php\/category\/non-classe\/"},"img":{"alt_text":"","src":"https:\/\/i0.wp.com\/www.letourismeaparis.fr\/wp-content\/uploads\/2010\/04\/carnaval-venitien.jpg?resize=350%2C200","width":350,"height":200},"classes":[]}],"jetpack_sharing_enabled":true,"jetpack_likes_enabled":true,"_links":{"self":[{"href":"http:\/\/www.letourismeaparis.fr\/index.php\/wp-json\/wp\/v2\/posts\/11723","targetHints":{"allow":["GET"]}}],"collection":[{"href":"http:\/\/www.letourismeaparis.fr\/index.php\/wp-json\/wp\/v2\/posts"}],"about":[{"href":"http:\/\/www.letourismeaparis.fr\/index.php\/wp-json\/wp\/v2\/types\/post"}],"author":[{"embeddable":true,"href":"http:\/\/www.letourismeaparis.fr\/index.php\/wp-json\/wp\/v2\/users\/2"}],"replies":[{"embeddable":true,"href":"http:\/\/www.letourismeaparis.fr\/index.php\/wp-json\/wp\/v2\/comments?post=11723"}],"version-history":[{"count":0,"href":"http:\/\/www.letourismeaparis.fr\/index.php\/wp-json\/wp\/v2\/posts\/11723\/revisions"}],"wp:attachment":[{"href":"http:\/\/www.letourismeaparis.fr\/index.php\/wp-json\/wp\/v2\/media?parent=11723"}],"wp:term":[{"taxonomy":"category","embeddable":true,"href":"http:\/\/www.letourismeaparis.fr\/index.php\/wp-json\/wp\/v2\/categories?post=11723"},{"taxonomy":"post_tag","embeddable":true,"href":"http:\/\/www.letourismeaparis.fr\/index.php\/wp-json\/wp\/v2\/tags?post=11723"}],"curies":[{"name":"wp","href":"https:\/\/api.w.org\/{rel}","templated":true}]}}