{"id":11728,"date":"2012-06-05T21:38:32","date_gmt":"2012-06-05T20:38:32","guid":{"rendered":"http:\/\/www.letourismeaparis.fr\/?p=11728"},"modified":"2012-06-05T21:38:32","modified_gmt":"2012-06-05T20:38:32","slug":"solistes-des-serres-dauteuil-a-bagatelle-cette-annee-en-juinaout-et-septembre","status":"publish","type":"post","link":"http:\/\/www.letourismeaparis.fr\/index.php\/2012\/06\/05\/solistes-des-serres-dauteuil-a-bagatelle-cette-annee-en-juinaout-et-septembre\/","title":{"rendered":"&quot;Solistes des Serres d\u2019Auteuil&quot; \u00e0 Bagatelle  cette ann\u00e9e, en juin,ao\u00fbt et septembre"},"content":{"rendered":"<p>Vendredi 08 juin 2012<br \/>\n19h : Orangerie de Bagatelle 75016 Paris<br \/>\nConcert-Tremplin<br \/>\nTristan Cornut, violoncelle &#8211; Sanjay Mody, piano<br \/>\nDutilleux, Beethoven, Schumann, Piatigorsky<br \/>\nAvec le soutien de la Fondation l\u2019Or du Rhin<br \/>\n\u00c9ric Le Sage, piano &#8211; Nicola Benedetti, violon<br \/>\nBrahms, Mac Millan, Strauss<br \/>\nSamedi 09 juin 2012<br \/>\n19h : Orangerie de Bagatelle 75016 Paris<br \/>\nConcert-Tremplin<br \/>\nAnastasya Terenkova, piano<br \/>\nScarlatti, Lim, Moussorgsky<br \/>\nShani Diluka<br \/>\nBeethoven, Rihm, Schumann<br \/>\nDimanche 10 juin 2012<br \/>\n18h &#8211; 19h30 : Orangerie de Bagatelle 75016 Paris<br \/>\nCarte blanche \u00e0 Jean-Fran\u00e7ois-Heisser<br \/>\n18h R\u00e9cital<br \/>\nBeethoven, Debussy, Benjamin, Ravel &#8211; 19h30 Avec Marie-Jos\u00e8phe Jude, piano \u00e0 4 mains<br \/>\nDebussy, Ravel<br \/>\nFran\u00e7ois-Fr\u00e9d\u00e9ric Guy, piano &#8211; Marc Coppey, violoncelle<br \/>\nLiszt, Mantovani, Bach, Beethoven<br \/>\nGrille de S\u00e8vres : Route de S\u00e8vres \u00e0 Neuilly &#8211; 75016 Paris<\/p>\n","protected":false},"excerpt":{"rendered":"<p>Vendredi 08 juin 2012 19h : Orangerie de Bagatelle 75016 Paris Concert-Tremplin Tristan Cornut, violoncelle &#8211; Sanjay Mody, piano Dutilleux, Beethoven, Schumann, Piatigorsky Avec le soutien de la Fondation l\u2019Or du Rhin \u00c9ric Le Sage, piano &#8211; Nicola Benedetti, violon&#8230;<\/p>\n","protected":false},"author":2,"featured_media":0,"comment_status":"open","ping_status":"open","sticky":false,"template":"","format":"standard","meta":{"ngg_post_thumbnail":0,"jetpack_post_was_ever_published":false,"_jetpack_newsletter_access":"","footnotes":""},"categories":[1],"tags":[],"class_list":["post-11728","post","type-post","status-publish","format-standard","hentry","category-non-classe"],"jetpack_featured_media_url":"","jetpack-related-posts":[{"id":13805,"url":"http:\/\/www.letourismeaparis.fr\/index.php\/2013\/08\/28\/festival-les-solistes-a-bagatelle-2013-orangerie-de-bagatelle-jusquau-8-septembre-2013\/","url_meta":{"origin":11728,"position":0},"title":"Festival les Solistes \u00e0 Bagatelle 2013 &#8211; Orangerie de Bagatelle jusqu&#039;au  8 septembre 2013","author":"Fabienne TM","date":"28 ao\u00fbt 2013","format":false,"excerpt":"Un festival qui, depuis 2000, soutien la cr\u00e9ation, les jeunes musiciens, et axe sa programmation sur le r\u00e9pertoire de piano !\u00a0\u00a0 Des pianistes les plus renomm\u00e9s aux jeunes artistes \u00e0 peine sortis des conservatoires sup\u00e9rieurs . Un lieu magique, convivial et fleuri, Des programmes vari\u00e9s, classiques ou insolites Samedi 31\u2026","rel":"","context":"Dans &quot;Musique&quot;","block_context":{"text":"Musique","link":"http:\/\/www.letourismeaparis.fr\/index.php\/category\/culture\/concerts-musique\/musique\/"},"img":{"alt_text":"","src":"","width":0,"height":0},"classes":[]},{"id":2961,"url":"http:\/\/www.letourismeaparis.fr\/index.php\/2009\/05\/21\/concerts-a-bagatelle-jusquau-24-mai\/","url_meta":{"origin":11728,"position":1},"title":"Concerts \u00e0 Bagatelle jusqu&#039;au 24 mai","author":"Fabienne TM","date":"21 mai 2009","format":false,"excerpt":"Les Musicales 2009 Du 21 au 24 mai 2009, dans le cadre prestigieux de l\u2019orangerie du parc de Bagatelle, la deuxi\u00e8me \u00e9dition du Festival les Musicales de Bagatelle permettra de d\u00e9couvrir des jeunes artistes soutenus par l\u2019action du m\u00e9c\u00e9nat de la Fondation Groupe Banque Populaire. Programme du 22 mai \u00ab\u2026","rel":"","context":"Dans &quot;Non class\u00e9&quot;","block_context":{"text":"Non class\u00e9","link":"http:\/\/www.letourismeaparis.fr\/index.php\/category\/non-classe\/"},"img":{"alt_text":"","src":"","width":0,"height":0},"classes":[]},{"id":13092,"url":"http:\/\/www.letourismeaparis.fr\/index.php\/2013\/04\/02\/la-saison-2012-2013-de-jeunes-talents-se-poursuit\/","url_meta":{"origin":11728,"position":2},"title":"La saison 2012-2013 de Jeunes Talents se poursuit &#8230;&#8230;..","author":"Fabienne TM","date":"2 avril 2013","format":false,"excerpt":"Elle vous propose la d\u00e9couverte de nouveaux musiciens prometteurs. Concerts aux Archives nationales - H\u00f4tel de Soubise 60, rue des Francs-Bourgeois 75003 Paris M\u00b0 H\u00f4tel de Ville (L1) \/ Rambuteau (L11) Samedi 6 avril \u00e0 18h : + Quatuor Var\u00e8se (Quatuor \u00e0 cordes) Haydn, Dutilleux, Schumann Mercredi 10 avril \u00e0\u2026","rel":"","context":"Dans &quot;Non class\u00e9&quot;","block_context":{"text":"Non class\u00e9","link":"http:\/\/www.letourismeaparis.fr\/index.php\/category\/non-classe\/"},"img":{"alt_text":"","src":"","width":0,"height":0},"classes":[]},{"id":7649,"url":"http:\/\/www.letourismeaparis.fr\/index.php\/2010\/05\/21\/les-musicales-de-bagatelle-a-lorangerie-du-parc-de-bagatelle-les-2223-et-24-mai\/","url_meta":{"origin":11728,"position":3},"title":"Les Musicales de Bagatelle \u00e0 l&#039;Orangerie du Parc de Bagatelle les 22,23 et 24 mai","author":"Fabienne TM","date":"21 mai 2010","format":false,"excerpt":"samedi 22 mai : 16 heures - \u00ab Anniversaires \u00bb Mahler, Schumann . Marraine : Claire-Marie Le Guay, piano Gustav Mahler, Quatuor avec piano, Robert Schumann, Quintette avec piano 19 heures - \u00ab Anges et D\u00e9mons \u00bb Marraine : Juliette Hurel, fl\u00fbte Wolfgang Amadeus Mozart, 1er duo en Sol Maj\u2026","rel":"","context":"Dans &quot;Non class\u00e9&quot;","block_context":{"text":"Non class\u00e9","link":"http:\/\/www.letourismeaparis.fr\/index.php\/category\/non-classe\/"},"img":{"alt_text":"","src":"https:\/\/i0.wp.com\/www.letourismeaparis.fr\/wp-content\/uploads\/2010\/05\/musicales-235x300.jpg?resize=350%2C200","width":350,"height":200},"classes":[]},{"id":15491,"url":"http:\/\/www.letourismeaparis.fr\/index.php\/2014\/08\/09\/festival-de-musique-classique-au-parc-floral-de-paris-du-2-aout-au-14-septembre-2014\/","url_meta":{"origin":11728,"position":4},"title":"Festival de musique classique au parc floral de Paris. Du 2 ao\u00fbt au 14 septembre 2014.","author":"Fabienne TM","date":"9 ao\u00fbt 2014","format":false,"excerpt":"\u00a0 SAMEDI 2 AO\u00dbT - 16H K. Jarrett,Concerto Koln (1\u00e8re partie) J.-S. Bach,Concerto italien BWV971 L. Van Beethoven,Fantaisie en sol mineur, op. 77 L. Van Beethoven,6 Ecossaises, Wo0\u00a083 S. Joplin,5 Ragtime Andrei Korobeinikov, piano \u00a0 \u00a0 DIMANCHE 3 AO\u00dbT - 16H A. Essyad,\u00a0Never More G. Ligeti,\u00a0Quatuor \u00e0 cordes n\u00b01 C.\u2026","rel":"","context":"Dans &quot;Jardins \/ Plein air&quot;","block_context":{"text":"Jardins \/ Plein air","link":"http:\/\/www.letourismeaparis.fr\/index.php\/category\/jardins\/"},"img":{"alt_text":"","src":"","width":0,"height":0},"classes":[]},{"id":20954,"url":"http:\/\/www.letourismeaparis.fr\/index.php\/2018\/05\/03\/les-musicales-de-bagatelle-du-25-au-27-mai\/","url_meta":{"origin":11728,"position":5},"title":"Les musicales de Bagatelle du 25 au 27 mai","author":"Fabienne TM","date":"3 mai 2018","format":false,"excerpt":"25 MAI 2018 - 20H Cellissimo Huit jeunes violoncellistes \u00e0 l\u2019aube de carri\u00e8res prestigieuses, parrain\u00e9s par Fran\u00e7ois Salque nous font d\u00e9couvrir quatre si\u00e8cles de musique classique ! L\u2019union de ces neuf instruments... 26 MAI 2018 - 19H Classiquement Jazz \u00ab Le jazz c\u2019est toute la musique \u00bb, paroles de Duke\u2026","rel":"","context":"Dans &quot;Musique&quot;","block_context":{"text":"Musique","link":"http:\/\/www.letourismeaparis.fr\/index.php\/category\/culture\/concerts-musique\/musique\/"},"img":{"alt_text":"","src":"","width":0,"height":0},"classes":[]}],"jetpack_sharing_enabled":true,"jetpack_likes_enabled":true,"_links":{"self":[{"href":"http:\/\/www.letourismeaparis.fr\/index.php\/wp-json\/wp\/v2\/posts\/11728","targetHints":{"allow":["GET"]}}],"collection":[{"href":"http:\/\/www.letourismeaparis.fr\/index.php\/wp-json\/wp\/v2\/posts"}],"about":[{"href":"http:\/\/www.letourismeaparis.fr\/index.php\/wp-json\/wp\/v2\/types\/post"}],"author":[{"embeddable":true,"href":"http:\/\/www.letourismeaparis.fr\/index.php\/wp-json\/wp\/v2\/users\/2"}],"replies":[{"embeddable":true,"href":"http:\/\/www.letourismeaparis.fr\/index.php\/wp-json\/wp\/v2\/comments?post=11728"}],"version-history":[{"count":0,"href":"http:\/\/www.letourismeaparis.fr\/index.php\/wp-json\/wp\/v2\/posts\/11728\/revisions"}],"wp:attachment":[{"href":"http:\/\/www.letourismeaparis.fr\/index.php\/wp-json\/wp\/v2\/media?parent=11728"}],"wp:term":[{"taxonomy":"category","embeddable":true,"href":"http:\/\/www.letourismeaparis.fr\/index.php\/wp-json\/wp\/v2\/categories?post=11728"},{"taxonomy":"post_tag","embeddable":true,"href":"http:\/\/www.letourismeaparis.fr\/index.php\/wp-json\/wp\/v2\/tags?post=11728"}],"curies":[{"name":"wp","href":"https:\/\/api.w.org\/{rel}","templated":true}]}}