{"id":11736,"date":"2012-06-07T18:48:06","date_gmt":"2012-06-07T17:48:06","guid":{"rendered":"http:\/\/www.letourismeaparis.fr\/?p=11736"},"modified":"2012-06-07T18:48:06","modified_gmt":"2012-06-07T17:48:06","slug":"le-mondial-du-modelisme-du-14-au-17-juin","status":"publish","type":"post","link":"http:\/\/www.letourismeaparis.fr\/index.php\/2012\/06\/07\/le-mondial-du-modelisme-du-14-au-17-juin\/","title":{"rendered":"Le mondial du mod\u00e9lisme  du 14 au 17 juin"},"content":{"rendered":"<p>7 GRANDS UNIVERS vous attendent : AERIEN, RAIL, NAUTISME, VEHICULES, FIGURINES, ROBOTS, OUTILLAGE<br \/>\nA l&rsquo;affiche : de nombreuses animations spectaculaires aux 4 coins du salon<br \/>\ndont l&rsquo;implantation a \u00e9t\u00e9 sp\u00e9cialement \u00e9tudi\u00e9e afin d&rsquo;optimiser l&rsquo;accueil de tous.<br \/>\nParc des expositions de la Porte de Versailles- 75015 PARIS- Hall 3<br \/>\n&#8211; Dates : du 14 au 17 juin 2012<br \/>\n&#8211; Horaires : de 10h00 \u00e0 19h00<\/p>\n","protected":false},"excerpt":{"rendered":"<p>7 GRANDS UNIVERS vous attendent : AERIEN, RAIL, NAUTISME, VEHICULES, FIGURINES, ROBOTS, OUTILLAGE A l&rsquo;affiche : de nombreuses animations spectaculaires aux 4 coins du salon dont l&rsquo;implantation a \u00e9t\u00e9 sp\u00e9cialement \u00e9tudi\u00e9e afin d&rsquo;optimiser l&rsquo;accueil de tous. Parc des expositions de&#8230;<\/p>\n","protected":false},"author":2,"featured_media":0,"comment_status":"open","ping_status":"open","sticky":false,"template":"","format":"standard","meta":{"ngg_post_thumbnail":0,"jetpack_post_was_ever_published":false,"_jetpack_newsletter_access":"","footnotes":""},"categories":[1],"tags":[],"class_list":["post-11736","post","type-post","status-publish","format-standard","hentry","category-non-classe"],"jetpack_featured_media_url":"","jetpack-related-posts":[{"id":11756,"url":"http:\/\/www.letourismeaparis.fr\/index.php\/2012\/06\/14\/festival-coulee-douce-2012-jusquau-17-juin\/","url_meta":{"origin":11736,"position":0},"title":"Festival Coul\u00e9e Douce 2012 jusqu&#039;au 17 juin","author":"Fabienne TM","date":"14 juin 2012","format":false,"excerpt":"Cette ann\u00e9e encore, la Mairie du 12e est heureuse d\u2019accueillir Coul\u00e9e Douce, le Festival des Arts de la rue organis\u00e9 par la compagnie Progeniture pour 7 jours de culture \u00e0 d\u00e9guster en famille dans divers lieux du 12e arrondissement. Les 8, 12, 13, 14 et 15, 16 et 17 juin\u2026","rel":"","context":"Dans &quot;Non class\u00e9&quot;","block_context":{"text":"Non class\u00e9","link":"http:\/\/www.letourismeaparis.fr\/index.php\/category\/non-classe\/"},"img":{"alt_text":"","src":"","width":0,"height":0},"classes":[]},{"id":7772,"url":"http:\/\/www.letourismeaparis.fr\/index.php\/2010\/06\/14\/la-russie-a-lhonneur-du-12-au-16-juin-au-grand-palais-et-au-champ-de-mars\/","url_meta":{"origin":11736,"position":1},"title":"La Russie \u00e0 l&#039;honneur jusqu&#039;au 15 juin au Grand Palais","author":"Fabienne TM","date":"14 juin 2010","format":false,"excerpt":"L\u2019Exposition nationale russe pr\u00e9sentera les fleurons de l\u2019industrie et de l\u2019\u00e9conomie russes. Les offices de tourisme des r\u00e9gions russes vous feront partager les sp\u00e9cificit\u00e9s de chaque r\u00e9gion.des programmes de danse\u00a0 mardi\u00a0 15\u00a0 juin \u00e0 17 h dans la nef du Grand Palais Gratuit http:\/\/www.france-russie2010.fr\/","rel":"","context":"Dans &quot;Non class\u00e9&quot;","block_context":{"text":"Non class\u00e9","link":"http:\/\/www.letourismeaparis.fr\/index.php\/category\/non-classe\/"},"img":{"alt_text":"","src":"","width":0,"height":0},"classes":[]},{"id":19554,"url":"http:\/\/www.letourismeaparis.fr\/index.php\/2017\/03\/01\/mode-femmes-1418-28-fevrier-17-juin-2017-bibliotheque-forney-4e\/","url_meta":{"origin":11736,"position":2},"title":"Mode &amp; Femmes 14\/18  28 f\u00e9vrier &#8211; 17 juin 2017 \/ Biblioth\u00e8que Forney (4e)","author":"Fabienne TM","date":"1 mars 2017","format":false,"excerpt":"\u00a0 Le vestiaire f\u00e9minin change radicalement au d\u00e9but du XXe si\u00e8cle : la silhouette s\u2019all\u00e8ge, abandonnant les cages de crinolines et les tournures du si\u00e8cle pass\u00e9, le nombre de changements de tenues quotidiennes se r\u00e9duit chez la femme de la classe ais\u00e9e car le costume-tailleur accompagne d\u00e9sormais la femme tout\u2026","rel":"","context":"Dans &quot;Mode \/ Shopping&quot;","block_context":{"text":"Mode \/ Shopping","link":"http:\/\/www.letourismeaparis.fr\/index.php\/category\/loisirs\/mode\/"},"img":{"alt_text":"","src":"https:\/\/i0.wp.com\/www.letourismeaparis.fr\/wp-content\/uploads\/2017\/03\/Unknown-1-203x300.png?resize=350%2C200","width":350,"height":200},"classes":[]},{"id":18153,"url":"http:\/\/www.letourismeaparis.fr\/index.php\/2016\/08\/13\/les-grandes-eaux-musicales-de-versailles-a-ne-pas-manquer\/","url_meta":{"origin":11736,"position":3},"title":"Les Grandes eaux musicales  de Versailles : \u00e0 ne pas manquer","author":"Fabienne TM","date":"13 ao\u00fbt 2016","format":false,"excerpt":"A l\u2019arriv\u00e9e des beaux jours, le jardin du ch\u00e2teau de Versailles s\u2019\u00e9veille et devient le th\u00e9\u00e2tre d\u2019une animation f\u00e9\u00e9rique. Dans les all\u00e9es dessin\u00e9es par Le N\u00f4tre, les bassins et cascades donnent un spectacle majestueux dans lequel les fontaines bouillonnent et les jets d\u2019eau s\u2019entrelacent. Les visiteurs sont invit\u00e9s \u00e0 d\u00e9couvrir\u2026","rel":"","context":"Dans &quot;Familles&quot;","block_context":{"text":"Familles","link":"http:\/\/www.letourismeaparis.fr\/index.php\/category\/familles\/"},"img":{"alt_text":"","src":"","width":0,"height":0},"classes":[]},{"id":10558,"url":"http:\/\/www.letourismeaparis.fr\/index.php\/2011\/06\/14\/mondial-du-modelisme-porte-de-versailles-16-17-18-et-19-juin\/","url_meta":{"origin":11736,"position":4},"title":"MONDIAL DU MODELISME , Porte de Versailles.16, 17, 18 et 19 juin","author":"Fabienne TM","date":"14 juin 2011","format":false,"excerpt":"Depuis plus de 30 ans, il rassemble chaque ann\u00e9e l\u2019\u00e9lite du mod\u00e9lisme, de la maquette, de la figurine et de la miniature, accueillant ainsi 100 000 passionn\u00e9s, 200 exposants, les enfants et adolescents jusqu\u2019\u00e0 15 ans, accompagn\u00e9es d\u2019un adulte, seront accueillis gratuitement et pourront, au travers des ateliers d\u2019initiation, apprendre\u2026","rel":"","context":"Dans &quot;Non class\u00e9&quot;","block_context":{"text":"Non class\u00e9","link":"http:\/\/www.letourismeaparis.fr\/index.php\/category\/non-classe\/"},"img":{"alt_text":"","src":"","width":0,"height":0},"classes":[]},{"id":18322,"url":"http:\/\/www.letourismeaparis.fr\/index.php\/2016\/06\/14\/la-semaine-italienne-a-paris-de-la-mairie-du-13eme\/","url_meta":{"origin":11736,"position":5},"title":"La Semaine Italienne \u00e0 Paris, de la mairie du 13\u00e8me du 17 au 25 juin :  ap\u00e9ros concerts, conf\u00e9rences, tremplin musical &#8230;","author":"Fabienne TM","date":"14 juin 2016","format":false,"excerpt":"\u00a0 Du 17 au 25 juin, Parmi les moments forts, venez danser au bal napolitain de LALALA Napoli le vendredi 24 juin. Ne manquez pas non plus, le samedi 18 juin, l'incroyable soir\u00e9e italo-disco qui vous offrira la r\u00e9union in\u00e9dite d'une ic\u00f4ne originelle de l'italo-disco, Fred Ventura, et un jeune\u2026","rel":"","context":"Dans &quot;Cultures du Monde&quot;","block_context":{"text":"Cultures du Monde","link":"http:\/\/www.letourismeaparis.fr\/index.php\/category\/culture\/musees-expositions\/cultures-du-monde\/"},"img":{"alt_text":"","src":"","width":0,"height":0},"classes":[]}],"jetpack_sharing_enabled":true,"jetpack_likes_enabled":true,"_links":{"self":[{"href":"http:\/\/www.letourismeaparis.fr\/index.php\/wp-json\/wp\/v2\/posts\/11736","targetHints":{"allow":["GET"]}}],"collection":[{"href":"http:\/\/www.letourismeaparis.fr\/index.php\/wp-json\/wp\/v2\/posts"}],"about":[{"href":"http:\/\/www.letourismeaparis.fr\/index.php\/wp-json\/wp\/v2\/types\/post"}],"author":[{"embeddable":true,"href":"http:\/\/www.letourismeaparis.fr\/index.php\/wp-json\/wp\/v2\/users\/2"}],"replies":[{"embeddable":true,"href":"http:\/\/www.letourismeaparis.fr\/index.php\/wp-json\/wp\/v2\/comments?post=11736"}],"version-history":[{"count":0,"href":"http:\/\/www.letourismeaparis.fr\/index.php\/wp-json\/wp\/v2\/posts\/11736\/revisions"}],"wp:attachment":[{"href":"http:\/\/www.letourismeaparis.fr\/index.php\/wp-json\/wp\/v2\/media?parent=11736"}],"wp:term":[{"taxonomy":"category","embeddable":true,"href":"http:\/\/www.letourismeaparis.fr\/index.php\/wp-json\/wp\/v2\/categories?post=11736"},{"taxonomy":"post_tag","embeddable":true,"href":"http:\/\/www.letourismeaparis.fr\/index.php\/wp-json\/wp\/v2\/tags?post=11736"}],"curies":[{"name":"wp","href":"https:\/\/api.w.org\/{rel}","templated":true}]}}