{"id":11740,"date":"2012-06-07T19:03:07","date_gmt":"2012-06-07T18:03:07","guid":{"rendered":"http:\/\/www.letourismeaparis.fr\/?p=11740"},"modified":"2012-06-07T19:03:07","modified_gmt":"2012-06-07T18:03:07","slug":"le-festival-o-4-vents-pour-les-0-11-ans-dans-des-lieux-de-patrimoine-et-dhistoire-du-4e-arrondissement-de-paris","status":"publish","type":"post","link":"http:\/\/www.letourismeaparis.fr\/index.php\/2012\/06\/07\/le-festival-o-4-vents-pour-les-0-11-ans-dans-des-lieux-de-patrimoine-et-dhistoire-du-4e-arrondissement-de-paris\/","title":{"rendered":"Le festival  \u00d4 4 vents pour les 0-11 ans dans des lieux de patrimoine et d\u2019histoire du 4e arrondissement de Paris"},"content":{"rendered":"<p>Tuktu, Le petit caribou<br \/>\n(cr\u00e9ation) Compagnie Par-dessus les toits<br \/>\nMusique, th\u00e9\u00e2tre et objets \u2022 Tout public \u00e0 partir de 2 ans<br \/>\n8 juin \u00e0 9h30 &amp; 15h30 \/ 9 juin \u00e0 11h &amp; 16h<br \/>\n\u2022 H\u00f4tel de Beauvais<br \/>\njusqu&rsquo;au\u00a0 au 11 juin 2012<br \/>\nBroderies<br \/>\nCompagnie Arnica<br \/>\nTh\u00e9\u00e2tre d\u2019objets \u2022 Tout public \u00e0 partir de 9 ans<br \/>\n8 juin \u00e0 10h, 14h &amp; 19h<br \/>\n\u2022 Temple du Marais<br \/>\nGrat\u2019 moi la puce que j\u2019ai dans l\u2019do<br \/>\nCie Minute Papillon<br \/>\nFantaisie Lyrique \u2022 Tout public \u00e0 partir de 18 mois<br \/>\n10 juin \u00e0 10h30 &amp; 16h30 \/ 11 juin \u00e0 9h30 &amp; 14h<br \/>\n\u2022 Mairie du 4e arrondissement<br \/>\nLes fables enchant\u00e9es<br \/>\nCompagnie Piccola (cr\u00e9ation)<br \/>\nConcert th\u00e9\u00e2tralis\u00e9 \u2022 Tout public \u00e0 partir de 6 ans<br \/>\n10 juin \u00e0 11h &amp; 16h \/ 11 juin \u00e0 10h<br \/>\n\u2022 Maison de Victor Hugo<\/p>\n","protected":false},"excerpt":{"rendered":"<p>Tuktu, Le petit caribou (cr\u00e9ation) Compagnie Par-dessus les toits Musique, th\u00e9\u00e2tre et objets \u2022 Tout public \u00e0 partir de 2 ans 8 juin \u00e0 9h30 &amp; 15h30 \/ 9 juin \u00e0 11h &amp; 16h \u2022 H\u00f4tel de Beauvais jusqu&rsquo;au\u00a0 au&#8230;<\/p>\n","protected":false},"author":2,"featured_media":0,"comment_status":"open","ping_status":"open","sticky":false,"template":"","format":"standard","meta":{"ngg_post_thumbnail":0,"jetpack_post_was_ever_published":false,"_jetpack_newsletter_access":"","footnotes":""},"categories":[1],"tags":[],"class_list":["post-11740","post","type-post","status-publish","format-standard","hentry","category-non-classe"],"jetpack_featured_media_url":"","jetpack-related-posts":[{"id":7795,"url":"http:\/\/www.letourismeaparis.fr\/index.php\/2010\/06\/08\/les-12-et-13-juin-10eme-edition-du-festival-de-loh\/","url_meta":{"origin":11740,"position":0},"title":"Les 12 et 13 juin ,10\u00e8me \u00e9dition du Festival de l\u2019Oh !","author":"Fabienne TM","date":"8 juin 2010","format":false,"excerpt":"Deux jours de festivit\u00e9s, de spectacles gratuits et de d\u00e9couvertes fluviales : Samedi : 14h-21h, dimanche : 11h-20h Ports de Paris accueille de nouveau le festival de l\u2019Oh ! Sur le port de Bercy (c\u00f4t\u00e9 12e) et sur le port de la Gare (c\u00f4t\u00e9 13e) avec la piscine Josephine Baker.\u2026","rel":"","context":"Dans &quot;Non class\u00e9&quot;","block_context":{"text":"Non class\u00e9","link":"http:\/\/www.letourismeaparis.fr\/index.php\/category\/non-classe\/"},"img":{"alt_text":"","src":"https:\/\/i0.wp.com\/www.letourismeaparis.fr\/wp-content\/uploads\/2010\/06\/festival-de-loh.jpg?resize=350%2C200","width":350,"height":200},"classes":[]},{"id":16810,"url":"http:\/\/www.letourismeaparis.fr\/index.php\/2015\/06\/08\/un-peu-deau-beaucoup-deffets-4e-edition-paroles-de-jardiniers-13-au-28-juin-2015\/","url_meta":{"origin":11740,"position":1},"title":"\u201cUn peu d\u2019eau, beaucoup d\u2019effets \u201c 4e \u00e9dition Paroles de jardiniers 13 au 28 juin 2015","author":"Fabienne TM","date":"8 juin 2015","format":false,"excerpt":"\u201cUn peu d\u2019eau, beaucoup d\u2019effets \u201c 4e \u00e9dition Paroles de jardiniers 13 au 28 juin 2015 \u2013 \u00a0 Rendez-vous en famille dans les Yvelines du 13 au 28 juin, o\u00f9 63 parcs et jardins, priv\u00e9s et publics, vous ouvriront leurs portes ! Vous trouverez forcement votre bonheur parmi les propositions\u2026","rel":"","context":"Dans &quot;Jardins \/ Plein air&quot;","block_context":{"text":"Jardins \/ Plein air","link":"http:\/\/www.letourismeaparis.fr\/index.php\/category\/jardins\/"},"img":{"alt_text":"","src":"","width":0,"height":0},"classes":[]},{"id":7991,"url":"http:\/\/www.letourismeaparis.fr\/index.php\/2010\/06\/26\/7991\/","url_meta":{"origin":11740,"position":2},"title":"Week- end  anniversaire au Quai Branly : un bon programme.","author":"Fabienne TM","date":"26 juin 2010","format":false,"excerpt":"A l'occasion de ses 4 ans, le mus\u00e9e du quai Branly propose un week-end anniversaire autour de l'exposition Fleuve Congo et du Cinquantenaire des ind\u00e9pendances africaines. vendredi 25, samedi 26 et dimanche 27 juin 2010 acc\u00e8s libre et gratuit pour tous au Plateau des collections et aux expositions temporaires de\u2026","rel":"","context":"Dans &quot;Non class\u00e9&quot;","block_context":{"text":"Non class\u00e9","link":"http:\/\/www.letourismeaparis.fr\/index.php\/category\/non-classe\/"},"img":{"alt_text":"","src":"https:\/\/i0.wp.com\/www.letourismeaparis.fr\/wp-content\/uploads\/2010\/06\/anniv-quai-branly.png?resize=350%2C200","width":350,"height":200},"classes":[]},{"id":7728,"url":"http:\/\/www.letourismeaparis.fr\/index.php\/2010\/06\/04\/rendez-vvous-aux-jardins-les-45-et-6-juin\/","url_meta":{"origin":11740,"position":3},"title":"Rendez-vous aux jardins les 4,5 et 6 juin","author":"Fabienne TM","date":"4 juin 2010","format":false,"excerpt":"En 2010, les \"Rendez-vous aux jardins\" auront lieu les 4, 5 et 6 juin. Le th\u00e8me de ces trois journ\u00e9es sera \"Le jardinier et ses outils\" et le vendredi sera, comme chaque ann\u00e9e, consacr\u00e9 aux scolaires. Jardin du Palais Royal Vendredi 4, samedi 5 et dimanche 6 juin. 6 rue\u2026","rel":"","context":"Dans &quot;Non class\u00e9&quot;","block_context":{"text":"Non class\u00e9","link":"http:\/\/www.letourismeaparis.fr\/index.php\/category\/non-classe\/"},"img":{"alt_text":"","src":"","width":0,"height":0},"classes":[]},{"id":11752,"url":"http:\/\/www.letourismeaparis.fr\/index.php\/2012\/06\/08\/ventes-des-boas-robes-affiches-des-folies-bergeres-du-8-au-11-juin\/","url_meta":{"origin":11740,"position":4},"title":"Ventes des Boas, robes, affiches &#8230; des Folies Berg\u00e8res du 8 au 11 juin","author":"Fabienne TM","date":"8 juin 2012","format":false,"excerpt":"Ventes des Boas, robes, affiches ... des Folies Berg\u00e8res du 8 au 11 juin Vous y trouverez,\u00a0 des froufrous, crinolines, robes de strass et paires de chaussures : en tout, ce seront pr\u00e8s de 600 objets provenant des penderies des Folies Berg\u00e8re (9e) qui seront mis en vente. Outre les\u2026","rel":"","context":"Dans &quot;Non class\u00e9&quot;","block_context":{"text":"Non class\u00e9","link":"http:\/\/www.letourismeaparis.fr\/index.php\/category\/non-classe\/"},"img":{"alt_text":"","src":"","width":0,"height":0},"classes":[]},{"id":16748,"url":"http:\/\/www.letourismeaparis.fr\/index.php\/2015\/05\/27\/le-14e-fete-les-60-ans-du-conservatoire-a-partir-du-31-mai\/","url_meta":{"origin":11740,"position":5},"title":"Le 14e f\u00eate les 60 ans du conservatoire ,\u00e0 partir du 31 mai","author":"Fabienne TM","date":"27 mai 2015","format":false,"excerpt":"Pour le 60e anniversaire du conservatoire Darius Milhaud, ses \u00e9l\u00e8ves et ses \u00e9quipes se mobilisent pour vous proposer 4 grands rendez-vous\u00a0: Dimanche 31 mai \u00e0 16h Spectacle de danse \u00e0 la Cit\u00e9 Internationale Spectacle des classes de danse et de l\u2019ensemble instrumental des professeurs et des \u00e9l\u00e8ves du conservatoire avec\u2026","rel":"","context":"Dans &quot;Musique&quot;","block_context":{"text":"Musique","link":"http:\/\/www.letourismeaparis.fr\/index.php\/category\/culture\/concerts-musique\/musique\/"},"img":{"alt_text":"","src":"","width":0,"height":0},"classes":[]}],"jetpack_sharing_enabled":true,"jetpack_likes_enabled":true,"_links":{"self":[{"href":"http:\/\/www.letourismeaparis.fr\/index.php\/wp-json\/wp\/v2\/posts\/11740","targetHints":{"allow":["GET"]}}],"collection":[{"href":"http:\/\/www.letourismeaparis.fr\/index.php\/wp-json\/wp\/v2\/posts"}],"about":[{"href":"http:\/\/www.letourismeaparis.fr\/index.php\/wp-json\/wp\/v2\/types\/post"}],"author":[{"embeddable":true,"href":"http:\/\/www.letourismeaparis.fr\/index.php\/wp-json\/wp\/v2\/users\/2"}],"replies":[{"embeddable":true,"href":"http:\/\/www.letourismeaparis.fr\/index.php\/wp-json\/wp\/v2\/comments?post=11740"}],"version-history":[{"count":0,"href":"http:\/\/www.letourismeaparis.fr\/index.php\/wp-json\/wp\/v2\/posts\/11740\/revisions"}],"wp:attachment":[{"href":"http:\/\/www.letourismeaparis.fr\/index.php\/wp-json\/wp\/v2\/media?parent=11740"}],"wp:term":[{"taxonomy":"category","embeddable":true,"href":"http:\/\/www.letourismeaparis.fr\/index.php\/wp-json\/wp\/v2\/categories?post=11740"},{"taxonomy":"post_tag","embeddable":true,"href":"http:\/\/www.letourismeaparis.fr\/index.php\/wp-json\/wp\/v2\/tags?post=11740"}],"curies":[{"name":"wp","href":"https:\/\/api.w.org\/{rel}","templated":true}]}}