{"id":11745,"date":"2012-06-11T19:31:18","date_gmt":"2012-06-11T18:31:18","guid":{"rendered":"http:\/\/www.letourismeaparis.fr\/?p=11745"},"modified":"2012-06-11T19:31:18","modified_gmt":"2012-06-11T18:31:18","slug":"grande-fete-du-quartier-provence-opera-le-14-juin-2","status":"publish","type":"post","link":"http:\/\/www.letourismeaparis.fr\/index.php\/2012\/06\/11\/grande-fete-du-quartier-provence-opera-le-14-juin-2\/","title":{"rendered":"Grande f\u00eate du quartier Provence-Op\u00e9ra ! le 14 juin"},"content":{"rendered":"<p>Grande f\u00eate du quartier Provence-Op\u00e9ra !<br \/>\nLe Quartier Provence-Op\u00e9ra vous donne rendez-vous jeudi 14 juin 2012\u00a0 \u00e0 partir de 19h, rue Joubert pour son traditionnel pique-nique avec animation musicale (chacun am\u00e8ne son panier). Familles, amis : venez nombreux !<br \/>\nAu programme de cette soir\u00e9e de convivialit\u00e9 : un repas de quartier, un ap\u00e9ritif (offert par le Conseil de Quartier et les commer\u00e7ants partenaires de cette f\u00eate) suivi \u00e0 20h d\u2019un pique-nique o\u00f9 chacun apporte son panier.<br \/>\nVous serez accompagn\u00e9s tout au long de la soir\u00e9e par l&rsquo;orchestre \u00ab\u00a0Forficule\u00a0\u00bb, groupe de musique compos\u00e9 des anciens \u00e9l\u00e8ves de l\u2019\u00e9cole des Beaux arts !<\/p>\n","protected":false},"excerpt":{"rendered":"<p>Grande f\u00eate du quartier Provence-Op\u00e9ra ! Le Quartier Provence-Op\u00e9ra vous donne rendez-vous jeudi 14 juin 2012\u00a0 \u00e0 partir de 19h, rue Joubert pour son traditionnel pique-nique avec animation musicale (chacun am\u00e8ne son panier). Familles, amis : venez nombreux ! Au&#8230;<\/p>\n","protected":false},"author":2,"featured_media":0,"comment_status":"open","ping_status":"open","sticky":false,"template":"","format":"standard","meta":{"ngg_post_thumbnail":0,"jetpack_post_was_ever_published":false,"_jetpack_newsletter_access":"","footnotes":""},"categories":[1],"tags":[],"class_list":["post-11745","post","type-post","status-publish","format-standard","hentry","category-non-classe"],"jetpack_featured_media_url":"","jetpack-related-posts":[{"id":11743,"url":"http:\/\/www.letourismeaparis.fr\/index.php\/2012\/06\/12\/grande-fete-du-quartier-provence-opera-le-14-juin\/","url_meta":{"origin":11745,"position":0},"title":"Grande f\u00eate du quartier Provence-Op\u00e9ra ! le 14 juin","author":"Fabienne TM","date":"12 juin 2012","format":false,"excerpt":"Grande f\u00eate du quartier Provence-Op\u00e9ra ! Le Quartier Provence-Op\u00e9ra vous donne rendez-vous jeudi 14 juin 2012\u00a0 \u00e0 partir de 19h, rue Joubert pour son traditionnel pique-nique avec animation musicale (chacun am\u00e8ne son panier). Familles, amis : venez nombreux ! Au programme de cette soir\u00e9e de convivialit\u00e9 : un repas de\u2026","rel":"","context":"Dans &quot;Non class\u00e9&quot;","block_context":{"text":"Non class\u00e9","link":"http:\/\/www.letourismeaparis.fr\/index.php\/category\/non-classe\/"},"img":{"alt_text":"","src":"","width":0,"height":0},"classes":[]},{"id":16863,"url":"http:\/\/www.letourismeaparis.fr\/index.php\/2015\/06\/23\/pique-niques-a-paris-en-plein-air-2eme-12eme16eme\/","url_meta":{"origin":11745,"position":1},"title":"Pique-niques  \u00e0 Paris en plein air ( 2\u00e8me, 12\u00e8me,16\u00e8me )","author":"Fabienne TM","date":"23 juin 2015","format":false,"excerpt":"\u00a0D\u00ceNER DE LA SAINT-JEAN Mercredi 24 Juin 2015 \u00e0 partir de 19h dans les Jardins du Ranelagh \u00a0un grand pique-nique\u00a0champ\u00eatre musical \u00e0 ciel ouvert organis\u00e9 autour\u00a0du kiosque\u00a0des Jardins du Ranelagh\u00a0\u2013 \u00e9clair\u00e9 \u00e0 la torche\u00a0\u2013 pour c\u00e9l\u00e9brer la Saint-Jean. \u00a0Cette soir\u00e9e, gratuite et ouverte \u00e0 tous,\u00a0est avant tout un moment de\u2026","rel":"","context":"Dans &quot;Non class\u00e9&quot;","block_context":{"text":"Non class\u00e9","link":"http:\/\/www.letourismeaparis.fr\/index.php\/category\/non-classe\/"},"img":{"alt_text":"","src":"","width":0,"height":0},"classes":[]},{"id":10821,"url":"http:\/\/www.letourismeaparis.fr\/index.php\/2011\/07\/11\/les-festivites-des-13-et-14-juillet-dans-les-hauts-de-seine-feux-dartifice-bals-boulogne-levallois\/","url_meta":{"origin":11745,"position":2},"title":"Les festivit\u00e9s des 13 et 14 juillet dans les Hauts de Seine : feux d&#039;artifice, bals &#8230;..Boulogne, Levallois&#8230;.","author":"Fabienne TM","date":"11 juillet 2011","format":false,"excerpt":"Boulogne Billancourt C\u2019est le parc de Billancourt, agrandi jusqu\u2019\u00e0 la rue \u00c9mile-Zola, qui accueillera la f\u00eate nationale le 13 juillet au soir. Tir\u00e9 \u00e0 23h, le spectacle pyrotechnique son et lumi\u00e8re sera pr\u00e9c\u00e9d\u00e9 (21h) et suivi par une animation musicale avec DJ jusqu\u2019\u00e0 0h30. Des Navettes toutes les 30 minutes,\u2026","rel":"","context":"Dans &quot;Non class\u00e9&quot;","block_context":{"text":"Non class\u00e9","link":"http:\/\/www.letourismeaparis.fr\/index.php\/category\/non-classe\/"},"img":{"alt_text":"","src":"","width":0,"height":0},"classes":[]},{"id":11795,"url":"http:\/\/www.letourismeaparis.fr\/index.php\/2012\/07\/12\/le-quatorze-juillet-a-paris-defile-feu-dartifice-balletcoursesmusee-concerts-pour-le-14-juillet-2012\/","url_meta":{"origin":11745,"position":3},"title":"Le quatorze juillet \u00e0 Paris : d\u00e9fil\u00e9 , feu d&#039;artifice, ballet,courses,mus\u00e9e, concerts&#8230;.pour le 14 juillet 2012","author":"Fabienne TM","date":"12 juillet 2012","format":false,"excerpt":"D\u00e9fil\u00e9 militaire sur l'Avenue des Champs-Elys\u00e9es \u00e0 partir de 9h10 Feu d'artifice du 14 juillet tir\u00e9 depuis les bassins du Trocad\u00e9ro. Le public sera install\u00e9 sur le Champs de Mars. D\u00e9but du feu : vers 22h45 pour une dur\u00e9e 30 minutes. Th\u00e8me pour 2012 : \"Les ann\u00e9es Disco\" (70 -\u2026","rel":"","context":"Dans &quot;Non class\u00e9&quot;","block_context":{"text":"Non class\u00e9","link":"http:\/\/www.letourismeaparis.fr\/index.php\/category\/non-classe\/"},"img":{"alt_text":"","src":"","width":0,"height":0},"classes":[]},{"id":16759,"url":"http:\/\/www.letourismeaparis.fr\/index.php\/2015\/06\/02\/fete-de-quartier-dans-le-9eme-des-visites-un-concert\/","url_meta":{"origin":11745,"position":4},"title":"F\u00eate de quartier dans le 9\u00e8me : des visites, un concert&#8230;&#8230;","author":"Fabienne TM","date":"2 juin 2015","format":false,"excerpt":"La F\u00eate de Quartier\u00a0 \u00a010h - 17h \ufffc\ufffc\ufffc\ufffc\ufffc \"\u00e0 la D\u00e9couverte du 9e cach\u00e9\" Visite de lieux embl\u00e9matiques du quartier 12h Pique-nique \u00e0 partager Jazz manouche Magicien Lecture de textes des habitants par la Diva des Martyrs 17h Concert de saxophone, orgue et voix \u00e0 l\u2019\u00c9glise Notre-Dame-de-Lorette. Vide-grenier Inscription aupr\u00e8s\u2026","rel":"","context":"Dans &quot;Non class\u00e9&quot;","block_context":{"text":"Non class\u00e9","link":"http:\/\/www.letourismeaparis.fr\/index.php\/category\/non-classe\/"},"img":{"alt_text":"","src":"https:\/\/i0.wp.com\/www.letourismeaparis.fr\/wp-content\/uploads\/2015\/06\/bc290b11-cecb-4860-8e36-77091bb33cc1-212x300.jpg?resize=350%2C200","width":350,"height":200},"classes":[]},{"id":11716,"url":"http:\/\/www.letourismeaparis.fr\/index.php\/2012\/05\/30\/le-nouveau-quartier-latin-du-13e-vous-attend-pour-de-nombreuses-manifestations\/","url_meta":{"origin":11745,"position":5},"title":"Le &quot;nouveau quartier latin du 13e&quot; vous attend pour de nombreuses manifestations","author":"Fabienne TM","date":"30 mai 2012","format":false,"excerpt":"de grandes institutions install\u00e9es dans le \"nouveau quartier latin du 13e\"vous ouvrent leurs portes : animations, conf\u00e9rences, performances artistiques, lieux insolites, fanfares et visites guid\u00e9es... jeudi 31 mai jusqu\u2019\u00e0 20 heures [BnF] Journ\u00e9e portes ouvertes avec acc\u00e8s libre aux expositions, \u00e0 la biblioth\u00e8que d\u2019\u00e9tude, au belv\u00e9d\u00e8re et visites de la\u2026","rel":"","context":"Dans &quot;Non class\u00e9&quot;","block_context":{"text":"Non class\u00e9","link":"http:\/\/www.letourismeaparis.fr\/index.php\/category\/non-classe\/"},"img":{"alt_text":"","src":"","width":0,"height":0},"classes":[]}],"jetpack_sharing_enabled":true,"jetpack_likes_enabled":true,"_links":{"self":[{"href":"http:\/\/www.letourismeaparis.fr\/index.php\/wp-json\/wp\/v2\/posts\/11745","targetHints":{"allow":["GET"]}}],"collection":[{"href":"http:\/\/www.letourismeaparis.fr\/index.php\/wp-json\/wp\/v2\/posts"}],"about":[{"href":"http:\/\/www.letourismeaparis.fr\/index.php\/wp-json\/wp\/v2\/types\/post"}],"author":[{"embeddable":true,"href":"http:\/\/www.letourismeaparis.fr\/index.php\/wp-json\/wp\/v2\/users\/2"}],"replies":[{"embeddable":true,"href":"http:\/\/www.letourismeaparis.fr\/index.php\/wp-json\/wp\/v2\/comments?post=11745"}],"version-history":[{"count":0,"href":"http:\/\/www.letourismeaparis.fr\/index.php\/wp-json\/wp\/v2\/posts\/11745\/revisions"}],"wp:attachment":[{"href":"http:\/\/www.letourismeaparis.fr\/index.php\/wp-json\/wp\/v2\/media?parent=11745"}],"wp:term":[{"taxonomy":"category","embeddable":true,"href":"http:\/\/www.letourismeaparis.fr\/index.php\/wp-json\/wp\/v2\/categories?post=11745"},{"taxonomy":"post_tag","embeddable":true,"href":"http:\/\/www.letourismeaparis.fr\/index.php\/wp-json\/wp\/v2\/tags?post=11745"}],"curies":[{"name":"wp","href":"https:\/\/api.w.org\/{rel}","templated":true}]}}