{"id":11747,"date":"2012-06-13T19:32:23","date_gmt":"2012-06-13T18:32:23","guid":{"rendered":"http:\/\/www.letourismeaparis.fr\/?p=11747"},"modified":"2012-06-13T19:32:23","modified_gmt":"2012-06-13T18:32:23","slug":"la-chaise-et-lecran-du-cinema-en-plein-air-du-16-juin-au-31-aout","status":"publish","type":"post","link":"http:\/\/www.letourismeaparis.fr\/index.php\/2012\/06\/13\/la-chaise-et-lecran-du-cinema-en-plein-air-du-16-juin-au-31-aout\/","title":{"rendered":"La Chaise et l\u2019Ecran \u2013 Du cin\u00e9ma en plein air du 16 juin au 31 ao\u00fbt"},"content":{"rendered":"<p>Du 16 juin au 31 ao\u00fbt, la Mairie du 11e vous invite \u00e0 assister gratuitement \u00e0 des projections de films en plein air. Rendez-vous le samedi 16 juin et les vendredis 29 juin, 20 juillet, 17 et 31 ao\u00fbt.<br \/>\nSamedi 16 juin<br \/>\nVan Gogh de Maurice Pialat<br \/>\nEntr\u00e9e libre \u00e0 22h30<br \/>\nEn cl\u00f4ture de la F\u00eate de quartier Belleville \/ Saint-Maur<br \/>\nEsplanade Roger Linet &#8211; Face \u00e0 la Maison des m\u00e9tallos<br \/>\n94, rue J.P. Timbaud &#8211; 75011 Paris<br \/>\nApportez votre chaise.<a href=\"http:\/\/www.letourismeaparis.fr\/wp-content\/uploads\/2012\/06\/la-chaise-et-l\u00e9cran.jpg\"><img loading=\"lazy\" decoding=\"async\" class=\"aligncenter size-thumbnail wp-image-11748\" title=\"la chaise et l'\u00e9cran\" src=\"http:\/\/www.letourismeaparis.fr\/wp-content\/uploads\/2012\/06\/la-chaise-et-l\u00e9cran-150x150.jpg\" alt=\"\" width=\"150\" height=\"150\" \/><\/a><br \/>\n<!--more-->Vendredi 29 juin<br \/>\nElephant Man de David Lynch<br \/>\nEntr\u00e9e libre \u00e0 22h30<br \/>\nCour &#8211; Mairie du 11e<br \/>\n12, place L\u00e9on Blum &#8211; 75011 Paris<br \/>\nApportez votre chaise.<\/p>\n","protected":false},"excerpt":{"rendered":"<p>Du 16 juin au 31 ao\u00fbt, la Mairie du 11e vous invite \u00e0 assister gratuitement \u00e0 des projections de films en plein air. Rendez-vous le samedi 16 juin et les vendredis 29 juin, 20 juillet, 17 et 31 ao\u00fbt. Samedi&#8230;<\/p>\n","protected":false},"author":2,"featured_media":0,"comment_status":"open","ping_status":"open","sticky":false,"template":"","format":"standard","meta":{"ngg_post_thumbnail":0,"jetpack_post_was_ever_published":false,"_jetpack_newsletter_access":"","footnotes":""},"categories":[1],"tags":[],"class_list":["post-11747","post","type-post","status-publish","format-standard","hentry","category-non-classe"],"jetpack_featured_media_url":"","jetpack-related-posts":[{"id":10533,"url":"http:\/\/www.letourismeaparis.fr\/index.php\/2011\/08\/27\/la-chaise-et-lecran-a-partir-du-17-juin\/","url_meta":{"origin":11747,"position":0},"title":"La chaise et l&#039;\u00e9cran  : cin\u00e9ma en plein air gratuit  :Il \u00e9tait une fois en Am\u00e9rique","author":"Fabienne TM","date":"27 ao\u00fbt 2011","format":false,"excerpt":"jusqu'au 2 septembre, la Mairie du 11e vous invite \u00e0 assister gratuitement \u00e0 des projections de films en plein air. Il \u00e9tait une fois en Am\u00e9rique\u2013Projection gratuite Vendredi 2 septembre, la Mairie du 11e vous invite \u00e0 la projection du film de Sergio Leone \u00ab Il \u00e9tait une fois en\u2026","rel":"","context":"Dans &quot;Non class\u00e9&quot;","block_context":{"text":"Non class\u00e9","link":"http:\/\/www.letourismeaparis.fr\/index.php\/category\/non-classe\/"},"img":{"alt_text":"","src":"","width":0,"height":0},"classes":[]},{"id":11750,"url":"http:\/\/www.letourismeaparis.fr\/index.php\/2012\/07\/12\/la-chaise-et-lecran-du-cinema-en-plein-air-jusqu-au-31-aout\/","url_meta":{"origin":11747,"position":1},"title":"La Chaise et l\u2019Ecran \u2013 Du cin\u00e9ma en plein air  jusqu&#039; au 31 ao\u00fbt","author":"Fabienne TM","date":"12 juillet 2012","format":false,"excerpt":"La Chaise et l\u2019Ecran Vendredi 20 juillet The Big Lebowski de Joel et Ethan Coen Com\u00e9die\/Etats-Unis\/1998\/120 mn Flemmard inv\u00e9t\u00e9r\u00e9, Jeff Lebowski, surnomm\u00e9 Le Duc, tra\u00eene sa vie avec nonchalance. Tout bascule quand des malfrats lui font payer violemment les dettes de sa femme. Or, ce Lebowski n\u2019est pas mari\u00e9 :\u2026","rel":"","context":"Dans &quot;Cin\u00e9ma&quot;","block_context":{"text":"Cin\u00e9ma","link":"http:\/\/www.letourismeaparis.fr\/index.php\/category\/spectacle\/cinema\/"},"img":{"alt_text":"","src":"","width":0,"height":0},"classes":[]},{"id":7840,"url":"http:\/\/www.letourismeaparis.fr\/index.php\/2010\/08\/11\/lachaise-et-lecran-un-festival-de-cinema-gratuit-et-en-plein-air-dans-le-11-eme\/","url_meta":{"origin":11747,"position":2},"title":"La&quot;Chaise et l&#039;\u00e9cran&quot; un festival de cin\u00e9ma gratuit et en plein air dans le 11 \u00e8me !","author":"Fabienne TM","date":"11 ao\u00fbt 2010","format":false,"excerpt":"Les s\u00e9ances sont gratuites, apportez simplement votre chaise ! S\u00e9ance \u00e0 22h Cour de la mairie du 11e 12, place L\u00e9on Blum 75011 Paris - Vendredi 13 ao\u00fbt \u00e0 21h : Quand passent les cigognes (Mikha\u00efl Kalatozov) - Vendredi 3 septembre \u00e0 20h30 : Les Encha\u00een\u00e9s (Alfred Hitchcock) Pensez \u00e0\u2026","rel":"","context":"Dans &quot;Non class\u00e9&quot;","block_context":{"text":"Non class\u00e9","link":"http:\/\/www.letourismeaparis.fr\/index.php\/category\/non-classe\/"},"img":{"alt_text":"","src":"","width":0,"height":0},"classes":[]},{"id":8379,"url":"http:\/\/www.letourismeaparis.fr\/index.php\/2010\/08\/30\/estivales-musicales-du-11e-du-30-aout-au-4-septembre\/","url_meta":{"origin":11747,"position":3},"title":"Estivales musicales du 11e du 30 ao\u00fbt au 4 septembre,","author":"Fabienne TM","date":"30 ao\u00fbt 2010","format":false,"excerpt":"la Mairie du 11e vous propose une semaine de concerts en plein air. Lundi 30 ao\u00fbt \u2013 Concert de musique classique \u00ab Le violoncelle dans tous ses \u00e9tats \u00bb Entr\u00e9e libre \u00e0 19h - Cour de la mairie du 11e\u00a0\u00a0 12, place L\u00e9on Blum - 75011 Paris Mardi 31 ao\u00fbt\u2026","rel":"","context":"Dans &quot;Non class\u00e9&quot;","block_context":{"text":"Non class\u00e9","link":"http:\/\/www.letourismeaparis.fr\/index.php\/category\/non-classe\/"},"img":{"alt_text":"","src":"","width":0,"height":0},"classes":[]},{"id":13673,"url":"http:\/\/www.letourismeaparis.fr\/index.php\/2013\/07\/27\/la-chaise-et-lecran-jusquau-30-aout-cinema-gratuit-en-plein-air\/","url_meta":{"origin":11747,"position":4},"title":"La Chaise et l\u2019\u00c9cran jusqu&#039;au 30 ao\u00fbt: cin\u00e9ma gratuit en plein air !","author":"Fabienne TM","date":"27 juillet 2013","format":false,"excerpt":"\u00a0la Mairie du 11e vous invite \u00e0 venir d\u00e9couvrir les films programm\u00e9s par Agn\u00e8s Varda et Mathieu Demy lors du festival \u00ab La Chaise et L\u2019\u00c9cran \u00bb Comme chaque ann\u00e9e, \u00ab La Chaise et L\u2019\u00c9cran \u00bb fait la part belle au cin\u00e9ma dans le 11e en proposant tout au long\u2026","rel":"","context":"Dans &quot;Cin\u00e9ma&quot;","block_context":{"text":"Cin\u00e9ma","link":"http:\/\/www.letourismeaparis.fr\/index.php\/category\/spectacle\/cinema\/"},"img":{"alt_text":"","src":"","width":0,"height":0},"classes":[]},{"id":21140,"url":"http:\/\/www.letourismeaparis.fr\/index.php\/2018\/08\/03\/la-chaise-et-lecran-du-13-juillet-au-24-aout-cinema-en-plein-air\/","url_meta":{"origin":11747,"position":5},"title":"La chaise et l&#039;\u00e9cran du 13 juillet au 24 ao\u00fbt : cin\u00e9ma en plein air","author":"Fabienne TM","date":"3 ao\u00fbt 2018","format":false,"excerpt":"Du 13 juillet au 24 ao\u00fbt 2008, la Mairie du 11 septembre sort le cin\u00e9ma des salles obscures \u00e0 l'occasion du festival La Chaise & l'\u00c9cran, en proposant aux Parisiens des s\u00e9ances en plein air. Vendredi 13 juillet \u00e0 22h dans la cour de la Mairie du 11e: Le Tombeau\u2026","rel":"","context":"Dans &quot;Cin\u00e9ma&quot;","block_context":{"text":"Cin\u00e9ma","link":"http:\/\/www.letourismeaparis.fr\/index.php\/category\/spectacle\/cinema\/"},"img":{"alt_text":"","src":"","width":0,"height":0},"classes":[]}],"jetpack_sharing_enabled":true,"jetpack_likes_enabled":true,"_links":{"self":[{"href":"http:\/\/www.letourismeaparis.fr\/index.php\/wp-json\/wp\/v2\/posts\/11747","targetHints":{"allow":["GET"]}}],"collection":[{"href":"http:\/\/www.letourismeaparis.fr\/index.php\/wp-json\/wp\/v2\/posts"}],"about":[{"href":"http:\/\/www.letourismeaparis.fr\/index.php\/wp-json\/wp\/v2\/types\/post"}],"author":[{"embeddable":true,"href":"http:\/\/www.letourismeaparis.fr\/index.php\/wp-json\/wp\/v2\/users\/2"}],"replies":[{"embeddable":true,"href":"http:\/\/www.letourismeaparis.fr\/index.php\/wp-json\/wp\/v2\/comments?post=11747"}],"version-history":[{"count":0,"href":"http:\/\/www.letourismeaparis.fr\/index.php\/wp-json\/wp\/v2\/posts\/11747\/revisions"}],"wp:attachment":[{"href":"http:\/\/www.letourismeaparis.fr\/index.php\/wp-json\/wp\/v2\/media?parent=11747"}],"wp:term":[{"taxonomy":"category","embeddable":true,"href":"http:\/\/www.letourismeaparis.fr\/index.php\/wp-json\/wp\/v2\/categories?post=11747"},{"taxonomy":"post_tag","embeddable":true,"href":"http:\/\/www.letourismeaparis.fr\/index.php\/wp-json\/wp\/v2\/tags?post=11747"}],"curies":[{"name":"wp","href":"https:\/\/api.w.org\/{rel}","templated":true}]}}