{"id":11752,"date":"2012-06-08T19:36:46","date_gmt":"2012-06-08T18:36:46","guid":{"rendered":"http:\/\/www.letourismeaparis.fr\/ventes-des-boas-robes-affiches-des-folies-bergeres-du-8-au-11-juin\/"},"modified":"2012-06-08T19:36:46","modified_gmt":"2012-06-08T18:36:46","slug":"ventes-des-boas-robes-affiches-des-folies-bergeres-du-8-au-11-juin","status":"publish","type":"post","link":"http:\/\/www.letourismeaparis.fr\/index.php\/2012\/06\/08\/ventes-des-boas-robes-affiches-des-folies-bergeres-du-8-au-11-juin\/","title":{"rendered":"Ventes des Boas, robes, affiches &#8230; des Folies Berg\u00e8res du 8 au 11 juin"},"content":{"rendered":"<p>Ventes des Boas, robes, affiches &#8230; des Folies Berg\u00e8res du 8 au 11 juin<br \/>\nVous y trouverez,\u00a0 des froufrous, crinolines, robes de strass et paires de chaussures : en tout, ce seront pr\u00e8s de 600 objets provenant des penderies des Folies Berg\u00e8re (9e) qui seront mis en vente.<br \/>\nOutre les v\u00eatements et costumes de sc\u00e8ne,\u00a0 (de 20 \u00e0 500 euros selon les pi\u00e8ces),\u00a0 l\u2019exposition-vente pr\u00e9sentera \u00e9galement des centaines d\u2019affiches d\u2019\u00e9poque, des dessins sign\u00e9s Ert\u00e9, le c\u00e9l\u00e8bre dessinateur de la \u00ab\u00a0Symphonie en noir\u00a0\u00bb et auteur de d\u00e9cors et de costumes, des programmes ou encore des partitions musicales.<br \/>\nVente Folies Berg\u00e8re du 8 au 11 juin : exposition le 8 de 14h \u00e0 18h, le 9 de 10 \u00e0 17h, le 10 de 10h \u00e0 16h, vente le 9 \u00e0 18h, le 10 \u00e0 16h. Retrait des lots le 11.<br \/>\nPalais Brongniart (28 Place de la Bourse 75002)<br \/>\nEntr\u00e9e gratuite<\/p>\n","protected":false},"excerpt":{"rendered":"<p>Ventes des Boas, robes, affiches &#8230; des Folies Berg\u00e8res du 8 au 11 juin Vous y trouverez,\u00a0 des froufrous, crinolines, robes de strass et paires de chaussures : en tout, ce seront pr\u00e8s de 600 objets provenant des penderies des&#8230;<\/p>\n","protected":false},"author":2,"featured_media":0,"comment_status":"open","ping_status":"open","sticky":false,"template":"","format":"standard","meta":{"ngg_post_thumbnail":0,"jetpack_post_was_ever_published":false,"_jetpack_newsletter_access":"","footnotes":""},"categories":[1],"tags":[],"class_list":["post-11752","post","type-post","status-publish","format-standard","hentry","category-non-classe"],"jetpack_featured_media_url":"","jetpack-related-posts":[{"id":5166,"url":"http:\/\/www.letourismeaparis.fr\/index.php\/2009\/11\/13\/zorro-le-musical-aux-folies-bergeres-un-tres-bon-spectacle\/","url_meta":{"origin":11752,"position":0},"title":"Zorro le musical aux Folies Berg\u00e8res : un tr\u00e8s bon spectacle !","author":"Fabienne TM","date":"13 novembre 2009","format":false,"excerpt":"Stage Entertainment a choisi de produire pour la premi\u00e8re fois le musical ZORRO.Rythm\u00e9 par les plus grands succ\u00e8s des Gipsy Kings, ZORRO r\u00e9unit chants, danse flamenco, combats \u00e0 l'\u00e9p\u00e9e, cascades, romance et aventure. un superbe spectacle \u00e0 voir en famille ! http:\/\/www.zorro-lemusical.fr\/ Les Folies berg\u00e8res 32, rue\u00a0 Richer Paris 75009","rel":"","context":"Dans &quot;Non class\u00e9&quot;","block_context":{"text":"Non class\u00e9","link":"http:\/\/www.letourismeaparis.fr\/index.php\/category\/non-classe\/"},"img":{"alt_text":"","src":"","width":0,"height":0},"classes":[]},{"id":4328,"url":"http:\/\/www.letourismeaparis.fr\/index.php\/2009\/10\/10\/programme-musical-de-josephine-baker-le-11-octobre\/","url_meta":{"origin":11752,"position":1},"title":"Programme musical de Jos\u00e9phine Baker le 11 octobre","author":"Fabienne TM","date":"10 octobre 2009","format":false,"excerpt":"Jos\u00e9phine Baker, artiste de music-hall et femme engag\u00e9e dans la R\u00e9sistance. Dans les ann\u00e9es 30, avec Jos\u00e9phine Baker, les parisiens vivent au rythme du jazz et du charleston aux Folies-Berg\u00e8re et au Casino de Paris. Pendant la Seconde Guerre mondiale, cette grande artiste joue aussi un r\u00f4le important dans la\u2026","rel":"","context":"Dans &quot;Non class\u00e9&quot;","block_context":{"text":"Non class\u00e9","link":"http:\/\/www.letourismeaparis.fr\/index.php\/category\/non-classe\/"},"img":{"alt_text":"","src":"","width":0,"height":0},"classes":[]},{"id":11740,"url":"http:\/\/www.letourismeaparis.fr\/index.php\/2012\/06\/07\/le-festival-o-4-vents-pour-les-0-11-ans-dans-des-lieux-de-patrimoine-et-dhistoire-du-4e-arrondissement-de-paris\/","url_meta":{"origin":11752,"position":2},"title":"Le festival  \u00d4 4 vents pour les 0-11 ans dans des lieux de patrimoine et d\u2019histoire du 4e arrondissement de Paris","author":"Fabienne TM","date":"7 juin 2012","format":false,"excerpt":"Tuktu, Le petit caribou (cr\u00e9ation) Compagnie Par-dessus les toits Musique, th\u00e9\u00e2tre et objets \u2022 Tout public \u00e0 partir de 2 ans 8 juin \u00e0 9h30 & 15h30 \/ 9 juin \u00e0 11h & 16h \u2022 H\u00f4tel de Beauvais jusqu'au\u00a0 au 11 juin 2012 Broderies Compagnie Arnica Th\u00e9\u00e2tre d\u2019objets \u2022 Tout\u2026","rel":"","context":"Dans &quot;Non class\u00e9&quot;","block_context":{"text":"Non class\u00e9","link":"http:\/\/www.letourismeaparis.fr\/index.php\/category\/non-classe\/"},"img":{"alt_text":"","src":"","width":0,"height":0},"classes":[]},{"id":24464,"url":"http:\/\/www.letourismeaparis.fr\/index.php\/2021\/11\/28\/merlin-la-legende-musicale\/","url_meta":{"origin":11752,"position":3},"title":"Merlin la l\u00e9gende musicale","author":"Fabienne TM","date":"28 novembre 2021","format":false,"excerpt":"Merlin, mage et guide spirituel qui vit en ermite au c\u0153ur d\u2019une for\u00eat myst\u00e9rieuse, est s\u00e9duit par une cr\u00e9ature qui surgit du fond d\u2019un lac. Son destin le conduit vers une qu\u00eate, celle du Graal dont lui seul conna\u00eet la puissance et les origines. Sa rencontre avec Arthur, un \u00eatre\u2026","rel":"","context":"Dans &quot;Com\u00e9die Musicale&quot;","block_context":{"text":"Com\u00e9die Musicale","link":"http:\/\/www.letourismeaparis.fr\/index.php\/category\/spectacle\/comedie-musicale\/"},"img":{"alt_text":"","src":"","width":0,"height":0},"classes":[]},{"id":25164,"url":"http:\/\/www.letourismeaparis.fr\/index.php\/2023\/05\/26\/revelations-au-grand-palais-ephemere\/","url_meta":{"origin":11752,"position":4},"title":"R\u00e9v\u00e9lations au Grand Palais \u00e9ph\u00e9m\u00e8re","author":"Fabienne TM","date":"26 mai 2023","format":false,"excerpt":"Excellence, avant-gardisme, \u00e9clectisme sont les valeurs port\u00e9es par la biennale R\u00e9v\u00e9lations. Cr\u00e9\u00e9e et organis\u00e9e depuis 2013 par Ateliers d\u2019Art de France, R\u00e9v\u00e9lations affirme l\u2019identit\u00e9 et la place du cr\u00e9ateur dans la soci\u00e9t\u00e9 et l\u2019\u00e9conomie mondiale de la cr\u00e9ation. Gr\u00e2ce \u00e0 la sc\u00e9nographie singuli\u00e8re d\u2019Adrien Gard\u00e8re, 3000 pi\u00e8ces sont d\u00e9voil\u00e9es au\u2026","rel":"","context":"Dans &quot;Artisanat&quot;","block_context":{"text":"Artisanat","link":"http:\/\/www.letourismeaparis.fr\/index.php\/category\/culture\/musees-expositions\/artisanat\/"},"img":{"alt_text":"","src":"","width":0,"height":0},"classes":[]},{"id":1362,"url":"http:\/\/www.letourismeaparis.fr\/index.php\/2009\/01\/08\/le-musee-de-montmartre-et-jean-marais\/","url_meta":{"origin":11752,"position":5},"title":"Jean Marais au mus\u00e9e de Montmartre","author":"Fabienne TM","date":"8 janvier 2009","format":false,"excerpt":"\"Jean Marais l'\u00e9ternel retour \" jusqu'au\u00a0 3 mai 2009 Jean Marais a touch\u00e9 \u00e0 tous les aspects de la vie artistique (com\u00e9die, peinture, mise en sc\u00e8ne,cr\u00e9ation de costumes, d\u00e9corateur, \u00e9crivain)sous l\u2019impulsion\u00a0 de Jean Cocteau... \"Il a interpr\u00e9t\u00e9 des r\u00f4les mettant \u00e0 l\u2019honneur Paris\u00a0\u00a0 \u00ab Si Paris m\u2019\u00e9tait cont\u00e9\u00a0 \u00bb\u00a0 \u00ab\u2026","rel":"","context":"Dans &quot;Non class\u00e9&quot;","block_context":{"text":"Non class\u00e9","link":"http:\/\/www.letourismeaparis.fr\/index.php\/category\/non-classe\/"},"img":{"alt_text":"","src":"","width":0,"height":0},"classes":[]}],"jetpack_sharing_enabled":true,"jetpack_likes_enabled":true,"_links":{"self":[{"href":"http:\/\/www.letourismeaparis.fr\/index.php\/wp-json\/wp\/v2\/posts\/11752","targetHints":{"allow":["GET"]}}],"collection":[{"href":"http:\/\/www.letourismeaparis.fr\/index.php\/wp-json\/wp\/v2\/posts"}],"about":[{"href":"http:\/\/www.letourismeaparis.fr\/index.php\/wp-json\/wp\/v2\/types\/post"}],"author":[{"embeddable":true,"href":"http:\/\/www.letourismeaparis.fr\/index.php\/wp-json\/wp\/v2\/users\/2"}],"replies":[{"embeddable":true,"href":"http:\/\/www.letourismeaparis.fr\/index.php\/wp-json\/wp\/v2\/comments?post=11752"}],"version-history":[{"count":0,"href":"http:\/\/www.letourismeaparis.fr\/index.php\/wp-json\/wp\/v2\/posts\/11752\/revisions"}],"wp:attachment":[{"href":"http:\/\/www.letourismeaparis.fr\/index.php\/wp-json\/wp\/v2\/media?parent=11752"}],"wp:term":[{"taxonomy":"category","embeddable":true,"href":"http:\/\/www.letourismeaparis.fr\/index.php\/wp-json\/wp\/v2\/categories?post=11752"},{"taxonomy":"post_tag","embeddable":true,"href":"http:\/\/www.letourismeaparis.fr\/index.php\/wp-json\/wp\/v2\/tags?post=11752"}],"curies":[{"name":"wp","href":"https:\/\/api.w.org\/{rel}","templated":true}]}}