{"id":11756,"date":"2012-06-14T19:41:09","date_gmt":"2012-06-14T18:41:09","guid":{"rendered":"http:\/\/www.letourismeaparis.fr\/?p=11756"},"modified":"2012-06-14T19:41:09","modified_gmt":"2012-06-14T18:41:09","slug":"festival-coulee-douce-2012-jusquau-17-juin","status":"publish","type":"post","link":"http:\/\/www.letourismeaparis.fr\/index.php\/2012\/06\/14\/festival-coulee-douce-2012-jusquau-17-juin\/","title":{"rendered":"Festival Coul\u00e9e Douce 2012 jusqu&#039;au 17 juin"},"content":{"rendered":"<p>Cette ann\u00e9e encore, la Mairie du 12e est heureuse d\u2019accueillir Coul\u00e9e Douce, le Festival des Arts de la rue organis\u00e9 par la compagnie Progeniture pour 7 jours de culture \u00e0 d\u00e9guster en famille dans divers lieux du 12e arrondissement.<a href=\"http:\/\/www.letourismeaparis.fr\/wp-content\/uploads\/2012\/06\/festival-coul\u00e9e-douce.jpg\"><img loading=\"lazy\" decoding=\"async\" class=\"aligncenter size-thumbnail wp-image-11757\" title=\"festival coul\u00e9e douce\" src=\"http:\/\/www.letourismeaparis.fr\/wp-content\/uploads\/2012\/06\/festival-coul\u00e9e-douce-150x150.jpg\" alt=\"\" width=\"150\" height=\"150\" \/><\/a><br \/>\n<!--more-->Les 8, 12, 13, 14 et 15, 16 et 17 juin 2012, ce sont 10 compagnies qui sillonneront l\u2019arrondissement pour ces 20 repr\u00e9sentations, dans le cadre de ce festival, devenu un rendez-vous annuel pour les habitants du 12e et les parisiens.<br \/>\nL\u2019inauguration du Festival aura lieu le vendredi 15 juin \u00e0 19h sur le parvis de la Mairie du 12e avec le spectacle : \u00ab Aujourd\u2019hui n\u2019est pas demain\u201d par la Compagnie Prog\u00e9niture.<br \/>\nTous les spectacles sont gratuits et publics.<br \/>\nPlus d\u2019informations et programme complet sur : progeniture.free.fr<\/p>\n","protected":false},"excerpt":{"rendered":"<p>Cette ann\u00e9e encore, la Mairie du 12e est heureuse d\u2019accueillir Coul\u00e9e Douce, le Festival des Arts de la rue organis\u00e9 par la compagnie Progeniture pour 7 jours de culture \u00e0 d\u00e9guster en famille dans divers lieux du 12e arrondissement.<\/p>\n","protected":false},"author":2,"featured_media":0,"comment_status":"open","ping_status":"open","sticky":false,"template":"","format":"standard","meta":{"ngg_post_thumbnail":0,"jetpack_post_was_ever_published":false,"_jetpack_newsletter_access":"","footnotes":""},"categories":[1],"tags":[],"class_list":["post-11756","post","type-post","status-publish","format-standard","hentry","category-non-classe"],"jetpack_featured_media_url":"","jetpack-related-posts":[{"id":3157,"url":"http:\/\/www.letourismeaparis.fr\/index.php\/2009\/06\/11\/festival-coulee-doucedu-12-au-13-juin-sur-la-promenade-plantee\/","url_meta":{"origin":11756,"position":0},"title":"Festival &quot;Coul\u00e9e Douce&quot;du 12 au 13 juin sur la promenade plant\u00e9e du 12\u00e8me.","author":"Fabienne TM","date":"11 juin 2009","format":false,"excerpt":"Spectacle inaugural : vendredi 12 juin \u00e0 19h sur le parvis de la mairie du 12e.130, avenue Daumesnil Paris 75012 Sept compagnies investiront la Promenade Plant\u00e9e et offriront 11 repr\u00e9sentations gratuites et accessibles \u00e0 tous.Samedi 13 juin 15h00 ACOUSTEEL GANG \"ACOUSTEEL fait son int\u00e9ressant\" (30') 15h30 ZANIMOS \"Un petit bal\u2026","rel":"","context":"Dans &quot;Non class\u00e9&quot;","block_context":{"text":"Non class\u00e9","link":"http:\/\/www.letourismeaparis.fr\/index.php\/category\/non-classe\/"},"img":{"alt_text":"","src":"","width":0,"height":0},"classes":[]},{"id":7759,"url":"http:\/\/www.letourismeaparis.fr\/index.php\/2010\/06\/08\/festival-la-coulee-douce-dans-le-12-eme-les-11-12-et-13-juin\/","url_meta":{"origin":11756,"position":1},"title":"Festival&quot; La coul\u00e9e douce&quot; dans le 12 \u00e8me les 11 12 et 13 juin","author":"Fabienne TM","date":"8 juin 2010","format":false,"excerpt":"Les 11, 12 et 13 juin 2010, la Cie Prog\u00e9niture vous invite \u00e0\u00a0 la \"Coul\u00e9e Douce\",\u00a0 sur la Promenade Plant\u00e9e dans le 12 \u00e8me. Inauguration du festival le vendredi 11 juin \u00e0 19h sur le parvis de la mairie du 12e. Samedi 12 juin : de 16h30 \u00e0 minuit au\u2026","rel":"","context":"Dans &quot;Non class\u00e9&quot;","block_context":{"text":"Non class\u00e9","link":"http:\/\/www.letourismeaparis.fr\/index.php\/category\/non-classe\/"},"img":{"alt_text":"","src":"","width":0,"height":0},"classes":[]},{"id":4321,"url":"http:\/\/www.letourismeaparis.fr\/index.php\/2009\/09\/26\/festival-viva-colombia-samedi-26-et-dimanche-27-septembre-a-la-mairie-du-12e\/","url_meta":{"origin":11756,"position":2},"title":"Festival &quot;Viva Colombia&quot;  samedi 26 et dimanche 27 septembre  \u00e0 la mairie du 12e","author":"Fabienne TM","date":"26 septembre 2009","format":false,"excerpt":"Samedi 26 septembre 2009\u00a0 : 10h-22h : Village C olombien, 15h : SPECTACLE DE MARIONNETTES \"Amacayacu\" par la compagnie de th\u00e9\u00e2tre \"Madretierra\" sp\u00e9cialement venue de Colombie. Rue Bignon, - 16h30 : PI\u00d1ATA, animation pour les enfants Rue Bignon - 17h30 : PERFORMANCE PLURIDISCIPLINAIRE \"Artifice N\u00b0 20\". Par la Compagnie Le\u2026","rel":"","context":"Dans &quot;Non class\u00e9&quot;","block_context":{"text":"Non class\u00e9","link":"http:\/\/www.letourismeaparis.fr\/index.php\/category\/non-classe\/"},"img":{"alt_text":"","src":"","width":0,"height":0},"classes":[]},{"id":7795,"url":"http:\/\/www.letourismeaparis.fr\/index.php\/2010\/06\/08\/les-12-et-13-juin-10eme-edition-du-festival-de-loh\/","url_meta":{"origin":11756,"position":3},"title":"Les 12 et 13 juin ,10\u00e8me \u00e9dition du Festival de l\u2019Oh !","author":"Fabienne TM","date":"8 juin 2010","format":false,"excerpt":"Deux jours de festivit\u00e9s, de spectacles gratuits et de d\u00e9couvertes fluviales : Samedi : 14h-21h, dimanche : 11h-20h Ports de Paris accueille de nouveau le festival de l\u2019Oh ! Sur le port de Bercy (c\u00f4t\u00e9 12e) et sur le port de la Gare (c\u00f4t\u00e9 13e) avec la piscine Josephine Baker.\u2026","rel":"","context":"Dans &quot;Non class\u00e9&quot;","block_context":{"text":"Non class\u00e9","link":"http:\/\/www.letourismeaparis.fr\/index.php\/category\/non-classe\/"},"img":{"alt_text":"","src":"https:\/\/i0.wp.com\/www.letourismeaparis.fr\/wp-content\/uploads\/2010\/06\/festival-de-loh.jpg?resize=350%2C200","width":350,"height":200},"classes":[]},{"id":4156,"url":"http:\/\/www.letourismeaparis.fr\/index.php\/2009\/09\/10\/lete-continue-le-festival-pour-les-enfants\/","url_meta":{"origin":11756,"position":4},"title":"&quot;L&#039;\u00e9t\u00e9 continue&quot; : le festival pour les enfants","author":"Fabienne TM","date":"10 septembre 2009","format":false,"excerpt":"Les 11, 12 et 13 septembre, la mairie du 12e vous invite \u00e0 venir profiter des derniers jours de l\u2019\u00e9t\u00e9; quelques exemples : Samedi 12 septembre\u00a0\u00a0 \u00e014h : \u00a0\u00a0 Le grain de semoule ou les autres Contes du soleil\u00a0\u00a0 ; Compagnie Sol Lucet Omnibus\u00a0\u00a0 Parc de Bercy, Place Bernstein 15h\u2026","rel":"","context":"Dans &quot;Non class\u00e9&quot;","block_context":{"text":"Non class\u00e9","link":"http:\/\/www.letourismeaparis.fr\/index.php\/category\/non-classe\/"},"img":{"alt_text":"","src":"","width":0,"height":0},"classes":[]},{"id":12879,"url":"http:\/\/www.letourismeaparis.fr\/index.php\/2013\/03\/26\/conservatoire-paul-dukas-entree-libre-pour-des-concerts-le-soir-et-des-auditions\/","url_meta":{"origin":11756,"position":5},"title":"Conservatoire Paul Dukas ,entr\u00e9e libre  pour des concerts( 27 31 mars) ,le soir et des auditions (26 29 mars)","author":"Fabienne TM","date":"26 mars 2013","format":false,"excerpt":"Mercredi 27 mars 2013 \u00e0 20h00 FESTIVAL DES HARMONIES Les orchestres d\u2019harmonie du conservatoire du 12e invitent les ensembles d\u2019autres arrondissements R\u00e9gis Boeykens, direction Espace Reuilly 21, rue H\u00e9nard M\u00b0 Montgallet Samedi 31 mars 2013 \u00e0 19h00 Jean-S\u00e9bastien Bach \u2013 Eug\u00e8ne Ysa\u00ffe Int\u00e9grale de la musique pour violon seul Volet\u2026","rel":"","context":"Dans &quot;Festivals \/ Manifestations&quot;","block_context":{"text":"Festivals \/ Manifestations","link":"http:\/\/www.letourismeaparis.fr\/index.php\/category\/spectacle\/festival\/"},"img":{"alt_text":"","src":"","width":0,"height":0},"classes":[]}],"jetpack_sharing_enabled":true,"jetpack_likes_enabled":true,"_links":{"self":[{"href":"http:\/\/www.letourismeaparis.fr\/index.php\/wp-json\/wp\/v2\/posts\/11756","targetHints":{"allow":["GET"]}}],"collection":[{"href":"http:\/\/www.letourismeaparis.fr\/index.php\/wp-json\/wp\/v2\/posts"}],"about":[{"href":"http:\/\/www.letourismeaparis.fr\/index.php\/wp-json\/wp\/v2\/types\/post"}],"author":[{"embeddable":true,"href":"http:\/\/www.letourismeaparis.fr\/index.php\/wp-json\/wp\/v2\/users\/2"}],"replies":[{"embeddable":true,"href":"http:\/\/www.letourismeaparis.fr\/index.php\/wp-json\/wp\/v2\/comments?post=11756"}],"version-history":[{"count":0,"href":"http:\/\/www.letourismeaparis.fr\/index.php\/wp-json\/wp\/v2\/posts\/11756\/revisions"}],"wp:attachment":[{"href":"http:\/\/www.letourismeaparis.fr\/index.php\/wp-json\/wp\/v2\/media?parent=11756"}],"wp:term":[{"taxonomy":"category","embeddable":true,"href":"http:\/\/www.letourismeaparis.fr\/index.php\/wp-json\/wp\/v2\/categories?post=11756"},{"taxonomy":"post_tag","embeddable":true,"href":"http:\/\/www.letourismeaparis.fr\/index.php\/wp-json\/wp\/v2\/tags?post=11756"}],"curies":[{"name":"wp","href":"https:\/\/api.w.org\/{rel}","templated":true}]}}