{"id":11761,"date":"2012-06-15T19:42:36","date_gmt":"2012-06-15T18:42:36","guid":{"rendered":"http:\/\/www.letourismeaparis.fr\/?p=11761"},"modified":"2012-06-15T19:42:36","modified_gmt":"2012-06-15T18:42:36","slug":"gainsbourg-en-musique","status":"publish","type":"post","link":"http:\/\/www.letourismeaparis.fr\/index.php\/2012\/06\/15\/gainsbourg-en-musique\/","title":{"rendered":"Gainsbourg en musique"},"content":{"rendered":"<p>Retrouvez vous au jardin Serge Gainsbourg (porte des Lilas) pour la f\u00eate de quartier samedi 16 juin 2012 de 13h \u00e0 18h.<br \/>\nAu programme: concert, stand de d\u00e9gustation, animations pour les enfants et sc\u00e8ne d&rsquo;artistes<\/p>\n","protected":false},"excerpt":{"rendered":"<p>Retrouvez vous au jardin Serge Gainsbourg (porte des Lilas) pour la f\u00eate de quartier samedi 16 juin 2012 de 13h \u00e0 18h. Au programme: concert, stand de d\u00e9gustation, animations pour les enfants et sc\u00e8ne d&rsquo;artistes<\/p>\n","protected":false},"author":2,"featured_media":0,"comment_status":"open","ping_status":"open","sticky":false,"template":"","format":"standard","meta":{"ngg_post_thumbnail":0,"jetpack_post_was_ever_published":false,"_jetpack_newsletter_access":"","footnotes":""},"categories":[1],"tags":[],"class_list":["post-11761","post","type-post","status-publish","format-standard","hentry","category-non-classe"],"jetpack_featured_media_url":"","jetpack-related-posts":[{"id":410,"url":"http:\/\/www.letourismeaparis.fr\/index.php\/2008\/10\/27\/serge-gainsbourg-a-la-cite-de-la-musique\/","url_meta":{"origin":11761,"position":0},"title":"Serge Gainsbourg \u00e0 la cit\u00e9 de la musique","author":"Fabienne TM","date":"27 octobre 2008","format":false,"excerpt":"www.letourismeaparis.fr Une exposition dans laquelle l'llustrateur sonore Fr\u00e9d\u00e9ric Sanchez \"raconte\"l'artiste \u00e0 la fois, peintre, po\u00e8te, interpr\u00e8te, r\u00e9alisateur. Vous pourrez \u00e9couter plusieurs de ses compositions et \u00e9couter des textes lus par Vanessa Paradis, Charlotte Gainsbourg, Catherine Deneuve, Jacques Dutronc.... jusqu'au 1er mars 2009 Cit\u00e9 de la musique 221, Boulevard Jean-Jaur\u00e8s Paris\u2026","rel":"","context":"Dans &quot;Non class\u00e9&quot;","block_context":{"text":"Non class\u00e9","link":"http:\/\/www.letourismeaparis.fr\/index.php\/category\/non-classe\/"},"img":{"alt_text":"","src":"","width":0,"height":0},"classes":[]},{"id":11716,"url":"http:\/\/www.letourismeaparis.fr\/index.php\/2012\/05\/30\/le-nouveau-quartier-latin-du-13e-vous-attend-pour-de-nombreuses-manifestations\/","url_meta":{"origin":11761,"position":1},"title":"Le &quot;nouveau quartier latin du 13e&quot; vous attend pour de nombreuses manifestations","author":"Fabienne TM","date":"30 mai 2012","format":false,"excerpt":"de grandes institutions install\u00e9es dans le \"nouveau quartier latin du 13e\"vous ouvrent leurs portes : animations, conf\u00e9rences, performances artistiques, lieux insolites, fanfares et visites guid\u00e9es... jeudi 31 mai jusqu\u2019\u00e0 20 heures [BnF] Journ\u00e9e portes ouvertes avec acc\u00e8s libre aux expositions, \u00e0 la biblioth\u00e8que d\u2019\u00e9tude, au belv\u00e9d\u00e8re et visites de la\u2026","rel":"","context":"Dans &quot;Non class\u00e9&quot;","block_context":{"text":"Non class\u00e9","link":"http:\/\/www.letourismeaparis.fr\/index.php\/category\/non-classe\/"},"img":{"alt_text":"","src":"","width":0,"height":0},"classes":[]},{"id":11768,"url":"http:\/\/www.letourismeaparis.fr\/index.php\/2012\/06\/19\/films-sous-les-etoiles-dans-le-domaine-national-de-saint-cloud-du-21-au-23-juin-gratuit\/","url_meta":{"origin":11761,"position":2},"title":"FILMS SOUS LES \u00c9TOILES , dans le domaine national de Saint Cloud du 21 au 23 juin (gratuit)","author":"Fabienne TM","date":"19 juin 2012","format":false,"excerpt":"FILMS SOUS LES \u00c9TOILES le festival de cin\u00e9ma en plein air aura lieu des 21, 22 et 23 juin, dans le Domaine national de Saint-Cloud. il aura cette ann\u00e9e pour th\u00e8me \u00ab l\u2019imaginaire au cin\u00e9ma \u00bb. De Gainsbourg (vie h\u00e9ro\u00efque) \u00e0 Mulholland Drive, en passant par le chef d\u2019\u0153uvre de\u2026","rel":"","context":"Dans &quot;Non class\u00e9&quot;","block_context":{"text":"Non class\u00e9","link":"http:\/\/www.letourismeaparis.fr\/index.php\/category\/non-classe\/"},"img":{"alt_text":"","src":"","width":0,"height":0},"classes":[]},{"id":26096,"url":"http:\/\/www.letourismeaparis.fr\/index.php\/2025\/03\/25\/ennichi-un-nouveau-festival-japonais\/","url_meta":{"origin":11761,"position":3},"title":"ENNICHI , un nouveau festival japonais","author":"Fabienne TM","date":"25 mars 2025","format":false,"excerpt":"samedi 29 et dimanche 30 mars 2025, au c\u0153ur du 10e arrondissement de Paris.Un week-end japonais festif avec un march\u00e9 de cr\u00e9ations, des d\u00e9gustations, des ateliers, des spectacles, des jeux\u2026 March\u00e9 de cr\u00e9ations japonaises \ud83c\udf59 Food & D\u00e9gustations Le restaurant Espace Gohan (12 rue de Nancy) sera \u00e9galement ouvert durant\u2026","rel":"","context":"Dans &quot;Artisanat&quot;","block_context":{"text":"Artisanat","link":"http:\/\/www.letourismeaparis.fr\/index.php\/category\/culture\/musees-expositions\/artisanat\/"},"img":{"alt_text":"","src":"https:\/\/i0.wp.com\/www.letourismeaparis.fr\/wp-content\/uploads\/2025\/03\/Capture-decran-2025-03-25-a-18.18.16.png?resize=350%2C200","width":350,"height":200},"classes":[]},{"id":11947,"url":"http:\/\/www.letourismeaparis.fr\/index.php\/2012\/09\/12\/les-journees-du-patrimoine-15-et-16-septembre-2012-selection2-lobservatoire-de-paris-le-marathon-des-orgues-de-paris-le-lido-les-passages-couverts-et-galeries-de-paris\/","url_meta":{"origin":11761,"position":4},"title":"Les journ\u00e9es du Patrimoine 15 et 16 septembre 2012 s\u00e9lection(2)","author":"Fabienne TM","date":"12 septembre 2012","format":false,"excerpt":"OBSERVATOIRE DE PARIS 61 avenue de l'Observatoire - 75014 Paris 14\u00e8me T\u00e9l\u00e9phone : 01 40 51 22 94 Visite de la coupole Arago L\u2019exposition \"Cassini : l\u2019astronome du roi et le satellite Autour de J.D. Cassini, premier astronome \u00e0 travailler \u00e0 l\u2019Observatoire de Paris, dont le tricentenaire de la mort\u2026","rel":"","context":"Dans &quot;Non class\u00e9&quot;","block_context":{"text":"Non class\u00e9","link":"http:\/\/www.letourismeaparis.fr\/index.php\/category\/non-classe\/"},"img":{"alt_text":"","src":"","width":0,"height":0},"classes":[]},{"id":17192,"url":"http:\/\/www.letourismeaparis.fr\/index.php\/2015\/10\/07\/la-fete-des-vendanges-de-montmartre-du-7-au-11-octobre-2\/","url_meta":{"origin":11761,"position":5},"title":"La F\u00eate des vendanges de Montmartre du 7 au 11 octobre","author":"Fabienne TM","date":"7 octobre 2015","format":false,"excerpt":"\u00a0 Goutte d\u2019or \u2013 Ch\u00e2teau Rouge \/Charles Hermite \u2013 Evangile \u2013 Porte de Montmartre \u2013 Porte de Clignancourt (PDF) La Chapelle \u2013 Marx Dormoy \/Montmartre La Grande Chorale\u00a0des Enfants \u00a0Jeudi 8 octobre - 15h - Square Louise Michel \u00a0Ouvert \u00e0 tous - gratuit Sous la conduite de la cheffe de\u2026","rel":"","context":"Dans &quot;Familles&quot;","block_context":{"text":"Familles","link":"http:\/\/www.letourismeaparis.fr\/index.php\/category\/familles\/"},"img":{"alt_text":"","src":"https:\/\/i0.wp.com\/www.letourismeaparis.fr\/wp-content\/uploads\/2015\/10\/fv-220x300.jpeg?resize=350%2C200","width":350,"height":200},"classes":[]}],"jetpack_sharing_enabled":true,"jetpack_likes_enabled":true,"_links":{"self":[{"href":"http:\/\/www.letourismeaparis.fr\/index.php\/wp-json\/wp\/v2\/posts\/11761","targetHints":{"allow":["GET"]}}],"collection":[{"href":"http:\/\/www.letourismeaparis.fr\/index.php\/wp-json\/wp\/v2\/posts"}],"about":[{"href":"http:\/\/www.letourismeaparis.fr\/index.php\/wp-json\/wp\/v2\/types\/post"}],"author":[{"embeddable":true,"href":"http:\/\/www.letourismeaparis.fr\/index.php\/wp-json\/wp\/v2\/users\/2"}],"replies":[{"embeddable":true,"href":"http:\/\/www.letourismeaparis.fr\/index.php\/wp-json\/wp\/v2\/comments?post=11761"}],"version-history":[{"count":0,"href":"http:\/\/www.letourismeaparis.fr\/index.php\/wp-json\/wp\/v2\/posts\/11761\/revisions"}],"wp:attachment":[{"href":"http:\/\/www.letourismeaparis.fr\/index.php\/wp-json\/wp\/v2\/media?parent=11761"}],"wp:term":[{"taxonomy":"category","embeddable":true,"href":"http:\/\/www.letourismeaparis.fr\/index.php\/wp-json\/wp\/v2\/categories?post=11761"},{"taxonomy":"post_tag","embeddable":true,"href":"http:\/\/www.letourismeaparis.fr\/index.php\/wp-json\/wp\/v2\/tags?post=11761"}],"curies":[{"name":"wp","href":"https:\/\/api.w.org\/{rel}","templated":true}]}}