{"id":11768,"date":"2012-06-19T18:54:22","date_gmt":"2012-06-19T17:54:22","guid":{"rendered":"http:\/\/www.letourismeaparis.fr\/?p=11768"},"modified":"2012-06-19T18:54:22","modified_gmt":"2012-06-19T17:54:22","slug":"films-sous-les-etoiles-dans-le-domaine-national-de-saint-cloud-du-21-au-23-juin-gratuit","status":"publish","type":"post","link":"http:\/\/www.letourismeaparis.fr\/index.php\/2012\/06\/19\/films-sous-les-etoiles-dans-le-domaine-national-de-saint-cloud-du-21-au-23-juin-gratuit\/","title":{"rendered":"FILMS SOUS LES \u00c9TOILES , dans le domaine national de Saint Cloud du 21 au 23 juin (gratuit)"},"content":{"rendered":"<p>FILMS SOUS LES \u00c9TOILES<br \/>\nle festival de cin\u00e9ma en plein air aura lieu des 21, 22 et 23 juin, dans le Domaine national de Saint-Cloud.<br \/>\nil aura cette ann\u00e9e pour th\u00e8me \u00ab l\u2019imaginaire au cin\u00e9ma \u00bb.<br \/>\nDe Gainsbourg (vie h\u00e9ro\u00efque) \u00e0 Mulholland Drive, en passant par le chef d\u2019\u0153uvre de Cocteau, La Belle et la b\u00eate, ou E.T. l\u2019extra-terrestre, ce floril\u00e8ge de films est un passeport pour une \u00e9vasion dans des lieux singuliers et des ambiances insolites.<br \/>\nProgramme complet :<br \/>\nJeudi 21 juin :<br \/>\nPour de vrai (court m\u00e9trage) &#8211; 3 Bouillons<br \/>\n22 h 30 : Gainsbourg (vie h\u00e9ro\u00efque) &#8211; 3 Bouillons<br \/>\nStricteternum (court m\u00e9trage) &#8211; Fer \u00e0 cheval<br \/>\n22 h 30 : The Truman Show &#8211; Fer \u00e0 cheval<br \/>\nVendredi 22 juin :<br \/>\nClimax (court-m\u00e9trage) &#8211; 3 Bouillons<br \/>\n22 h 30 : Un Secret &#8211; 3 Bouillons<br \/>\nLes escargots de Joseph (court m\u00e9trage) &#8211; Fer \u00e0 cheval<br \/>\n22 h 30 : Alice au pays des merveilles &#8211; Fer \u00e0 cheval<br \/>\nSamedi 23 juin :<br \/>\nBisclavret (court m\u00e9trage) &#8211; 3 Bouillons<br \/>\n22 h 30 : La Belle et la b\u00eate &#8211; 3 Bouillons<br \/>\nCul de bouteille (court m\u00e9trage) &#8211; Fer \u00e0 cheval<br \/>\n22 h 30 : E.T. l\u2019extra-terrestre &#8211; Fer \u00e0 cheval<br \/>\n00 h 30 : Black Swan &#8211; Fer \u00e0 cheval<br \/>\n02 h 30 : Mulholland Drive &#8211; Fer \u00e0 cheval<br \/>\nJeudi 21, vendredi 22 et samedi 23 juin au Domaine national de Saint-Cloud.<br \/>\nGratuit.<br \/>\nPique-nique \u00e0 partir de 19 h 30. Projections des courts m\u00e9trages \u00e0 partir de 22h30 environ.<\/p>\n","protected":false},"excerpt":{"rendered":"<p>FILMS SOUS LES \u00c9TOILES le festival de cin\u00e9ma en plein air aura lieu des 21, 22 et 23 juin, dans le Domaine national de Saint-Cloud. il aura cette ann\u00e9e pour th\u00e8me \u00ab l\u2019imaginaire au cin\u00e9ma \u00bb. De Gainsbourg (vie h\u00e9ro\u00efque)&#8230;<\/p>\n","protected":false},"author":2,"featured_media":0,"comment_status":"open","ping_status":"open","sticky":false,"template":"","format":"standard","meta":{"ngg_post_thumbnail":0,"jetpack_post_was_ever_published":false,"_jetpack_newsletter_access":"","footnotes":""},"categories":[1],"tags":[],"class_list":["post-11768","post","type-post","status-publish","format-standard","hentry","category-non-classe"],"jetpack_featured_media_url":"","jetpack-related-posts":[{"id":209,"url":"http:\/\/www.letourismeaparis.fr\/index.php\/2008\/06\/26\/films-sous-les-etoiles-du-28-au-30-juin-au-parc-de-saint-cloud\/","url_meta":{"origin":11768,"position":0},"title":"Films sous les \u00e9toiles du 28 au 30 juin au Parc de Saint Cloud","author":"Fabienne TM","date":"26 juin 2008","format":false,"excerpt":"Paris Advisor Le Tourisme \u00e0 Paris Chaque apr\u00e8s-midi le festival propose des projections \u00e0 16h00 et 18h30 sous chapiteau. Le soir,\u00e0 22h le cadre exceptionnel du Domaine national de Saint-Cloud se transforme avec deux longs-m\u00e9trages projet\u00e9s simultan\u00e9ment Les spectateurs go\u00fbtent au plaisir des s\u00e9ances sur \u00e9crans g\u00e9ants am\u00e9nag\u00e9s dans des\u2026","rel":"","context":"Dans &quot;Non class\u00e9&quot;","block_context":{"text":"Non class\u00e9","link":"http:\/\/www.letourismeaparis.fr\/index.php\/category\/non-classe\/"},"img":{"alt_text":"","src":"","width":0,"height":0},"classes":[]},{"id":3389,"url":"http:\/\/www.letourismeaparis.fr\/index.php\/2009\/06\/25\/films-sous-les-etoiles-au-domaine-national-de-saint-cloud-projections-et-montgolfieres\/","url_meta":{"origin":11768,"position":1},"title":"Festival des Films sous les Etoiles \u00e0  Saint-Cloud, programme du 25 au 28 juin 2009","author":"Fabienne TM","date":"25 juin 2009","format":false,"excerpt":"Festival des Films sous les Etoiles 2009 au Domaine National de Saint-Cloud; cette ann\u00e9e la musique\u00a0 est \u00e0 l\u2019honneur. Jeudi 25 juin 2009 Les Demoiselles De Rochefort 22 h30 \/ Trois Bouillons Amadeus 22 h 30 \/ Fer \u00e0 Cheval Vendredi 26 juin 2009 West Side Story 22 h 30\u2026","rel":"","context":"Dans &quot;Non class\u00e9&quot;","block_context":{"text":"Non class\u00e9","link":"http:\/\/www.letourismeaparis.fr\/index.php\/category\/non-classe\/"},"img":{"alt_text":"","src":"","width":0,"height":0},"classes":[]},{"id":13607,"url":"http:\/\/www.letourismeaparis.fr\/index.php\/2013\/06\/26\/films-sous-les-etoiles-au-domaine-de-saint-cloud\/","url_meta":{"origin":11768,"position":2},"title":"\u00ab Films sous les \u00e9toiles \u00bb au domaine de Saint Cloud du 27 au 29 juin","author":"Fabienne TM","date":"26 juin 2013","format":false,"excerpt":"\u00a0 \u00ab Films sous les \u00e9toiles \u00bb c\u00e9l\u00e8bre le jardin et le paysage \u00e0 l\u2019occasion du 4e centenaire de la naissance d\u2019Andr\u00e9 Le N\u00f4tre. Trois jours de projections en plein air, dans un environnement exceptionnel et singulier, dessin\u00e9 par Andr\u00e9 Le N\u00f4tre, qui a su tirer parti d\u2019un relief accident\u00e9\u2026","rel":"","context":"Dans &quot;Cin\u00e9ma&quot;","block_context":{"text":"Cin\u00e9ma","link":"http:\/\/www.letourismeaparis.fr\/index.php\/category\/spectacle\/cinema\/"},"img":{"alt_text":"","src":"","width":0,"height":0},"classes":[]},{"id":7937,"url":"http:\/\/www.letourismeaparis.fr\/index.php\/2010\/06\/25\/films-sous-les-etoiles-dans-le-domaine-national-de-saint-cloud-du-24-au-26-juin\/","url_meta":{"origin":11768,"position":3},"title":"&quot;Films sous les \u00e9toiles&quot; dans le domaine national de Saint Cloud  du 24 au 26 Juin","author":"Fabienne TM","date":"25 juin 2010","format":false,"excerpt":"\"Films sous les \u00e9toiles\"\u00a0 se d\u00e9roulera sous le th\u00e8me \"Monuments et cin\u00e9ma\". Pendant les trois soir\u00e9es, le domaine vous donne rendez-vous \u00e0 22h30 aux sites du Fer \u00e0 cheval et des 3 Bouillons. Deux films diff\u00e9rents seront projet\u00e9s simultan\u00e9ment. Le festival se cl\u00f4turera par une nuit compl\u00e8te de cin\u00e9ma, le\u2026","rel":"","context":"Dans &quot;Non class\u00e9&quot;","block_context":{"text":"Non class\u00e9","link":"http:\/\/www.letourismeaparis.fr\/index.php\/category\/non-classe\/"},"img":{"alt_text":"","src":"","width":0,"height":0},"classes":[]},{"id":10611,"url":"http:\/\/www.letourismeaparis.fr\/index.php\/2011\/06\/22\/films-sous-les-etoiles-2011-domaine-national-de-saint-cloud\/","url_meta":{"origin":11768,"position":4},"title":"Films sous les \u00e9toiles 2011 &#8211; Domaine national de Saint Cloud","author":"Fabienne TM","date":"22 juin 2011","format":false,"excerpt":"Le Domaine national de Saint Cloud se transforme en salle de cin\u00e9ma, en plein air et sur \u00e9cran g\u00e9ant. Jeudi 23 juin : Tandem (1987), de Patrice Leconte \/ France \/ Com\u00e9die dramatique de 1h31. Avec Jean Rochefort, G\u00e9rard Jugnot et Sylvie Granotier Easy Rider (1995), de Dennis Hopper \/\u2026","rel":"","context":"Dans &quot;Non class\u00e9&quot;","block_context":{"text":"Non class\u00e9","link":"http:\/\/www.letourismeaparis.fr\/index.php\/category\/non-classe\/"},"img":{"alt_text":"","src":"","width":0,"height":0},"classes":[]},{"id":388,"url":"http:\/\/www.letourismeaparis.fr\/index.php\/2008\/10\/14\/festival-du-cinema-danimation-en-octobre\/","url_meta":{"origin":11768,"position":5},"title":"Festival du cin\u00e9ma d&#039;animation en octobre","author":"Fabienne TM","date":"14 octobre 2008","format":false,"excerpt":"CENTRE D\u2019ANIMATION DES HALLES - LE MARAIS 6-8 place Carr\u00e9e, Porte Saint-Eustache, niveau -3 75001 Paris - Projection de courts m\u00e9trages de Barry Purves Entr\u00e9e gratuite dans la limite des places disponibles Jeudi 16 octobre \u00e0 20h- AUDITORIUM DE LA MAIRIE DE PARIS 3 rue Lobau, 75004 Paris Projection et\u2026","rel":"","context":"Dans &quot;Non class\u00e9&quot;","block_context":{"text":"Non class\u00e9","link":"http:\/\/www.letourismeaparis.fr\/index.php\/category\/non-classe\/"},"img":{"alt_text":"","src":"","width":0,"height":0},"classes":[]}],"jetpack_sharing_enabled":true,"jetpack_likes_enabled":true,"_links":{"self":[{"href":"http:\/\/www.letourismeaparis.fr\/index.php\/wp-json\/wp\/v2\/posts\/11768","targetHints":{"allow":["GET"]}}],"collection":[{"href":"http:\/\/www.letourismeaparis.fr\/index.php\/wp-json\/wp\/v2\/posts"}],"about":[{"href":"http:\/\/www.letourismeaparis.fr\/index.php\/wp-json\/wp\/v2\/types\/post"}],"author":[{"embeddable":true,"href":"http:\/\/www.letourismeaparis.fr\/index.php\/wp-json\/wp\/v2\/users\/2"}],"replies":[{"embeddable":true,"href":"http:\/\/www.letourismeaparis.fr\/index.php\/wp-json\/wp\/v2\/comments?post=11768"}],"version-history":[{"count":0,"href":"http:\/\/www.letourismeaparis.fr\/index.php\/wp-json\/wp\/v2\/posts\/11768\/revisions"}],"wp:attachment":[{"href":"http:\/\/www.letourismeaparis.fr\/index.php\/wp-json\/wp\/v2\/media?parent=11768"}],"wp:term":[{"taxonomy":"category","embeddable":true,"href":"http:\/\/www.letourismeaparis.fr\/index.php\/wp-json\/wp\/v2\/categories?post=11768"},{"taxonomy":"post_tag","embeddable":true,"href":"http:\/\/www.letourismeaparis.fr\/index.php\/wp-json\/wp\/v2\/tags?post=11768"}],"curies":[{"name":"wp","href":"https:\/\/api.w.org\/{rel}","templated":true}]}}