{"id":11771,"date":"2012-06-21T09:18:59","date_gmt":"2012-06-21T08:18:59","guid":{"rendered":"http:\/\/www.letourismeaparis.fr\/?p=11771"},"modified":"2012-06-21T09:18:59","modified_gmt":"2012-06-21T08:18:59","slug":"fete-de-la-musique-2012-selection","status":"publish","type":"post","link":"http:\/\/www.letourismeaparis.fr\/index.php\/2012\/06\/21\/fete-de-la-musique-2012-selection\/","title":{"rendered":"F\u00eate de la musique 2012  (s\u00e9lection)"},"content":{"rendered":"<p>\u2022 21 juin 2012 \u2013 de 15h \u00e0 17h<br \/>\n\u00e9glise Saint-Eustache, Paris 1er, dans le cadre des \u00ab 36 heures de la Musique \u2013 St Eustache \u00bb<br \/>\nclasse de chant de Val\u00e9rie MILLOT : airs d\u2019op\u00e9ra, m\u00e9lodies, lieder, musique sacr\u00e9e<br \/>\nTa\u00efssiya KOLEVA \u2013 soprano : Faur\u00e9, Messiaen, Mozart, Puccini, Dvorak, Debussy, Haydn<br \/>\nEdouard BOUCHY-LUCOTTE \u2013 t\u00e9nor : Rachmaninoff, Donizetti, Tcha\u00efkovsky, Rossini<br \/>\nEt Poulenc (Le Dialogue des Carm\u00e9lites \u2013 avec Harmonie Deschamps)<br \/>\nHarmonie DESCHAMPS \u2013 soprano : Webern, Monteverdi, Menotti, Lully, Mendelssohn et Herbert<br \/>\nSophie TEULON (direction chant) au piano<!--more--><br \/>\nF\u00eate de la Musique, Faites un tour en Mairie<br \/>\nComme chaque ann\u00e9e, la Mairie du 2e s\u2019associe \u00e0 la f\u00eate de la Musique et organise, \u00e0 cette occasion, son propre \u00e9v\u00e9nement. La cour de la Mairie sera rythm\u00e9e par de nombreux talents aux univers diff\u00e9rents allant du Classique, au Gospel en passant par la Chanson Fran\u00e7aise ou encore la Soul.<br \/>\nAu programme : la Chorale du centre sportif de l\u2019\u00e9cole Beauregard compos\u00e9e de jeunes enfants de l\u2019arrondissement, les chorales et l\u2019harmonie du Conservatoire Mozart du Centre de Paris dirig\u00e9es par Didier SEUTIN et Nancy HOURQ. Et pour finir, l\u2019auteur-compositeur Nelly Stan et le groupe Mr Day nous feront partager leurs compositions. Le Maire adressera \u00e9galement \u00e0 19h30 un mot de bienvenue qui sera suivi d\u2019un verre de l\u2019amiti\u00e9.<br \/>\nLe rendez-vous est \u00e0 18h dans la cour de la mairie, 8 rue de la Banque.<br \/>\nEntr\u00e9e libre et gratuite<br \/>\nLE 8e EN MUSIQUE\u00a0\u00bb, LE RENDEZ-VOUS INCONTOURNABLE DU 21 JUIN 2012 !<br \/>\nMidi-concert \u00e0 13h dans le grand salon d&rsquo;honneur de la mairie :<br \/>\nLes \u00e9tudiants de la classe de musique de chambre de Marie-France Giret, professeur au conservatoire \u00e0 rayonnement r\u00e9gional, CRR de Paris et ceux de la classe de musique de chambre de Genevi\u00e8ve Martigny, professeur \u00e0 l\u2019\u00e9cole normale de musique de Paris se partageront l\u2019affiche : les premiers interpr\u00e9teront Schubert, Debussy et Brahms tandis que les seconds vous proposeront des \u0153uvres de Haydn, Mozart, Ha\u00ebndel et Vivaldi.<br \/>\nMairie du 8e\u00a0 &#8211; 3, rue de Lisbonne<br \/>\nLa F\u00eate de la Musique 2012 se f\u00eate aussi au Palais Royal ce 21 juin. Parmi les musts de la journ\u00e9e, notez celui du Palais Royal qui r\u00e9unira des groupes phares de la sc\u00e8ne fran\u00e7aise et suisse. Sans oublier le r\u00e9cital de 40 pianos dans l&rsquo;apr\u00e8s-midi.<br \/>\nApr\u00e8s un lancement en grande Pompe avec le groupe Revolver la veille, le mercredi 20 dans les jardins, la F\u00eate de la Musique, plac\u00e9e sous le th\u00e8me : \u00ab\u00a0La pop a 50 ans\u00a0\u00bb se poursuit le 21 juin. Le minist\u00e8re de la Culture et de la Communication pr\u00e9sente 5 groupes qui interpr\u00e8tent leur r\u00e9pertoire ainsi que des reprises d\u2019artistes fran\u00e7ais ou \u00e9trangers ayant marqu\u00e9 l\u2019histoire de la pop !<br \/>\nProgramme :<br \/>\nBuridane,<br \/>\nBarbara Carlotti,<br \/>\nBertrand Burgalat,<br \/>\n77 Bombay Street,<br \/>\nArchim\u00e8de<br \/>\nD\u00e8s 16h00, les enfants des conservatoires de Paris joueront sur les 40 pianos de \u00ab\u00a0Play me, I&rsquo;m yours\u00a0\u00bb, des pianos customis\u00e9es par 40 artistes plasticiens qui investiront bient\u00f4t la capitale. Un \u00e9v\u00e9nement autant visuel que musical.<br \/>\nEnsuite, de 19h00 \u00e0 minuit, les 5 groupes se succ\u00e8deront pour vous faire d\u00e9couvrir, voir red\u00e9couvrir les oeuvres des artistes phares de la musique fran\u00e7aise et \u00e9trang\u00e8re dans le domaine de la pop.<br \/>\nInfos pratiques :<br \/>\nJardins du Palais Royal, acc\u00e8s par la rue Montpensier, 75001 Paris<br \/>\nHoraire : De 16h \u00e0 19h : les \u00e9l\u00e8ves des conservatoires de Paris et 40 pianos autour du bassin, et de 16h \u00e0 minuit : les 5 groupes.<br \/>\nEntr\u00e9e Libre<br \/>\nEt pour plus de bons plans, ne manquez pas de consulter le guide de la F\u00eate de la Musique 2012 \u00e0 Paris et en Ile de France !<br \/>\nLe tango de la t\u00eate aux pieds<br \/>\nmusiques du monde, traditionnelles &#8211; 20h00 &#8211; 23h45 &#8211; All\u00e9e Centrale &#8211; 37 place du March\u00e9 Saint-Honor\u00e9<br \/>\nAvec le quatuor Doble A.<br \/>\nOrchestre de Paris<br \/>\nmusique classique. Mus\u00e9e du Louvre, sous la Pyramide. 22h00<br \/>\nKristjan J\u00e4rvi dirige l&rsquo;Orchestre de Paris et Xavier de Maistre \u00e0 la harpe. Au programme: Maurice Ravel (Alborada del Gracioso, pour orchestre), Joaquin Rodrigo (Concierto de Aranjuez version harpe), Manuel de Falla (Le Tricorne, suite n\u00b0 2), Manuel de Falla (Danse Rituelle du Feu).<br \/>\nJeunes Talents f\u00eate la musique<br \/>\nmusique classique &#8211; 16h00 &#8211; 19h00 &#8211; Petit Palais &#8211; Mus\u00e9e des Beaux-Arts &#8211; Avenue Winston Churchill<br \/>\n17h: Marie Soubestre &#8211; Bianca Chillemi (Ravel, Wolf, Ligeti, Turina), 17h30: Armelle Khourdo\u00efan &#8211; Georgiy Dubko (Verdi, Mozart, Massenet, Rossini, Bellini), 18h: Julia Knecht &#8211; Georgiy Dubko (Rossini, Menotti, Mozart, Beethoven, Gounod, Puccini), 18h30: Aur\u00e9lien Gasse &#8211; Fanny Prandi (Haydn, Gossec, Mahler, Puccini, Wolf).<br \/>\nBatucada br\u00e9silienne avec Sambinho Especial<br \/>\nmusiques du monde, traditionnelles &#8211; 20h00 &#8211; 00h00 &#8211; Place d&rsquo;Aligre<br \/>\nD\u00e9couvrez les rythmes de l&rsquo;un des carnavals les plus c\u00e9l\u00e8bres au monde: samba de Rio, samba funk, rythmes afro ou reggae&#8230;<br \/>\nF\u00eate de la Musique \/ concert<br \/>\njeudi 21 juin \u00e0 19h<br \/>\nEUGENIO BENNATO QUARTET<br \/>\nEugenio Bennato voix et guitare, Ezio Lambiase guitare et guitare \u00e9lectrique, Sonia Totaro voix et danse, Chiara Carnevale voix et percussions.<br \/>\nPionnier et fin connaisseur de la musique traditionnelle du Sud de l\u2019Italie qu\u2019il a su rendre populaire aupr\u00e8s des jeunes, Eugenio Bennato nous entra\u00eene avec son quartet dans un tourbillon de r\u00e9cits, de r\u00eaves, de rythmes telluriques. Apr\u00e8s avoir fond\u00e9 dans les ann\u00e9es 70 la Nuova Compagnia di Canto Popolare, groupe historique de musique traditionnelle, il cr\u00e9e avec Carlo D\u2019Angi\u00f2 Musica Nova et commence une activit\u00e9 de composition inspir\u00e9e du patrimoine musical populaire. En 1998, il fonde avec Silvia Coarelli le collectif Taranta Power qui l\u2019am\u00e8nera \u00e0 jouer au Womad festival de Peter Gabriel en 2002. Depuis 2008, il est directeur artistique du Kaulonia Tarantella Festival, l\u2019un des plus grands festivals de musique ethnique en Italie, n\u00e9 dans le sillage de Taranta Power, tout comme les festivals de Melpignano et de Carpino.<br \/>\nIstituto Italiano di Cultura<br \/>\n73, rue de Grenelle<br \/>\n75007 Paris<br \/>\nEntr\u00e9e libre dans la limite des places disponibles, sans r\u00e9servation.<br \/>\n&#8211;<br \/>\nInformations<br \/>\nDate: jeudi 21 juin 2012<br \/>\nHoraires: 19h<br \/>\nlundi 21 juin 2010 de 20h00 \u00e0 23h59<br \/>\nF\u00eate de la Musique : Argentina musical en el Bicentenario<br \/>\n20h &#8211; Facundo Picone (Province de Buenos Aires : Canci\u00f3n Sure\u00f1a : milanga, huella, estilo\u2026), le nouveau Larralde\u2026<br \/>\n20h50 &#8211; M\u00f3nica Abraham (Mendoza : Marinera, zamacueca, tonada\u2026), la figure de l\u2019ann\u00e9e\u2026, Prix Atalhualpa 2009 (soliste vocale ).<br \/>\n21h45 &#8211; Coqui Sosa (Tucuman : Zamba, chacarera, bailecito, huyano\u2026), l\u2019enfant de coeur de Tucum\u00e1n\u2026<br \/>\n22h45 &#8211; Las Hermanas Vera, Luis Antonio C\u00e1ceres, accord\u00e9on et Rudi Flores, guitare (Province de Corrientes : Chamam\u00e9), le duo culte du chamam\u00e9 (Teresa Parodi).<br \/>\n:<br \/>\nLa Maison de l&rsquo;Am\u00e9rique latine<br \/>\n217, Boulevard Saint-Germain<br \/>\n75007 PARIS<\/p>\n","protected":false},"excerpt":{"rendered":"<p>\u2022 21 juin 2012 \u2013 de 15h \u00e0 17h \u00e9glise Saint-Eustache, Paris 1er, dans le cadre des \u00ab 36 heures de la Musique \u2013 St Eustache \u00bb classe de chant de Val\u00e9rie MILLOT : airs d\u2019op\u00e9ra, m\u00e9lodies, lieder, musique sacr\u00e9e&#8230;<\/p>\n","protected":false},"author":2,"featured_media":0,"comment_status":"open","ping_status":"open","sticky":false,"template":"","format":"standard","meta":{"ngg_post_thumbnail":0,"jetpack_post_was_ever_published":false,"_jetpack_newsletter_access":"","footnotes":""},"categories":[1],"tags":[],"class_list":["post-11771","post","type-post","status-publish","format-standard","hentry","category-non-classe"],"jetpack_featured_media_url":"","jetpack-related-posts":[{"id":7928,"url":"http:\/\/www.letourismeaparis.fr\/index.php\/2010\/06\/20\/une-selection-pour-la-fete-de-la-musique\/","url_meta":{"origin":11771,"position":0},"title":"Une s\u00e9lection pour la f\u00eate de la musique","author":"Fabienne TM","date":"20 juin 2010","format":false,"excerpt":"36 heures de Saint-Eustache\u00a0\u00a0 Du 20 au 21 juin : 36 heures de musique non-stop ! chanson . vari\u00e9t\u00e9, musiques rock, musiques \u00e9lectroniques, harmonie . fanfare, chorales, musique classique, musiques du monde . traditionnelles, musique contemporaine\u00a0\u00a0 Eglise Saint Eustache Tango Argentin des Pieds \u00e0 la T\u00eate De 20h \u00e0 00h30,\u2026","rel":"","context":"Dans &quot;Non class\u00e9&quot;","block_context":{"text":"Non class\u00e9","link":"http:\/\/www.letourismeaparis.fr\/index.php\/category\/non-classe\/"},"img":{"alt_text":"","src":"","width":0,"height":0},"classes":[]},{"id":8646,"url":"http:\/\/www.letourismeaparis.fr\/index.php\/2010\/10\/01\/viva-colombia-les-2-et-3-octobre-a-la-mairie-du-12eme-theatre-salsa-concert-gastronomie\/","url_meta":{"origin":11771,"position":1},"title":"Viva Colombia les 2 et 3 octobre \u00e0 la mairie du 12\u00e8me : th\u00e9atre, salsa, concert, gastronomie &#8230;","author":"Fabienne TM","date":"1 octobre 2010","format":false,"excerpt":"L'Association franco-colombienne \"Tierradentro\" vous invite les samedi 2 et dimanche 3 octobre Expositions d'artistes et d'artisans, stands associatifs et gastronomiques, performances artistiques. SAMEDI 2 OCTOBRE De 10h30 \u00e0 23h : Village du \u00ab Bicentenaire de l'Am\u00e9rique latine\u00bb Rue Bignon - gastronomie colombienne - Exposition d'artisanat et d'artistes plasticiens 10h30-17h: Exposition\u2026","rel":"","context":"Dans &quot;Non class\u00e9&quot;","block_context":{"text":"Non class\u00e9","link":"http:\/\/www.letourismeaparis.fr\/index.php\/category\/non-classe\/"},"img":{"alt_text":"","src":"https:\/\/i0.wp.com\/www.letourismeaparis.fr\/wp-content\/uploads\/2010\/09\/viva-colombia-213x300.jpg?resize=350%2C200","width":350,"height":200},"classes":[]},{"id":16160,"url":"http:\/\/www.letourismeaparis.fr\/index.php\/2015\/01\/19\/concerts-dhiver-la-mairie-du-19-eme-du-6-au-14-fevrier\/","url_meta":{"origin":11771,"position":2},"title":"Concerts  d&#039;hiver \u00e0 la mairie du 19 \u00e8me du 6 au 14 f\u00e9vrier","author":"Fabienne TM","date":"19 janvier 2015","format":false,"excerpt":"\u00a0 Du 6 au 14 f\u00e9vrier, la Mairie du 19e vous invite aux \u201cConcerts d\u2019hiver\u201d, un festival de musique classique et d\u2019art lyrique, organis\u00e9 en partenariat avec \u00ab La Fabrique \u00e0 Enchantements \u00bb. Au programme : 14 spectacles musicaux gratuits sont donn\u00e9s dans la salle des f\u00eates de la Mairie\u2026","rel":"","context":"Dans &quot;Musique&quot;","block_context":{"text":"Musique","link":"http:\/\/www.letourismeaparis.fr\/index.php\/category\/culture\/concerts-musique\/musique\/"},"img":{"alt_text":"","src":"","width":0,"height":0},"classes":[]},{"id":18322,"url":"http:\/\/www.letourismeaparis.fr\/index.php\/2016\/06\/14\/la-semaine-italienne-a-paris-de-la-mairie-du-13eme\/","url_meta":{"origin":11771,"position":3},"title":"La Semaine Italienne \u00e0 Paris, de la mairie du 13\u00e8me du 17 au 25 juin :  ap\u00e9ros concerts, conf\u00e9rences, tremplin musical &#8230;","author":"Fabienne TM","date":"14 juin 2016","format":false,"excerpt":"\u00a0 Du 17 au 25 juin, Parmi les moments forts, venez danser au bal napolitain de LALALA Napoli le vendredi 24 juin. Ne manquez pas non plus, le samedi 18 juin, l'incroyable soir\u00e9e italo-disco qui vous offrira la r\u00e9union in\u00e9dite d'une ic\u00f4ne originelle de l'italo-disco, Fred Ventura, et un jeune\u2026","rel":"","context":"Dans &quot;Cultures du Monde&quot;","block_context":{"text":"Cultures du Monde","link":"http:\/\/www.letourismeaparis.fr\/index.php\/category\/culture\/musees-expositions\/cultures-du-monde\/"},"img":{"alt_text":"","src":"","width":0,"height":0},"classes":[]},{"id":3316,"url":"http:\/\/www.letourismeaparis.fr\/index.php\/2009\/06\/19\/fete-de-la-musique-en-famille-selection\/","url_meta":{"origin":11771,"position":4},"title":"F\u00eate de la musique en famille (s\u00e9lection)","author":"Fabienne TM","date":"19 juin 2009","format":false,"excerpt":"La musique classique expliqu\u00e9e aux enfants et aux parents avec Jean-Fran\u00e7ois Zygel. Au programme : L'Apprenti Sorcier de Paul Dukas et Danse Macabre de Camille Saint-Sa\u00ebns. Th\u00e9\u00e2tre du Ch\u00e2telet - Place du Ch\u00e2telet 75001 PARIS 1er Horaires : entre 15:00 et 16:30 et\u00a0 entre 18:30 et 20:00 La mairie du\u2026","rel":"","context":"Dans &quot;Non class\u00e9&quot;","block_context":{"text":"Non class\u00e9","link":"http:\/\/www.letourismeaparis.fr\/index.php\/category\/non-classe\/"},"img":{"alt_text":"","src":"","width":0,"height":0},"classes":[]},{"id":11452,"url":"http:\/\/www.letourismeaparis.fr\/index.php\/2012\/01\/20\/nouvel-an-chinois\/","url_meta":{"origin":11771,"position":5},"title":"Nouvel an chinois","author":"Fabienne TM","date":"20 janvier 2012","format":false,"excerpt":"A l'occasion des festivit\u00e9s du Nouvel an chinois, le 13e se met \u00e0 l'ambiance des dragons, des chants et musiques traditionnelles, des p\u00e9tards et lanternes de la Chine avec des animations jusqu'au 29 janvier, date du d\u00e9fil\u00e9 dans les rues du 13e. Vendredi 20 janvier \u00e0 partir de 17h Inauguration\u2026","rel":"","context":"Dans &quot;Non class\u00e9&quot;","block_context":{"text":"Non class\u00e9","link":"http:\/\/www.letourismeaparis.fr\/index.php\/category\/non-classe\/"},"img":{"alt_text":"","src":"","width":0,"height":0},"classes":[]}],"jetpack_sharing_enabled":true,"jetpack_likes_enabled":true,"_links":{"self":[{"href":"http:\/\/www.letourismeaparis.fr\/index.php\/wp-json\/wp\/v2\/posts\/11771","targetHints":{"allow":["GET"]}}],"collection":[{"href":"http:\/\/www.letourismeaparis.fr\/index.php\/wp-json\/wp\/v2\/posts"}],"about":[{"href":"http:\/\/www.letourismeaparis.fr\/index.php\/wp-json\/wp\/v2\/types\/post"}],"author":[{"embeddable":true,"href":"http:\/\/www.letourismeaparis.fr\/index.php\/wp-json\/wp\/v2\/users\/2"}],"replies":[{"embeddable":true,"href":"http:\/\/www.letourismeaparis.fr\/index.php\/wp-json\/wp\/v2\/comments?post=11771"}],"version-history":[{"count":0,"href":"http:\/\/www.letourismeaparis.fr\/index.php\/wp-json\/wp\/v2\/posts\/11771\/revisions"}],"wp:attachment":[{"href":"http:\/\/www.letourismeaparis.fr\/index.php\/wp-json\/wp\/v2\/media?parent=11771"}],"wp:term":[{"taxonomy":"category","embeddable":true,"href":"http:\/\/www.letourismeaparis.fr\/index.php\/wp-json\/wp\/v2\/categories?post=11771"},{"taxonomy":"post_tag","embeddable":true,"href":"http:\/\/www.letourismeaparis.fr\/index.php\/wp-json\/wp\/v2\/tags?post=11771"}],"curies":[{"name":"wp","href":"https:\/\/api.w.org\/{rel}","templated":true}]}}