{"id":11776,"date":"2012-06-28T10:25:48","date_gmt":"2012-06-28T08:25:48","guid":{"rendered":"http:\/\/www.letourismeaparis.fr\/?p=11776"},"modified":"2012-06-28T10:25:48","modified_gmt":"2012-06-28T08:25:48","slug":"fstival-soirs-dete-oui-fm-du-5-au-13-juillet","status":"publish","type":"post","link":"http:\/\/www.letourismeaparis.fr\/index.php\/2012\/06\/28\/fstival-soirs-dete-oui-fm-du-5-au-13-juillet\/","title":{"rendered":"Fstival Soirs d\u2019\u00e9t\u00e9-O\u00dcI FM  du 5 au 13 juillet"},"content":{"rendered":"<p>De la musique et du soleil avec les Soirs d\u2019\u00e9t\u00e9 !<br \/>\nApr\u00e8s le succ\u00e8s de l\u2019\u00e9dition 2011, sur le parvis de la Mairie du 3e. Venez assister \u00e0 8 jours de concerts gratuits en plein air et profiter des premi\u00e8res chaleurs estivales.<br \/>\nPour sa 15e \u00e9dition, le festival re\u00e7oit des artistes talentueux tels que Miossec, Paul Personne, Revolver, Da Silva, Mani, Brune, Pony Pony Run Run et bien d\u2019autres encore.<br \/>\nLe 13 juillet, le c\u00e9l\u00e8bre bal populaire du 3e cl\u00f4turera le festival dans la joie et la bonne humeur !<!--more--><br \/>\n5 juillet<br \/>\nAva \u2013 Musicien du m\u00e9tro<br \/>\nCarmen Maria Vega<br \/>\n6 juillet<br \/>\nMani<br \/>\nPony Pony Run Run<br \/>\n7 juillet<br \/>\nMina Tindle<br \/>\nThe Rambling Wheels<br \/>\nDa Silva<br \/>\n9 juillet<br \/>\nHerr Styler<br \/>\nRover<br \/>\nBen Howard<br \/>\n10 juillet<br \/>\nThe Supermen Lovers<br \/>\nRevolver<br \/>\n11 juillet<br \/>\nThe Aerial<br \/>\nPaul Personne<br \/>\n12 juillet<br \/>\nBrune<br \/>\nMiossec<br \/>\n13 juillet<br \/>\nBal Populaire avec le groupe Dial Show<\/p>\n","protected":false},"excerpt":{"rendered":"<p>De la musique et du soleil avec les Soirs d\u2019\u00e9t\u00e9 ! Apr\u00e8s le succ\u00e8s de l\u2019\u00e9dition 2011, sur le parvis de la Mairie du 3e. Venez assister \u00e0 8 jours de concerts gratuits en plein air et profiter des premi\u00e8res&#8230;<\/p>\n","protected":false},"author":2,"featured_media":0,"comment_status":"open","ping_status":"open","sticky":false,"template":"","format":"standard","meta":{"ngg_post_thumbnail":0,"jetpack_post_was_ever_published":false,"_jetpack_newsletter_access":"","footnotes":""},"categories":[1],"tags":[],"class_list":["post-11776","post","type-post","status-publish","format-standard","hentry","category-non-classe"],"jetpack_featured_media_url":"","jetpack-related-posts":[{"id":10680,"url":"http:\/\/www.letourismeaparis.fr\/index.php\/2011\/07\/05\/14e-edition-du-festival-soirs-dete-a-la-mairie-du-3-eme\/","url_meta":{"origin":11776,"position":0},"title":"14e \u00e9dition du Festival Soirs d\u2019\u00e9t\u00e9 \u00e0 la mairie du 3 \u00e8me.","author":"Fabienne TM","date":"5 juillet 2011","format":false,"excerpt":"trois semaines de concerts gratuits, en plein air, sur le parvis de la mairie du 3e, qui se termineront en grand bal... jusqu' au 13 juillet 2011 Mardi 5 juillet 2011 : Oh La La ! (20h) Pep\u2019s (21h15) Mercredi 6 juillet 2011 : Jim Murple Memorial (20h) Kill The\u2026","rel":"","context":"Dans &quot;Non class\u00e9&quot;","block_context":{"text":"Non class\u00e9","link":"http:\/\/www.letourismeaparis.fr\/index.php\/category\/non-classe\/"},"img":{"alt_text":"","src":"","width":0,"height":0},"classes":[]},{"id":10658,"url":"http:\/\/www.letourismeaparis.fr\/index.php\/2011\/06\/27\/festival-soirs-dete-2011-concerts-gratuits-en-plein-air-a-la-mairie-du-3e\/","url_meta":{"origin":11776,"position":1},"title":"Festival Soirs d\u2019\u00e9t\u00e9 2011, concerts gratuits en plein air \u00e0 la Mairie du 3e&#8230;","author":"Fabienne TM","date":"27 juin 2011","format":false,"excerpt":"Les T\u00eates Raides, Brigitte ou encore Louis Bertignac seront \u00e0 la Mairie du 3e du 28 juin au 13 juillet 2011 \u00e0 l\u2019occasion de la 14e \u00e9dition du Festival Soirs d\u2019\u00e9t\u00e9 (en partenariat avec O\u00fci Fm). Ce festival propose gratuitement trois semaines de concerts gratuits, en plein air, sur le\u2026","rel":"","context":"Dans &quot;Non class\u00e9&quot;","block_context":{"text":"Non class\u00e9","link":"http:\/\/www.letourismeaparis.fr\/index.php\/category\/non-classe\/"},"img":{"alt_text":"","src":"","width":0,"height":0},"classes":[]},{"id":11808,"url":"http:\/\/www.letourismeaparis.fr\/index.php\/2012\/07\/18\/festival-fnac-live-2012-et-ses-concerts-gratuits-sur-le-parvis-de-lhotel-de-ville\/","url_meta":{"origin":11776,"position":2},"title":"Festival Fnac live 2012 et ses concerts gratuits sur le Parvis de l\u2019H\u00f4tel de Ville","author":"Fabienne TM","date":"18 juillet 2012","format":false,"excerpt":"Festival Fnac live 2012 et ses concerts gratuits sur le Parvis de l\u2019H\u00f4tel de Ville Seconde \u00e9dition pour le Festival Fnac Live ! Du 19 au 22 juillet 2012, la Fnac offrira au public ses coups de c\u0153ur et ses d\u00e9couvertes, sans oublier les nouveaut\u00e9s et les t\u00eates d\u2019affiche\u2026 Fnac\u2026","rel":"","context":"Dans &quot;Non class\u00e9&quot;","block_context":{"text":"Non class\u00e9","link":"http:\/\/www.letourismeaparis.fr\/index.php\/category\/non-classe\/"},"img":{"alt_text":"","src":"","width":0,"height":0},"classes":[]},{"id":7930,"url":"http:\/\/www.letourismeaparis.fr\/index.php\/2010\/06\/21\/treizieme-festival-soirs-dete-dans-le-3-eme\/","url_meta":{"origin":11776,"position":3},"title":"Treizi\u00e8me festival &quot;Soirs d\u2019\u00e9t\u00e9&quot; dans le 3\u00e8me","author":"Fabienne TM","date":"21 juin 2010","format":false,"excerpt":"Treizi\u00e8me Festival Soirs d\u2019\u00e9t\u00e9. trois semaines de concerts gratuits, en plein air, qui se termineront en grand bal... Du 21 juin au 14 juillet 2010 Lundi 21 juin \u00e0 19 h F\u00eate de la Musique avec Mul\u00e9ketu pour une Batucada autour de la Mairie. Et Paco Renteria \u00e0 21h30 guitariste\u2026","rel":"","context":"Dans &quot;Non class\u00e9&quot;","block_context":{"text":"Non class\u00e9","link":"http:\/\/www.letourismeaparis.fr\/index.php\/category\/non-classe\/"},"img":{"alt_text":"","src":"","width":0,"height":0},"classes":[]},{"id":8124,"url":"http:\/\/www.letourismeaparis.fr\/index.php\/2010\/07\/13\/les-bals-des-pompiers-vous-attendent-les-13-etou-14-juillet\/","url_meta":{"origin":11776,"position":4},"title":"Les bals des pompiers et les autres bals  vous attendent les 13 et\/ou 14 juillet","author":"Fabienne TM","date":"13 juillet 2010","format":false,"excerpt":"Cette ann\u00e9e, treize casernes de la brigade de sapeurs-pompiers de Paris organisent des bals intra muros les 13 et\/ou 14 juillet, de 21 heures (parfois 21h30) \u00e0 4 heures du matin Bal des pompiers dans le 1er Le 13 juillet et le 14 juillet Caserne Rousseau Au 21, rue du\u2026","rel":"","context":"Dans &quot;Non class\u00e9&quot;","block_context":{"text":"Non class\u00e9","link":"http:\/\/www.letourismeaparis.fr\/index.php\/category\/non-classe\/"},"img":{"alt_text":"","src":"","width":0,"height":0},"classes":[]},{"id":3527,"url":"http:\/\/www.letourismeaparis.fr\/index.php\/2009\/07\/04\/festival-paris-cinema\/","url_meta":{"origin":11776,"position":5},"title":"Festival Paris Cin\u00e9ma","author":"Fabienne TM","date":"4 juillet 2009","format":false,"excerpt":"Cette ann\u00e9e la premi\u00e8re \"Nuit du Cin\u00e9ma\".\u00a0 le Palais de Tokyo propose, dans la nuit du samedi 4 au dimanche 5 juillet, une \"installation\" in\u00e9dite pour plonger dans les abysses d\u2019une nuit noire et sans fin\u2026 De 21h \u00e0 minuit sera projet\u00e9 sur une fenetre du Palais de Tokyo \"L\u2019Odyss\u00e9e\u2026","rel":"","context":"Dans &quot;Non class\u00e9&quot;","block_context":{"text":"Non class\u00e9","link":"http:\/\/www.letourismeaparis.fr\/index.php\/category\/non-classe\/"},"img":{"alt_text":"","src":"","width":0,"height":0},"classes":[]}],"jetpack_sharing_enabled":true,"jetpack_likes_enabled":true,"_links":{"self":[{"href":"http:\/\/www.letourismeaparis.fr\/index.php\/wp-json\/wp\/v2\/posts\/11776","targetHints":{"allow":["GET"]}}],"collection":[{"href":"http:\/\/www.letourismeaparis.fr\/index.php\/wp-json\/wp\/v2\/posts"}],"about":[{"href":"http:\/\/www.letourismeaparis.fr\/index.php\/wp-json\/wp\/v2\/types\/post"}],"author":[{"embeddable":true,"href":"http:\/\/www.letourismeaparis.fr\/index.php\/wp-json\/wp\/v2\/users\/2"}],"replies":[{"embeddable":true,"href":"http:\/\/www.letourismeaparis.fr\/index.php\/wp-json\/wp\/v2\/comments?post=11776"}],"version-history":[{"count":0,"href":"http:\/\/www.letourismeaparis.fr\/index.php\/wp-json\/wp\/v2\/posts\/11776\/revisions"}],"wp:attachment":[{"href":"http:\/\/www.letourismeaparis.fr\/index.php\/wp-json\/wp\/v2\/media?parent=11776"}],"wp:term":[{"taxonomy":"category","embeddable":true,"href":"http:\/\/www.letourismeaparis.fr\/index.php\/wp-json\/wp\/v2\/categories?post=11776"},{"taxonomy":"post_tag","embeddable":true,"href":"http:\/\/www.letourismeaparis.fr\/index.php\/wp-json\/wp\/v2\/tags?post=11776"}],"curies":[{"name":"wp","href":"https:\/\/api.w.org\/{rel}","templated":true}]}}