{"id":11778,"date":"2012-06-23T10:28:13","date_gmt":"2012-06-23T08:28:13","guid":{"rendered":"http:\/\/www.letourismeaparis.fr\/?p=11778"},"modified":"2012-06-23T10:28:13","modified_gmt":"2012-06-23T08:28:13","slug":"fete-nationale-du-quebec-lundi-25-juin","status":"publish","type":"post","link":"http:\/\/www.letourismeaparis.fr\/index.php\/2012\/06\/23\/fete-nationale-du-quebec-lundi-25-juin\/","title":{"rendered":"F\u00eate Nationale du Qu\u00e9bec, lundi 25 juin"},"content":{"rendered":"<p>F\u00eate Nationale du Qu\u00e9bec, lundi 25 juin<br \/>\nLUNDI 25 JUIN, A 12H<br \/>\nComme chaque ann\u00e9e, la Mairie du 6e s&rsquo;associe aux c\u00e9r\u00e9monies organis\u00e9es par l&rsquo;Association \u00ab\u00a0Paris Qu\u00e9bec\u00a0\u00bb \u00e0 l&rsquo;occasion de la F\u00eate Nationale du Qu\u00e9bec.<br \/>\nCette ann\u00e9e, le traditionnel lever des couleurs se d\u00e9roulera le lundi 25 juin, de 12h \u00e0 12h45, place du Qu\u00e9bec, avec les Tambours et Cuivres de la Nouvelle France. La c\u00e9r\u00e9monie sera suivie, lundi \u00e0 19h, de l&rsquo;inauguration de l&rsquo;exposition d&rsquo;Andr\u00e9 Michel, salon du Vieux-Colombier, \u00e0 la Mairie du 6e<\/p>\n","protected":false},"excerpt":{"rendered":"<p>F\u00eate Nationale du Qu\u00e9bec, lundi 25 juin LUNDI 25 JUIN, A 12H Comme chaque ann\u00e9e, la Mairie du 6e s&rsquo;associe aux c\u00e9r\u00e9monies organis\u00e9es par l&rsquo;Association \u00ab\u00a0Paris Qu\u00e9bec\u00a0\u00bb \u00e0 l&rsquo;occasion de la F\u00eate Nationale du Qu\u00e9bec. Cette ann\u00e9e, le traditionnel lever&#8230;<\/p>\n","protected":false},"author":2,"featured_media":0,"comment_status":"open","ping_status":"open","sticky":false,"template":"","format":"standard","meta":{"ngg_post_thumbnail":0,"jetpack_post_was_ever_published":false,"_jetpack_newsletter_access":"","footnotes":""},"categories":[1],"tags":[],"class_list":["post-11778","post","type-post","status-publish","format-standard","hentry","category-non-classe"],"jetpack_featured_media_url":"","jetpack-related-posts":[{"id":12927,"url":"http:\/\/www.letourismeaparis.fr\/index.php\/2013\/03\/01\/exposition-poetica-du-6e-atelier-dartistes-du-mardi-5-au-lundi-25-mars\/","url_meta":{"origin":11778,"position":0},"title":"Exposition POETICA du &#039; 6\u00e8me &quot; Atelier d&#039;artistes&quot;    du mardi 5 au lundi 25 mars","author":"Fabienne TM","date":"1 mars 2013","format":false,"excerpt":"Le \u00ab 6e, Ateliers d\u2019artistes \u00bb f\u00eate ses 20 ans avec PO\u00c9TICA. A l\u2019occasion de son vingti\u00e8me anniversaire, \"Le 6e, Ateliers d\u2019Artistes\", association d'artistes du 6e arrondissement, organise plusieurs manifestations artistiques. \u0152uvres, cr\u00e9ations et installations de peintres, sculpteurs, photographes, graveurs... et musiciens sont pr\u00e9sent\u00e9es \u00e0 la Mairie du 6e, sur\u2026","rel":"","context":"Dans &quot;Non class\u00e9&quot;","block_context":{"text":"Non class\u00e9","link":"http:\/\/www.letourismeaparis.fr\/index.php\/category\/non-classe\/"},"img":{"alt_text":"","src":"","width":0,"height":0},"classes":[]},{"id":12572,"url":"http:\/\/www.letourismeaparis.fr\/index.php\/2013\/02\/05\/nouvel-an-chinois-2013-du-11-fevrier-2013-au-16-fevrier-2013-a-paris-75003\/","url_meta":{"origin":11778,"position":1},"title":"Nouvel an Chinois 2013 Du 11 f\u00e9vrier 2013 au 16 f\u00e9vrier 2013 \u00e0 Paris 75003","author":"Fabienne TM","date":"5 f\u00e9vrier 2013","format":false,"excerpt":"Pour la 13e ann\u00e9e cons\u00e9cutive, le 3e accueille une semaine festive et culturelle pour la nouvelle ann\u00e9e chinoise, sous le signe du serpent d'eau, symbole de prosp\u00e9rit\u00e9. Du lundi 11 au samedi 16 f\u00e9vrier, l'Asie est \u00e0 l'honneur. Du 11 au 16 f\u00e9vrier Exposition du peintre p\u00e9kinois, Lu Tianning, dont\u2026","rel":"","context":"Dans &quot;Non class\u00e9&quot;","block_context":{"text":"Non class\u00e9","link":"http:\/\/www.letourismeaparis.fr\/index.php\/category\/non-classe\/"},"img":{"alt_text":"","src":"","width":0,"height":0},"classes":[]},{"id":6146,"url":"http:\/\/www.letourismeaparis.fr\/index.php\/2010\/02\/12\/nouvel-an-chinois-2010-et-fete-du-tet-14-fevrier\/","url_meta":{"origin":11778,"position":2},"title":"Nouvel an chinois 2010 et F\u00eate du T\u00eat : 14 f\u00e9vrier ! 3\u00e8me  ,13 \u00e8me, 15 f\u00e9vrier dans le 11\u00e8me","author":"Fabienne TM","date":"12 f\u00e9vrier 2010","format":false,"excerpt":"Paris propose des festivit\u00e9s lors du Nouvel an chinois ou f\u00eate du Printemps 2010, qui correspond \u00e9galement au Nouvel An Vietnamien (f\u00eate du t\u00eat). Le Nouvel an Chinois tombe cette ann\u00e9e le 14 f\u00e9vrier, jour de la Saint-Valentin et le Buffle laissera place au signe\u00a0\u00a0\u00a0 zodiacal du Tigre de M\u00e9tal.\u2026","rel":"","context":"Dans &quot;Non class\u00e9&quot;","block_context":{"text":"Non class\u00e9","link":"http:\/\/www.letourismeaparis.fr\/index.php\/category\/non-classe\/"},"img":{"alt_text":"","src":"","width":0,"height":0},"classes":[]},{"id":11706,"url":"http:\/\/www.letourismeaparis.fr\/index.php\/2012\/05\/24\/8e-festival-des-cultures-juives-du-mardi-12-au-jeudi-28-juin-2012\/","url_meta":{"origin":11778,"position":3},"title":"8e Festival des Cultures Juives du mardi 12 au jeudi 28 juin 2012","author":"Fabienne TM","date":"24 mai 2012","format":false,"excerpt":"Le Festival des Cultures Juives propose 15 jours de manifestations \u00e9clectiques (conf\u00e9rences, concerts, expositions, films, th\u00e9\u00e2tres, visites, ateliers) destin\u00e9es \u00e0 faire d\u00e9couvrir la richesse et la diversit\u00e9 des cultures juives \u00e0 travers le monde, dans une volont\u00e9 d'ouverture et de dialogue interculturel. Cette 8e \u00e9dition mettra \u00e0 l'honneur la rue\u2026","rel":"","context":"Dans &quot;Non class\u00e9&quot;","block_context":{"text":"Non class\u00e9","link":"http:\/\/www.letourismeaparis.fr\/index.php\/category\/non-classe\/"},"img":{"alt_text":"","src":"","width":0,"height":0},"classes":[]},{"id":10402,"url":"http:\/\/www.letourismeaparis.fr\/index.php\/2011\/05\/25\/un-livre-un-cafe-macarons-et-chocolat-dimanche-29-mai-a-saint-germain-des-pres\/","url_meta":{"origin":11778,"position":4},"title":"Un Livre, Un Caf\u00e9 : &#039;&#039;macarons et chocolat&#039;&#039; dimanche 29 mai \u00e0 Saint Germain des pr\u00e9s","author":"Fabienne TM","date":"25 mai 2011","format":false,"excerpt":"Le boulevard Saint-Germain re\u00e7oit, dimanche 29 mai de 16h30 \u00e0 18h30, Auteurs et Chocolatiers du 6e arrondissement sur le th\u00e8me : \"Macarons et Chocolat\" Dimanche 29 mai, 14 auteurs d\u00e9dicaceront leurs ouvrages dans les c\u00e9l\u00e8bres Caf\u00e9s du boulevard en pr\u00e9sence de 16 chocolatiers du 6e. Saint-Germain-des-Pr\u00e9s offrira ainsi aux Parisiens\u2026","rel":"","context":"Dans &quot;Non class\u00e9&quot;","block_context":{"text":"Non class\u00e9","link":"http:\/\/www.letourismeaparis.fr\/index.php\/category\/non-classe\/"},"img":{"alt_text":"","src":"","width":0,"height":0},"classes":[]},{"id":7956,"url":"http:\/\/www.letourismeaparis.fr\/index.php\/2010\/06\/25\/pic-nic-du-6e-dimanche-27-juin\/","url_meta":{"origin":11778,"position":5},"title":"Pic-Nic du 6e, dimanche 27 juin","author":"Fabienne TM","date":"25 juin 2010","format":false,"excerpt":"Deuxi\u00e8me \u00e9dition du pique-nique organis\u00e9 par six m\u00e8res de famille du 6e, dimanche 27 juin, de 12h \u00e0 15h, au Jardin des Grands Explorateurs, entr\u00e9e par la rue Michelet. N'oubliez pas plaid, nappe, pique-nique ainsi que raquettes de ping-pong! Tenues de toutes les couleurs bienvenu","rel":"","context":"Dans &quot;Non class\u00e9&quot;","block_context":{"text":"Non class\u00e9","link":"http:\/\/www.letourismeaparis.fr\/index.php\/category\/non-classe\/"},"img":{"alt_text":"","src":"","width":0,"height":0},"classes":[]}],"jetpack_sharing_enabled":true,"jetpack_likes_enabled":true,"_links":{"self":[{"href":"http:\/\/www.letourismeaparis.fr\/index.php\/wp-json\/wp\/v2\/posts\/11778","targetHints":{"allow":["GET"]}}],"collection":[{"href":"http:\/\/www.letourismeaparis.fr\/index.php\/wp-json\/wp\/v2\/posts"}],"about":[{"href":"http:\/\/www.letourismeaparis.fr\/index.php\/wp-json\/wp\/v2\/types\/post"}],"author":[{"embeddable":true,"href":"http:\/\/www.letourismeaparis.fr\/index.php\/wp-json\/wp\/v2\/users\/2"}],"replies":[{"embeddable":true,"href":"http:\/\/www.letourismeaparis.fr\/index.php\/wp-json\/wp\/v2\/comments?post=11778"}],"version-history":[{"count":0,"href":"http:\/\/www.letourismeaparis.fr\/index.php\/wp-json\/wp\/v2\/posts\/11778\/revisions"}],"wp:attachment":[{"href":"http:\/\/www.letourismeaparis.fr\/index.php\/wp-json\/wp\/v2\/media?parent=11778"}],"wp:term":[{"taxonomy":"category","embeddable":true,"href":"http:\/\/www.letourismeaparis.fr\/index.php\/wp-json\/wp\/v2\/categories?post=11778"},{"taxonomy":"post_tag","embeddable":true,"href":"http:\/\/www.letourismeaparis.fr\/index.php\/wp-json\/wp\/v2\/tags?post=11778"}],"curies":[{"name":"wp","href":"https:\/\/api.w.org\/{rel}","templated":true}]}}