{"id":11780,"date":"2012-06-26T10:30:22","date_gmt":"2012-06-26T08:30:22","guid":{"rendered":"http:\/\/www.letourismeaparis.fr\/?p=11780"},"modified":"2012-06-26T10:30:22","modified_gmt":"2012-06-26T08:30:22","slug":"le-29-juin-a-20h-fantaisie-offenbach","status":"publish","type":"post","link":"http:\/\/www.letourismeaparis.fr\/index.php\/2012\/06\/26\/le-29-juin-a-20h-fantaisie-offenbach\/","title":{"rendered":"Le 29 juin \u00e0 20h \u00ab Fantaisie Offenbach \u00bb"},"content":{"rendered":"<p>Le 29 juin \u00e0 20h<br \/>\n\u00ab Fantaisie Offenbach \u00bb<br \/>\nDans le cadre de l\u2019\u00e9t\u00e9 solidaire, l\u2019association \u00ab Sing and Play \u00bb offre un concert sur les morceaux d\u2019Offenbach. Dans un esprit festif et d\u00e9contract\u00e9, Fran\u00e7ois Bataille, Eliane Dela et Marc Schweizer chanteront un r\u00e9pertoire l\u00e9ger et caustique qui faisait les folles nuits du second empire. Julia Drouot les accompagnera au piano. Vous y entendrez des pages c\u00e9l\u00e8bres de la P\u00e9richole ou de la Belle H\u00e9l\u00e8ne.<br \/>\nSalle des Mariages<br \/>\nMairie du 7e arrondissement \u2013 116, rue de Grenelle.<br \/>\nInscriptions obligatoires pour les conf\u00e9rences, concerts et \u00e9v\u00e9nements au 01 53 58 75 62.<\/p>\n","protected":false},"excerpt":{"rendered":"<p>Le 29 juin \u00e0 20h \u00ab Fantaisie Offenbach \u00bb Dans le cadre de l\u2019\u00e9t\u00e9 solidaire, l\u2019association \u00ab Sing and Play \u00bb offre un concert sur les morceaux d\u2019Offenbach. Dans un esprit festif et d\u00e9contract\u00e9, Fran\u00e7ois Bataille, Eliane Dela et Marc&#8230;<\/p>\n","protected":false},"author":2,"featured_media":0,"comment_status":"open","ping_status":"open","sticky":false,"template":"","format":"standard","meta":{"ngg_post_thumbnail":0,"jetpack_post_was_ever_published":false,"_jetpack_newsletter_access":"","footnotes":""},"categories":[1],"tags":[],"class_list":["post-11780","post","type-post","status-publish","format-standard","hentry","category-non-classe"],"jetpack_featured_media_url":"","jetpack-related-posts":[{"id":3096,"url":"http:\/\/www.letourismeaparis.fr\/index.php\/2009\/06\/17\/fete-de-la-musique-offenbach-aux-invalides-le-20-juin\/","url_meta":{"origin":11780,"position":0},"title":"F\u00eate de la musique :Offenbach aux Invalides  le 20 juin","author":"Fabienne TM","date":"17 juin 2009","format":false,"excerpt":"Offenbach dans la cour d'honneur des invalides Le 20 juin,\u00e0 20h35,, en ouverture de la F\u00eate de la Musique un grand concert\u00a0 d'Offenbach aura lieu dans la cour d'honneur des Invalides. Le concert sera pr\u00e9sent\u00e9 par Alain Duault et dirig\u00e9 par\u00a0 Fran\u00e7ois Boulanger.Une\u00a0 intervention de la Cavalerie de la Garde\u2026","rel":"","context":"Dans &quot;Non class\u00e9&quot;","block_context":{"text":"Non class\u00e9","link":"http:\/\/www.letourismeaparis.fr\/index.php\/category\/non-classe\/"},"img":{"alt_text":"","src":"","width":0,"height":0},"classes":[]},{"id":19718,"url":"http:\/\/www.letourismeaparis.fr\/index.php\/2017\/04\/21\/6-concerts-solidaires-au-profit-des-enfants-avecla-troupe-lyrique-oya-kephale-partenaire-de-long-vision-du-monde\/","url_meta":{"origin":11780,"position":1},"title":"6 concerts solidaires au profit des enfants avec la troupe lyrique Oya Kephale ,partenaire de l&#039;ONG Vision du  monde","author":"Fabienne TM","date":"21 avril 2017","format":false,"excerpt":"\u00a0 Les 12, 13, 14, 18, 19 et 20 mai, la troupe Oya Kephale donne 6 repr\u00e9sentations au Th\u00e9\u00e2tre Armande B\u00e9jart (Asni\u00e8res-sur-Seine, 92). Les b\u00e9n\u00e9fices seront int\u00e9gralement revers\u00e9s \u00e0 2 associations : l\u2019ONG Vision du Monde et l\u2019Espace Aquarelle. Avec les fonds collect\u00e9s gr\u00e2ce aux op\u00e9rettes, \u00a0 Chaque ann\u00e9e, la\u2026","rel":"","context":"Dans &quot;Musique&quot;","block_context":{"text":"Musique","link":"http:\/\/www.letourismeaparis.fr\/index.php\/category\/culture\/concerts-musique\/musique\/"},"img":{"alt_text":"","src":"","width":0,"height":0},"classes":[]},{"id":24558,"url":"http:\/\/www.letourismeaparis.fr\/index.php\/2021\/12\/30\/la-vie-parisienne-de-jacques-offenbach-au-tce\/","url_meta":{"origin":11780,"position":2},"title":"La Vie parisienne  de      Jacques Offenbach au TCE","author":"Fabienne TM","date":"30 d\u00e9cembre 2021","format":false,"excerpt":"Jacques Offenbach au Th\u00e9atre des Champs Elys\u00e9es Le chef-d\u2019\u0153uvre d\u2019Offenbach, destin\u00e9 \u00e0 r\u00e9jouir petits et grands et aussi p\u00e9tillant que le champagne des f\u00eates parisiennes du XIXe si\u00e8cle. Offenbach est au sommet de sa gloire lorsqu\u2019il \u00e9crit ce succulent et divertissant miroir de la bonne soci\u00e9t\u00e9 parisienne. Sur un livret\u2026","rel":"","context":"Dans &quot;Concerts \/ Musique&quot;","block_context":{"text":"Concerts \/ Musique","link":"http:\/\/www.letourismeaparis.fr\/index.php\/category\/culture\/concerts-musique\/"},"img":{"alt_text":"","src":"https:\/\/i0.wp.com\/www.letourismeaparis.fr\/wp-content\/uploads\/2021\/12\/Capture-d%E2%80%99e%CC%81cran-2021-12-30-a%CC%80-13.58.58.png?resize=350%2C200","width":350,"height":200},"classes":[]},{"id":18280,"url":"http:\/\/www.letourismeaparis.fr\/index.php\/2016\/05\/27\/offenbach-a-la-mairie-du-13e-le-31-mai-a-19h-gratuit\/","url_meta":{"origin":11780,"position":3},"title":"Offenbach \u00e0 la Mairie du 13e, le 31 mai \u00e0 19h30 (gratuit)","author":"Fabienne TM","date":"27 mai 2016","format":false,"excerpt":"Le Conservatoire Maurice Ravel vous invite au concert !\u00a0 La classe de chant d'Isabelle Guillaud du Conservatoire du 13e interpr\u00e8te des extraits des plus c\u00e9l\u00e8bres morceaux d'Offenbach, d'Orph\u00e9e aux Enfers \u00e0 La Fille du Tambour-Major, de La Belle H\u00e9l\u00e8ne \u00e0 La Vie Parisienne, de Pomme d'Api \u00e0 Barbe Bleue en\u2026","rel":"","context":"Dans &quot;Bons Plans&quot;","block_context":{"text":"Bons Plans","link":"http:\/\/www.letourismeaparis.fr\/index.php\/category\/bon-plan\/"},"img":{"alt_text":"","src":"","width":0,"height":0},"classes":[]},{"id":25193,"url":"http:\/\/www.letourismeaparis.fr\/index.php\/2023\/06\/23\/rolando-villazon-au-tce\/","url_meta":{"origin":11780,"position":4},"title":"Rolando Villazon au TCE","author":"Fabienne TM","date":"23 juin 2023","format":false,"excerpt":"Jeudi 29 juin 2023 \/ 20h00 Un magnifique programme : Les Grandes voix Rolando Villaz\u00f3n,\u00a0t\u00e9norBelgian National OrchestraGuerassim Voronkov,\u00a0direction Wolfgang Amadeus MozartLe nozze di Figaro,\u00a0Ouverture (orchestre) Wolfgang Amadeus MozartIl re pastore, \u00ab\u00a0Voi che fausti\u00a0\u00bb Wolfgang Amadeus MozartLa clemenza di Tito, \u00ab\u00a0Se all\u2019impero\u00a0\u00bb Jacques OffenbachOrph\u00e9e aux Enfers, Ouverture (orchestre) Jacques OffenbachLes contes\u2026","rel":"","context":"Dans &quot;Concerts \/ Musique&quot;","block_context":{"text":"Concerts \/ Musique","link":"http:\/\/www.letourismeaparis.fr\/index.php\/category\/culture\/concerts-musique\/"},"img":{"alt_text":"","src":"","width":0,"height":0},"classes":[]},{"id":186,"url":"http:\/\/www.letourismeaparis.fr\/index.php\/2008\/06\/09\/concert-chorale-fables-en-ballade-a-paris\/","url_meta":{"origin":11780,"position":5},"title":"CONCERT CHORALE FABLES EN BALLADE A PARIS","author":"Fabienne TM","date":"9 juin 2008","format":false,"excerpt":"\u00a0PARIS ADVISOR \u00a0 LE TOURISME A PARIS L'ensemble Choral'eison interpr\u00e9tera : FABLES EN BALLADES d' apr\u00e8s Jean de La Fontaine sur des airs de Gounod, Durufl\u00e9, Offenbach Jeudi 12 juin \u00e0\u00a0 21h 00 Th\u00e9atre Saint L\u00e9on,\u00a0 15 place du Cardinal Amette\u00a0\u00a0 75015 - PARIS","rel":"","context":"Dans &quot;Non class\u00e9&quot;","block_context":{"text":"Non class\u00e9","link":"http:\/\/www.letourismeaparis.fr\/index.php\/category\/non-classe\/"},"img":{"alt_text":"","src":"","width":0,"height":0},"classes":[]}],"jetpack_sharing_enabled":true,"jetpack_likes_enabled":true,"_links":{"self":[{"href":"http:\/\/www.letourismeaparis.fr\/index.php\/wp-json\/wp\/v2\/posts\/11780","targetHints":{"allow":["GET"]}}],"collection":[{"href":"http:\/\/www.letourismeaparis.fr\/index.php\/wp-json\/wp\/v2\/posts"}],"about":[{"href":"http:\/\/www.letourismeaparis.fr\/index.php\/wp-json\/wp\/v2\/types\/post"}],"author":[{"embeddable":true,"href":"http:\/\/www.letourismeaparis.fr\/index.php\/wp-json\/wp\/v2\/users\/2"}],"replies":[{"embeddable":true,"href":"http:\/\/www.letourismeaparis.fr\/index.php\/wp-json\/wp\/v2\/comments?post=11780"}],"version-history":[{"count":0,"href":"http:\/\/www.letourismeaparis.fr\/index.php\/wp-json\/wp\/v2\/posts\/11780\/revisions"}],"wp:attachment":[{"href":"http:\/\/www.letourismeaparis.fr\/index.php\/wp-json\/wp\/v2\/media?parent=11780"}],"wp:term":[{"taxonomy":"category","embeddable":true,"href":"http:\/\/www.letourismeaparis.fr\/index.php\/wp-json\/wp\/v2\/categories?post=11780"},{"taxonomy":"post_tag","embeddable":true,"href":"http:\/\/www.letourismeaparis.fr\/index.php\/wp-json\/wp\/v2\/tags?post=11780"}],"curies":[{"name":"wp","href":"https:\/\/api.w.org\/{rel}","templated":true}]}}