{"id":11782,"date":"2012-06-22T10:31:06","date_gmt":"2012-06-22T08:31:06","guid":{"rendered":"http:\/\/www.letourismeaparis.fr\/?p=11782"},"modified":"2012-06-22T10:31:06","modified_gmt":"2012-06-22T08:31:06","slug":"espace-beaujon-grand-bal-swing-le-23-juin-a-partir-de-20h30","status":"publish","type":"post","link":"http:\/\/www.letourismeaparis.fr\/index.php\/2012\/06\/22\/espace-beaujon-grand-bal-swing-le-23-juin-a-partir-de-20h30\/","title":{"rendered":"Espace Beaujon &#8211; Grand bal swing  le 23 juin \u00e0 partir de 20h30"},"content":{"rendered":"<p>Le 23 juin \u00e0 partir de 20h30 \u00e0 l&rsquo;Espace Beaujon (208, rue du Faubourg Saint-Honor\u00e9)<br \/>\nAvec MC Big Band et Brother Swing<br \/>\nM\u00ealer un Big Band et des passionn\u00e9s de danse swing, une grande et belle soir\u00e9e en perspective.<br \/>\nLes 20 musiciens du M.C. Big Band et les danseurs de Brotherswing animeront et enflammeront la cour de l&rsquo;h\u00f4tel Beaujon le samedi 23 juin d\u00e8s 20h30.<br \/>\nVenez \u00e9couter, regarder et danser sur les airs des ann\u00e9es folles de Duke Ellington, de Count Basie et de bien d&rsquo;autres.<\/p>\n","protected":false},"excerpt":{"rendered":"<p>Le 23 juin \u00e0 partir de 20h30 \u00e0 l&rsquo;Espace Beaujon (208, rue du Faubourg Saint-Honor\u00e9) Avec MC Big Band et Brother Swing M\u00ealer un Big Band et des passionn\u00e9s de danse swing, une grande et belle soir\u00e9e en perspective. Les&#8230;<\/p>\n","protected":false},"author":2,"featured_media":0,"comment_status":"open","ping_status":"open","sticky":false,"template":"","format":"standard","meta":{"ngg_post_thumbnail":0,"jetpack_post_was_ever_published":false,"_jetpack_newsletter_access":"","footnotes":""},"categories":[1],"tags":[],"class_list":["post-11782","post","type-post","status-publish","format-standard","hentry","category-non-classe"],"jetpack_featured_media_url":"","jetpack-related-posts":[{"id":6194,"url":"http:\/\/www.letourismeaparis.fr\/index.php\/2010\/01\/23\/dimanche-swing-au-cabaret-sauvage-a-partir-de-15-h\/","url_meta":{"origin":11782,"position":0},"title":"Dimanche Swing au cabaret sauvage !\u00e0 partir de 15 h","author":"Fabienne TM","date":"23 janvier 2010","format":false,"excerpt":"Baronne's Ballroom bal swing Un des nouveaux rendez-vous du Cabaret Sauvage, les Baronne's Ballroom, un beau dimanche en danses. Pour commencer un dimanche swing avec pour la premi\u00e8re fois \u00e0 Paris, SMOKY JOE COMBO. Plus de 500 concerts \u00e0 son actif dans un grand nombre de clubs et festivals en\u2026","rel":"","context":"Dans &quot;Non class\u00e9&quot;","block_context":{"text":"Non class\u00e9","link":"http:\/\/www.letourismeaparis.fr\/index.php\/category\/non-classe\/"},"img":{"alt_text":"","src":"","width":0,"height":0},"classes":[]},{"id":25919,"url":"http:\/\/www.letourismeaparis.fr\/index.php\/2024\/11\/20\/grand-bal-swing-gratuit-a-saint-denis\/","url_meta":{"origin":11782,"position":1},"title":"Grand Bal Swing, gratuit, \u00e0 Saint Denis","author":"Fabienne TM","date":"20 novembre 2024","format":false,"excerpt":"\u00a0Une premi\u00e8re\u00a0\u00e0 Saint Denis , Grand Bal Swing , 3 big bands amateurs .Samedi 30 novembre 2024 d\u00e8s 18h30 pour l' initiation \u00e0 la danse swing par des danseurs et chor\u00e9graphes\u00a0professionnels.\u00a0 Apr\u00e8s une initiation \u00e0 la danse Lindy Hop par les chor\u00e9graphes et danseurs professionnels reconnus Dominique Rebaud et Wu\u2026","rel":"","context":"Dans &quot;Bons Plans&quot;","block_context":{"text":"Bons Plans","link":"http:\/\/www.letourismeaparis.fr\/index.php\/category\/bon-plan\/"},"img":{"alt_text":"","src":"https:\/\/i0.wp.com\/www.letourismeaparis.fr\/wp-content\/uploads\/2024\/11\/Capture-decran-2024-11-20-a-20.21.19.png?resize=350%2C200","width":350,"height":200},"classes":[]},{"id":14316,"url":"http:\/\/www.letourismeaparis.fr\/index.php\/2013\/12\/12\/grand-bal-swing-la-mairie-du-5eme-samedi-14-decembre\/","url_meta":{"origin":11782,"position":2},"title":"&quot;Grand Bal Swing &quot;\u00e0 la mairie du 5\u00e8me samedi 14 d\u00e9cembre","author":"Fabienne TM","date":"12 d\u00e9cembre 2013","format":false,"excerpt":"le Samedi 14 d\u00e9cembre 2013 de 20h00 \u00e0 22h45. Grand Bal Swing Une soir\u00e9e unique pour danser, \u00e0 la mode des ann\u00e9es swing, au coeur du quartier latin. Pour cl\u00f4turer en beaut\u00e9 le 2\u00e8me T\u00e9l\u00e9thon du Jazz, ce Grand Bal Swing fera chavirer le coeur des parisiens et des touristes\u2026","rel":"","context":"Dans &quot;Danse&quot;","block_context":{"text":"Danse","link":"http:\/\/www.letourismeaparis.fr\/index.php\/category\/spectacle\/danse\/"},"img":{"alt_text":"","src":"","width":0,"height":0},"classes":[]},{"id":3157,"url":"http:\/\/www.letourismeaparis.fr\/index.php\/2009\/06\/11\/festival-coulee-doucedu-12-au-13-juin-sur-la-promenade-plantee\/","url_meta":{"origin":11782,"position":3},"title":"Festival &quot;Coul\u00e9e Douce&quot;du 12 au 13 juin sur la promenade plant\u00e9e du 12\u00e8me.","author":"Fabienne TM","date":"11 juin 2009","format":false,"excerpt":"Spectacle inaugural : vendredi 12 juin \u00e0 19h sur le parvis de la mairie du 12e.130, avenue Daumesnil Paris 75012 Sept compagnies investiront la Promenade Plant\u00e9e et offriront 11 repr\u00e9sentations gratuites et accessibles \u00e0 tous.Samedi 13 juin 15h00 ACOUSTEEL GANG \"ACOUSTEEL fait son int\u00e9ressant\" (30') 15h30 ZANIMOS \"Un petit bal\u2026","rel":"","context":"Dans &quot;Non class\u00e9&quot;","block_context":{"text":"Non class\u00e9","link":"http:\/\/www.letourismeaparis.fr\/index.php\/category\/non-classe\/"},"img":{"alt_text":"","src":"","width":0,"height":0},"classes":[]},{"id":17297,"url":"http:\/\/www.letourismeaparis.fr\/index.php\/2015\/11\/02\/allez-vous-amuser-et-danser-au-chalet-du-lac-boogie-woogie-swing-tango-annees-70-a-nos-jours\/","url_meta":{"origin":11782,"position":4},"title":"Allez vous amuser et danser au Chalet du lac  : boogie-woogie,  swing, tango ,ann\u00e9es 70 \u00e0 nos jours  !!!","author":"Fabienne TM","date":"2 novembre 2015","format":false,"excerpt":"Le Chalet du Lac, un ancien pavillon de chasse, est l\u2019endroit id\u00e9al pour une soir\u00e9e plac\u00e9e sous le signe de la danse et des rythmes endiabl\u00e9s ! Un tr\u00e8s bel endroit Voyagez dans le pass\u00e9 de la \u00ab Belle \u00c9poque \u00bb dans ce lieu Art Nouveau unique \u00e0 l\u2019initiative de\u2026","rel":"","context":"Dans &quot;Non class\u00e9&quot;","block_context":{"text":"Non class\u00e9","link":"http:\/\/www.letourismeaparis.fr\/index.php\/category\/non-classe\/"},"img":{"alt_text":"","src":"https:\/\/i0.wp.com\/www.letourismeaparis.fr\/wp-content\/uploads\/2015\/11\/chalet-300x2011-300x201.jpg?resize=350%2C200","width":350,"height":200},"classes":[]},{"id":8987,"url":"http:\/\/www.letourismeaparis.fr\/index.php\/2010\/11\/16\/8e-edition-du-festival-de-jazz-danois-du-17-au-21-novembre-entree-libre\/","url_meta":{"origin":11782,"position":5},"title":"8e \u00e9dition du festival de jazz danois du 17 au 21 novembre (entr\u00e9e libre)","author":"Fabienne TM","date":"16 novembre 2010","format":false,"excerpt":"Edition du Festival de Jazz danois\u200f JAZZ.DK Jazz.dk est le grand rendez-vous annuel des amateurs de jazz danois. Avec le premier festival de jazz danois \u00e0 Paris, en 2003, l\u2019id\u00e9e \u00e9tait de cr\u00e9er une plate-forme pour le jazz danois en \u00e9tablissant de v\u00e9ritables partenariats \u00e0 la fois pour les artistes\u2026","rel":"","context":"Dans &quot;Non class\u00e9&quot;","block_context":{"text":"Non class\u00e9","link":"http:\/\/www.letourismeaparis.fr\/index.php\/category\/non-classe\/"},"img":{"alt_text":"","src":"","width":0,"height":0},"classes":[]}],"jetpack_sharing_enabled":true,"jetpack_likes_enabled":true,"_links":{"self":[{"href":"http:\/\/www.letourismeaparis.fr\/index.php\/wp-json\/wp\/v2\/posts\/11782","targetHints":{"allow":["GET"]}}],"collection":[{"href":"http:\/\/www.letourismeaparis.fr\/index.php\/wp-json\/wp\/v2\/posts"}],"about":[{"href":"http:\/\/www.letourismeaparis.fr\/index.php\/wp-json\/wp\/v2\/types\/post"}],"author":[{"embeddable":true,"href":"http:\/\/www.letourismeaparis.fr\/index.php\/wp-json\/wp\/v2\/users\/2"}],"replies":[{"embeddable":true,"href":"http:\/\/www.letourismeaparis.fr\/index.php\/wp-json\/wp\/v2\/comments?post=11782"}],"version-history":[{"count":0,"href":"http:\/\/www.letourismeaparis.fr\/index.php\/wp-json\/wp\/v2\/posts\/11782\/revisions"}],"wp:attachment":[{"href":"http:\/\/www.letourismeaparis.fr\/index.php\/wp-json\/wp\/v2\/media?parent=11782"}],"wp:term":[{"taxonomy":"category","embeddable":true,"href":"http:\/\/www.letourismeaparis.fr\/index.php\/wp-json\/wp\/v2\/categories?post=11782"},{"taxonomy":"post_tag","embeddable":true,"href":"http:\/\/www.letourismeaparis.fr\/index.php\/wp-json\/wp\/v2\/tags?post=11782"}],"curies":[{"name":"wp","href":"https:\/\/api.w.org\/{rel}","templated":true}]}}