{"id":11786,"date":"2012-06-27T10:33:21","date_gmt":"2012-06-27T08:33:21","guid":{"rendered":"http:\/\/www.letourismeaparis.fr\/?p=11786"},"modified":"2012-06-27T10:33:21","modified_gmt":"2012-06-27T08:33:21","slug":"rock-en-16-vendredi-29-juin-2012-a-20h","status":"publish","type":"post","link":"http:\/\/www.letourismeaparis.fr\/index.php\/2012\/06\/27\/rock-en-16-vendredi-29-juin-2012-a-20h\/","title":{"rendered":"Rock en 16 vendredi 29 juin 2012 \u00e0 20h"},"content":{"rendered":"<p>Rock en 16<br \/>\nLe Conseil de la Jeunesse du 16\u00e8me arrondissement vous invite \u00e0 participer \u00e0 la deuxi\u00e8me \u00e9dition de \u00ab\u00a0Rock en 16\u00a0\u00bb, un concert qui permet aux jeunes artistes du 16\u00e8me arrondissement de se faire connaitre du grand public.<br \/>\nCette ann\u00e9e encore, de nouveaux groupes talentueux, Rocki&rsquo;n&rsquo;Drops, Amalgame et the Catchies se produiront sur sc\u00e8ne pour vous pr\u00e9senter leurs cr\u00e9ations personnelles, reprendre des classiques du rock et vous offrir ainsi la parfaite soir\u00e9e de fin d&rsquo;ann\u00e9e. Certains des musiciens ont l&rsquo;habitude de jouer en live; pour d&rsquo;autres, \u00ab\u00a0Rock en 16\u00a0\u00bb sera une grande premi\u00e8re. Venez donc nombreux pour les soutenir!<br \/>\nLe concert, gratuit, aura lieu le vendredi 29 juin \u00e0 20h au centre d&rsquo;animation du Point du Jour.<br \/>\nPour toute information compl\u00e9mentaire, appeler au 01 46 51 03 15.<br \/>\nVendredi 29 juin 2012 \u00e0 20h<br \/>\nCentre d&rsquo;animation Le Point du Jour<br \/>\n1 \u00e0 9 rue du G\u00e9n\u00e9ral Malleterre 75016 Paris<br \/>\nM\u00e9tro Porte d&rsquo;Auteuil<\/p>\n","protected":false},"excerpt":{"rendered":"<p>Rock en 16 Le Conseil de la Jeunesse du 16\u00e8me arrondissement vous invite \u00e0 participer \u00e0 la deuxi\u00e8me \u00e9dition de \u00ab\u00a0Rock en 16\u00a0\u00bb, un concert qui permet aux jeunes artistes du 16\u00e8me arrondissement de se faire connaitre du grand public&#8230;.<\/p>\n","protected":false},"author":2,"featured_media":0,"comment_status":"open","ping_status":"open","sticky":false,"template":"","format":"standard","meta":{"ngg_post_thumbnail":0,"jetpack_post_was_ever_published":false,"_jetpack_newsletter_access":"","footnotes":""},"categories":[1],"tags":[],"class_list":["post-11786","post","type-post","status-publish","format-standard","hentry","category-non-classe"],"jetpack_featured_media_url":"","jetpack-related-posts":[{"id":8187,"url":"http:\/\/www.letourismeaparis.fr\/index.php\/2010\/07\/22\/les-concerts-et-les-animations-de-paris-plage-du-23-au-31-juillet-a-ne-pas-manquer\/","url_meta":{"origin":11786,"position":0},"title":"Les concerts  et les animations de Paris Plage  du 23 au 31 juillet : \u00e0 ne pas manquer !","author":"Fabienne TM","date":"22 juillet 2010","format":false,"excerpt":"mardi 20 juillet Talents du XIX De 10h \u00e0 18h Pont de Sully Concerts, projections, ateliers au programme anim\u00e9s par des associations du XIXe arrondissement. Danse de Salon De 17h \u00e0 20h Pont Neuf et Quai de Seine Des cours de danse sur tous les styles de musiques. Tous les\u2026","rel":"","context":"Dans &quot;Non class\u00e9&quot;","block_context":{"text":"Non class\u00e9","link":"http:\/\/www.letourismeaparis.fr\/index.php\/category\/non-classe\/"},"img":{"alt_text":"","src":"","width":0,"height":0},"classes":[]},{"id":8214,"url":"http:\/\/www.letourismeaparis.fr\/index.php\/2010\/07\/29\/bals-croises-a-paris-plages-au-bassin-de-la-villette\/","url_meta":{"origin":11786,"position":1},"title":"Bals crois\u00e9s \u00e0 Paris Plages au Bassin de la Villette","author":"Fabienne TM","date":"29 juillet 2010","format":false,"excerpt":"Tous les jours\u00a0\u00a0 jusqu' au 20 ao\u00fbt De 17h30 \u00e0 20h et les vendredis et samedis jusqu\u2019\u00e0 22h Le vendredi 30 juillet, bal cara\u00efb\u00e9en, puis grand bal toutes danses Le samedi 31 juillet, bal danse XIXe, puis grand bal toutes danses Le dimanche 1er ao\u00fbt, bal country Le lundi 2\u2026","rel":"","context":"Dans &quot;Non class\u00e9&quot;","block_context":{"text":"Non class\u00e9","link":"http:\/\/www.letourismeaparis.fr\/index.php\/category\/non-classe\/"},"img":{"alt_text":"","src":"","width":0,"height":0},"classes":[]},{"id":8220,"url":"http:\/\/www.letourismeaparis.fr\/index.php\/2010\/07\/30\/concerts-gratuits-dans-les-jardins-de-paris-en-ete-programme-jusquau-8-aout\/","url_meta":{"origin":11786,"position":2},"title":"Concerts gratuits dans les jardins de Paris en \u00e9t\u00e9, (programme jusqu&#039;au 8 ao\u00fbt)","author":"Fabienne TM","date":"30 juillet 2010","format":false,"excerpt":"4e arrondissement ,kiosque ,Square Jean XXIII Dimanche 1er ao\u00fbt \/ 15h-18h Beaugotha \/ Chanson fran\u00e7aise, pop-rock Vendredi 6 ao\u00fbt \/ 15h30-18h30 Remy Gauche Group \/ jazz Samedi 7 ao\u00fbt \/ 15h30-18h30 Remy Gauche Group \/ jazz Dimanche 8 ao\u00fbt \/ 15h30-18h30 Remy Gauche Group \/ jazz 7e arrondissement\u00a0 Parc du\u2026","rel":"","context":"Dans &quot;Non class\u00e9&quot;","block_context":{"text":"Non class\u00e9","link":"http:\/\/www.letourismeaparis.fr\/index.php\/category\/non-classe\/"},"img":{"alt_text":"","src":"","width":0,"height":0},"classes":[]},{"id":22195,"url":"http:\/\/www.letourismeaparis.fr\/index.php\/2019\/03\/29\/paris-londres-music-migrations-au-palais-de-la-porte-doree\/","url_meta":{"origin":11786,"position":3},"title":"Paris- Londres .Music Migrations au Palais de la Porte dor\u00e9e.","author":"Fabienne TM","date":"29 mars 2019","format":false,"excerpt":"Du d\u00e9but des ann\u00e9es 1960 \u00e0 la fin des ann\u00e9es 1980, de multiples courants musicaux li\u00e9s aux flux migratoires ont transform\u00e9 Paris et Londres en capitales multiculturelles. Paris-Londres. Music Migrations propose un parcours immersif et chronologique pour traverser ces trois d\u00e9cennies d\u00e9cisives de l\u2019histoire musicale de Paris et de Londres.\u2026","rel":"","context":"Dans &quot;Non class\u00e9&quot;","block_context":{"text":"Non class\u00e9","link":"http:\/\/www.letourismeaparis.fr\/index.php\/category\/non-classe\/"},"img":{"alt_text":"","src":"https:\/\/i0.wp.com\/www.letourismeaparis.fr\/wp-content\/uploads\/2019\/03\/Capture-d%C3%A2%C2%80%C2%99e%C3%8C%C2%81cran-2019-03-11-a%C3%8C%C2%80-15.57.22.png?resize=350%2C200","width":350,"height":200},"classes":[]},{"id":11780,"url":"http:\/\/www.letourismeaparis.fr\/index.php\/2012\/06\/26\/le-29-juin-a-20h-fantaisie-offenbach\/","url_meta":{"origin":11786,"position":4},"title":"Le 29 juin \u00e0 20h \u00ab Fantaisie Offenbach \u00bb","author":"Fabienne TM","date":"26 juin 2012","format":false,"excerpt":"Le 29 juin \u00e0 20h \u00ab Fantaisie Offenbach \u00bb Dans le cadre de l\u2019\u00e9t\u00e9 solidaire, l\u2019association \u00ab Sing and Play \u00bb offre un concert sur les morceaux d\u2019Offenbach. Dans un esprit festif et d\u00e9contract\u00e9, Fran\u00e7ois Bataille, Eliane Dela et Marc Schweizer chanteront un r\u00e9pertoire l\u00e9ger et caustique qui faisait les\u2026","rel":"","context":"Dans &quot;Non class\u00e9&quot;","block_context":{"text":"Non class\u00e9","link":"http:\/\/www.letourismeaparis.fr\/index.php\/category\/non-classe\/"},"img":{"alt_text":"","src":"","width":0,"height":0},"classes":[]},{"id":13024,"url":"http:\/\/www.letourismeaparis.fr\/index.php\/2013\/03\/16\/la-saint-patrick-a-paris-des-idees-de-sorties-des-pubs-irlandaisun-bal\/","url_meta":{"origin":11786,"position":5},"title":"la &quot;Saint-Patrick&quot; \u00e0 Paris : des id\u00e9es de sorties &#8230;&#8230;, des pubs irlandais,un bal &#8230;.","author":"Fabienne TM","date":"16 mars 2013","format":false,"excerpt":"Il s'agit d'une f\u00eate chr\u00e9tienne qui c\u00e9l\u00e8bre, le 17 mars, Saint Patrick, le saint patron de l\u2019Irlande. C\u2019est la f\u00eate nationale en Irlande. Celtic Festival au Z\u00e9nith de Paris Les 16 et 17 mars 2013, f\u00eatez et dansez la Saint-Patrick au Z\u00e9nith de Paris ! \u00e0 15h et 20h30 Concert\u2026","rel":"","context":"Dans &quot;Festivals \/ Manifestations&quot;","block_context":{"text":"Festivals \/ Manifestations","link":"http:\/\/www.letourismeaparis.fr\/index.php\/category\/spectacle\/festival\/"},"img":{"alt_text":"","src":"","width":0,"height":0},"classes":[]}],"jetpack_sharing_enabled":true,"jetpack_likes_enabled":true,"_links":{"self":[{"href":"http:\/\/www.letourismeaparis.fr\/index.php\/wp-json\/wp\/v2\/posts\/11786","targetHints":{"allow":["GET"]}}],"collection":[{"href":"http:\/\/www.letourismeaparis.fr\/index.php\/wp-json\/wp\/v2\/posts"}],"about":[{"href":"http:\/\/www.letourismeaparis.fr\/index.php\/wp-json\/wp\/v2\/types\/post"}],"author":[{"embeddable":true,"href":"http:\/\/www.letourismeaparis.fr\/index.php\/wp-json\/wp\/v2\/users\/2"}],"replies":[{"embeddable":true,"href":"http:\/\/www.letourismeaparis.fr\/index.php\/wp-json\/wp\/v2\/comments?post=11786"}],"version-history":[{"count":0,"href":"http:\/\/www.letourismeaparis.fr\/index.php\/wp-json\/wp\/v2\/posts\/11786\/revisions"}],"wp:attachment":[{"href":"http:\/\/www.letourismeaparis.fr\/index.php\/wp-json\/wp\/v2\/media?parent=11786"}],"wp:term":[{"taxonomy":"category","embeddable":true,"href":"http:\/\/www.letourismeaparis.fr\/index.php\/wp-json\/wp\/v2\/categories?post=11786"},{"taxonomy":"post_tag","embeddable":true,"href":"http:\/\/www.letourismeaparis.fr\/index.php\/wp-json\/wp\/v2\/tags?post=11786"}],"curies":[{"name":"wp","href":"https:\/\/api.w.org\/{rel}","templated":true}]}}