{"id":12527,"date":"2013-02-11T14:25:55","date_gmt":"2013-02-11T13:25:55","guid":{"rendered":"http:\/\/www.letourismeaparis.fr\/?p=12527"},"modified":"2013-02-11T14:25:55","modified_gmt":"2013-02-11T13:25:55","slug":"mk2-bibliotheque-presente-lecole-des-super-heros-le-jeudi-a-18-h","status":"publish","type":"post","link":"http:\/\/www.letourismeaparis.fr\/index.php\/2013\/02\/11\/mk2-bibliotheque-presente-lecole-des-super-heros-le-jeudi-a-18-h\/","title":{"rendered":"MK2 Biblioth\u00e8que pr\u00e9sente l&#039;Ecole des Super-H\u00e9ros  le jeudi \u00e0 18 h"},"content":{"rendered":"<p>A partir des questions pos\u00e9es par les super h\u00e9ros, les s\u00e9ances, associant extraits de films et analyses de textes philosophiques, permettront aux spectateurs d\u2019acqu\u00e9rir des connaissances sp\u00e9cifiques en philosophie.<\/p>\n<p class=\"aligncenter size-medium wp-image-12528\" title=\"ecole\">Les films abord\u00e9s lors des s\u00e9ances (Spider-man, Batman, X-Men, Hulk, Les beaux gosses, Avengers, Elephant man, Solaris, Oedipe-Roi, Matrix, Minority Report) seront confront\u00e9s aux textes de grands auteurs : Rousseau, Kant, Hegel, Marx, Descartes, Leibniz, Nietzsche, Freud, Jung, Platon, Spinoza, Foucault, Deleuze, Bergson, Alain, Camus, Simone Weil, Walter Benjamin, R\u00e9gis Debray, Paul Virilio&#8230;<a href=\"http:\/\/www.letourismeaparis.fr\/wp-content\/uploads\/2013\/01\/ecole.jpg\"><img loading=\"lazy\" decoding=\"async\" class=\"aligncenter size-medium wp-image-12528\" title=\"ecole\" src=\"http:\/\/www.letourismeaparis.fr\/wp-content\/uploads\/2013\/01\/ecole-212x300.jpg\" alt=\"\" width=\"212\" height=\"300\" \/><\/a>&#8211; 14\/02 Amour et super-\u00e9ros. Platon. Spinoza. Freud. Jung.<br \/>\n&#8211; 21\/02 Une super-mort est-elle possible ? Hegel. Spinoza.<br \/>\n&#8211; 28\/02 Ultra-moderne famille ou solitude ?\u00a0\u00a0 Alain. Comte. Deleuze.<\/p>\n<p>=&gt; Vacances scolaires hiver : samedi 2 mars au lundi 18 mars 2013<!--more--><br \/>\n&#8211; 21\/03 Devenir un super-h\u00e9ros sans danger. Hegel. Spinoza. Deleuze.<br \/>\n&#8211; 28\/03 Comment travailler plus pour gagner moins ? Hegel. Marx.<br \/>\n&#8211; 04\/04 Une super-\u00e9ducation est-elle possible ? Alain. Rousseau.<br \/>\n&#8211; 11\/04 Des grands hommes et des demi-dieux. Nietzsche. Hegel.<br \/>\n&#8211; 18\/04 La promesse des catastrophes. Leibniz. Michel Serres.<br \/>\n&#8211; 25\/04 Qu\u2019est-ce qu\u2019un super-bouc-\u00e9missaire ? Ren\u00e9 Girard.<br \/>\n=&gt; Vacances scolaires printemps : samedi 27 avril au lundi 13 mai 2013<br \/>\n=&gt; Festival de Cannes : 15 au 26 mai 2013<br \/>\n&#8211; 16\/05 L\u2019origine de la violence. Rousseau. Hobbes. Hegel.<br \/>\n&#8211; 23\/05 Y a-t-il un super-flic dans l\u2019avion ?\u00a0 Foucault.<br \/>\n&#8211; 30\/05 Faut-il prot\u00e9ger la soci\u00e9t\u00e9 ? Rousseau. Hegel. Foucault.<br \/>\n&#8211; 06\/06 Un justicier masqu\u00e9 vaut-il mieux qu\u2019un criminel ? Kant. Hegel. Rousseau. Levinas.<br \/>\n&#8211; 13\/06 Pourquoi les super-h\u00e9ros sont des artistes ? Kant. Hegel. Alain<!--more--><br \/>\nTrois s\u00e9ances sp\u00e9ciales \u00abLes super-h\u00e9ros passent le BAC\u00bb s\u2019ajouteront au programme, pour une pr\u00e9paration intensive au BAC.<br \/>\nBiblioth\u00e8que128\/162 av. de France 75013 PARIS08 92 69 84 84<\/p>\n","protected":false},"excerpt":{"rendered":"<p>A partir des questions pos\u00e9es par les super h\u00e9ros, les s\u00e9ances, associant extraits de films et analyses de textes philosophiques, permettront aux spectateurs d\u2019acqu\u00e9rir des connaissances sp\u00e9cifiques en philosophie. Les films abord\u00e9s lors des s\u00e9ances (Spider-man, Batman, X-Men, Hulk, Les&#8230;<\/p>\n","protected":false},"author":2,"featured_media":0,"comment_status":"open","ping_status":"open","sticky":false,"template":"","format":"standard","meta":{"ngg_post_thumbnail":0,"jetpack_post_was_ever_published":false,"_jetpack_newsletter_access":"","footnotes":""},"categories":[29],"tags":[],"class_list":["post-12527","post","type-post","status-publish","format-standard","hentry","category-festival"],"jetpack_featured_media_url":"","jetpack-related-posts":[{"id":20911,"url":"http:\/\/www.letourismeaparis.fr\/index.php\/2018\/04\/12\/world-man-bio-un-bon-spectacle-au-theatre-des-feux-de-la-rampe\/","url_meta":{"origin":12527,"position":0},"title":"WORLD MAN BIO, un bon spectacle au Th\u00e9atre des feux de la rampe","author":"Fabienne TM","date":"12 avril 2018","format":false,"excerpt":"WORLD MAN BIO Super spectacle. Tr\u00e8s dr\u00f4le.\u00a0 \"Lorsque son entourage apprend qu\u2019il est v\u00e9g\u00e9tarien, Jay se heurte \u00e0 l\u2019indignation familiale : \u2013 C\u2019est quoi cette lubie\u2026 ? \u2013 Et les carottes, elles ont pas des sentiments peut-\u00eatre ? \u2013 T\u2019es pas v\u00e9gan au moins ?!?! \u2013 \u00c7a expliquerait pourquoi il\u2026","rel":"","context":"Dans &quot;Th\u00e9atre&quot;","block_context":{"text":"Th\u00e9atre","link":"http:\/\/www.letourismeaparis.fr\/index.php\/category\/spectacle\/theatre\/"},"img":{"alt_text":"","src":"","width":0,"height":0},"classes":[]},{"id":14775,"url":"http:\/\/www.letourismeaparis.fr\/index.php\/2014\/03\/29\/super-heros-lart-dalex-ross-du-5-mars-au-15-juin-2014-la-fondation-mona-bismarck\/","url_meta":{"origin":12527,"position":1},"title":"Super-H\u00e9ros : l\u2019Art d\u2019Alex Ross \u2013 jusqu&#039;au 15 juin 2014 \u00e0 la fondation Mona Bismarck","author":"Fabienne TM","date":"29 mars 2014","format":false,"excerpt":"Cette exposition pr\u00e9sentera pour la premi\u00e8re fois en France, une vaste s\u00e9lection de ses \u0153uvres, provenant de la collection personnelle de l\u2019artiste et mettra en lumi\u00e8re l\u2019extraordinaire diversit\u00e9 de ses projets depuis ses d\u00e9buts avec Marvel jusqu\u2019\u00e0 ses travaux les plus r\u00e9cents sur Flash Gordon et Green Hornet.Mythology: Superman, 2005\u2026","rel":"","context":"Dans &quot;Non class\u00e9&quot;","block_context":{"text":"Non class\u00e9","link":"http:\/\/www.letourismeaparis.fr\/index.php\/category\/non-classe\/"},"img":{"alt_text":"","src":"","width":0,"height":0},"classes":[]},{"id":1949,"url":"http:\/\/www.letourismeaparis.fr\/index.php\/2009\/02\/14\/saint-valentin-et-la-symbolique-des-couleurs\/","url_meta":{"origin":12527,"position":2},"title":"Saint Valentin et la symbolique des couleurs","author":"Fabienne TM","date":"14 f\u00e9vrier 2009","format":false,"excerpt":"La symbolique des couleurs Blanc : C'est le symbole de la puret\u00e9, de la consolation, de l'innocence, de la na\u00efvet\u00e9 et de la joie. Jaune : C'est le symbole du luxe, de la gloire, du succ\u00e8s. Il est \u00e9galement associ\u00e9 \u00e0 l'infid\u00e9lit\u00e9 et \u00e0 la trahison. Orange : C'est le\u2026","rel":"","context":"Dans &quot;Non class\u00e9&quot;","block_context":{"text":"Non class\u00e9","link":"http:\/\/www.letourismeaparis.fr\/index.php\/category\/non-classe\/"},"img":{"alt_text":"","src":"","width":0,"height":0},"classes":[]},{"id":13776,"url":"http:\/\/www.letourismeaparis.fr\/index.php\/2013\/07\/30\/la-mairie-du-13e-vous-propose-des-projections-gratuites-de-cinema-en-plein-air\/","url_meta":{"origin":12527,"position":3},"title":"la Mairie du 13e vous propose des projections gratuites de cin\u00e9ma en plein-air","author":"Fabienne TM","date":"30 juillet 2013","format":false,"excerpt":"\u00a0 \u00a0 \u00a0 \u00a0 \u00a0 \u00a0 \u00a0 \u00a0 \u00a0 \u00a0 \u00a0 Les Neiges du Kilimandjaro de Robert Gu\u00e9diguian France, 2011, 1h47, com\u00e9die dramatique, VF \u00a0 \u00a0 \u00a0 \u00a0 \u00a0 \u00a0 \u00a0 \u00a0 \u00a0 \u00a0 \u00a0 \u00a0 \u00a0 \u00a0 \u00a0 \u00a0 \u00a0 \u00a0 \u00a0 \u00a0 \u00a0 La CGT et la direction\u2026","rel":"","context":"Dans &quot;Bons Plans&quot;","block_context":{"text":"Bons Plans","link":"http:\/\/www.letourismeaparis.fr\/index.php\/category\/bon-plan\/"},"img":{"alt_text":"","src":"","width":0,"height":0},"classes":[]},{"id":10120,"url":"http:\/\/www.letourismeaparis.fr\/index.php\/2011\/04\/16\/une-super-soiree-au-splendid-avec-alex-lutz-vous-rirez-bien\/","url_meta":{"origin":12527,"position":4},"title":"Une super soir\u00e9e  au splendid ,avec Alex lutz : vous rirez bien !","author":"Fabienne TM","date":"16 avril 2011","format":false,"excerpt":"Super\u00a0 dr\u00f4le ! Apr\u00e8s deux saisons triomphales au Point Virgule, puis au Th\u00e9\u00e2tre du Temple, Alex Lutz est au Splendid .\u00a0 Alex Lutz observe ses contemporains et nous les livre sur sc\u00e8ne, spectaculaires et hilarants, dans un one man show subtil, percutant et terriblement dr\u00f4le ! De l\u2019odieux directeur de\u2026","rel":"","context":"Dans &quot;Non class\u00e9&quot;","block_context":{"text":"Non class\u00e9","link":"http:\/\/www.letourismeaparis.fr\/index.php\/category\/non-classe\/"},"img":{"alt_text":"","src":"","width":0,"height":0},"classes":[]},{"id":13000,"url":"http:\/\/www.letourismeaparis.fr\/index.php\/2013\/03\/25\/les-jeudis-philo-de-luc-ferry-au-theatre-des-mathurins-le-jeudi-a-12h30\/","url_meta":{"origin":12527,"position":5},"title":"Les&quot; jeudis philo&quot; de luc ferry au th\u00e9atre des mathurins le jeudi \u00e0 12h30","author":"Fabienne TM","date":"25 mars 2013","format":false,"excerpt":"les jeudis philo de luc ferry Le but de ces \u00ab le\u00e7ons \u00bb est de rendre parfaitement accessibles \u00e0 un large public dix tr\u00e8s grands moments de l\u2019histoire de la pens\u00e9e occidentale, dix clefs essentielles pour comprendre le temps pr\u00e9sent et se comprendre soi-m\u00eame. Jeudi 28 mars \u00e0 12h30 H\u00e9siode\u2026","rel":"","context":"Dans &quot;Non class\u00e9&quot;","block_context":{"text":"Non class\u00e9","link":"http:\/\/www.letourismeaparis.fr\/index.php\/category\/non-classe\/"},"img":{"alt_text":"","src":"","width":0,"height":0},"classes":[]}],"jetpack_sharing_enabled":true,"jetpack_likes_enabled":true,"_links":{"self":[{"href":"http:\/\/www.letourismeaparis.fr\/index.php\/wp-json\/wp\/v2\/posts\/12527","targetHints":{"allow":["GET"]}}],"collection":[{"href":"http:\/\/www.letourismeaparis.fr\/index.php\/wp-json\/wp\/v2\/posts"}],"about":[{"href":"http:\/\/www.letourismeaparis.fr\/index.php\/wp-json\/wp\/v2\/types\/post"}],"author":[{"embeddable":true,"href":"http:\/\/www.letourismeaparis.fr\/index.php\/wp-json\/wp\/v2\/users\/2"}],"replies":[{"embeddable":true,"href":"http:\/\/www.letourismeaparis.fr\/index.php\/wp-json\/wp\/v2\/comments?post=12527"}],"version-history":[{"count":0,"href":"http:\/\/www.letourismeaparis.fr\/index.php\/wp-json\/wp\/v2\/posts\/12527\/revisions"}],"wp:attachment":[{"href":"http:\/\/www.letourismeaparis.fr\/index.php\/wp-json\/wp\/v2\/media?parent=12527"}],"wp:term":[{"taxonomy":"category","embeddable":true,"href":"http:\/\/www.letourismeaparis.fr\/index.php\/wp-json\/wp\/v2\/categories?post=12527"},{"taxonomy":"post_tag","embeddable":true,"href":"http:\/\/www.letourismeaparis.fr\/index.php\/wp-json\/wp\/v2\/tags?post=12527"}],"curies":[{"name":"wp","href":"https:\/\/api.w.org\/{rel}","templated":true}]}}