{"id":1271,"date":"2009-01-02T11:18:09","date_gmt":"2009-01-02T10:18:09","guid":{"rendered":"http:\/\/www.letourismeaparis.fr\/?p=1271"},"modified":"2009-01-02T11:18:09","modified_gmt":"2009-01-02T10:18:09","slug":"magnifiques-bronzes-au-musee-du-louvre","status":"publish","type":"post","link":"http:\/\/www.letourismeaparis.fr\/index.php\/2009\/01\/02\/magnifiques-bronzes-au-musee-du-louvre\/","title":{"rendered":"Magnifiques bronzes au mus\u00e9e du Louvre"},"content":{"rendered":"<p><strong>jusqu&rsquo;au 19 janvier 2009<\/strong><br \/>\n\u00ab\u00a0Le bronze illustre\u00a0 les th\u00e9matiques principales de l\u2019histoire de la sculpture de notre pays :portrait, d\u00e9cor de tombeau, statuette &#8230;<!--more-->pour amateur,monument royal et public, statuaire de jardin, r\u00e9ductions\u2026\u00a0\u00bb<br \/>\nLes artistes majeurs du XVIe au XVIIIe si\u00e8cle \u2013 Primatice,Goujon, Pilon, Prieur, Le Lorrain, Anguier, Girardon,<br \/>\nPuget, Pigalle, Houdon \u2013 sont aujourd\u2019hui r\u00e9unis\u00a0\u00bb<\/p>\n<h2><span style=\"color: #008000;\"><strong><a href=\"http:\/\/www.letourismeaparis.fr\">www.letourismeaparis.fr<\/a><\/strong><\/span><\/h2>\n<p>mus\u00e9e du Louvre, rue de Rivoli Paris-75001<br \/>\n<a href=\"http:\/\/www.louvre.fr\">www.louvre.fr<\/a><\/p>\n","protected":false},"excerpt":{"rendered":"<p>jusqu&rsquo;au 19 janvier 2009 \u00ab\u00a0Le bronze illustre\u00a0 les th\u00e9matiques principales de l\u2019histoire de la sculpture de notre pays :portrait, d\u00e9cor de tombeau, statuette &#8230;<\/p>\n","protected":false},"author":2,"featured_media":0,"comment_status":"open","ping_status":"open","sticky":false,"template":"","format":"standard","meta":{"ngg_post_thumbnail":0,"jetpack_post_was_ever_published":false,"_jetpack_newsletter_access":"","footnotes":""},"categories":[1],"tags":[],"class_list":["post-1271","post","type-post","status-publish","format-standard","hentry","category-non-classe"],"jetpack_featured_media_url":"","jetpack-related-posts":[{"id":18038,"url":"http:\/\/www.letourismeaparis.fr\/index.php\/2016\/04\/02\/picasso-sculptures-au-musee-picasso\/","url_meta":{"origin":1271,"position":0},"title":"Picasso Sculptures au mus\u00e9e Picasso","author":"Fabienne TM","date":"2 avril 2016","format":false,"excerpt":"Au Mus\u00e9e national Picasso-Paris jusqu\u2019au 28 ao\u00fbt 2016 L\u2019exposition prend la suite de la r\u00e9trospective \u00ab Picasso Sculpture \u00bb pr\u00e9sent\u00e9e au Museum of Modern Art (MoMA) de New York. L\u2019exposition r\u00e9v\u00e8le au public un aspect peu \u00e9tudi\u00e9 de la sculpture de Picasso : sa dimension multiple \u00e0 travers la question\u2026","rel":"","context":"Dans &quot;Mus\u00e9es \/ Expositions&quot;","block_context":{"text":"Mus\u00e9es \/ Expositions","link":"http:\/\/www.letourismeaparis.fr\/index.php\/category\/culture\/musees-expositions\/"},"img":{"alt_text":"","src":"https:\/\/i0.wp.com\/www.letourismeaparis.fr\/wp-content\/uploads\/2016\/03\/Affiche_Sculptures_1000-202x300.jpg?resize=350%2C200","width":350,"height":200},"classes":[]},{"id":7279,"url":"http:\/\/www.letourismeaparis.fr\/index.php\/2010\/04\/23\/autres-maitres-de-linde-au-quai-branly\/","url_meta":{"origin":1271,"position":1},"title":"Autres Ma\u00eetres de l&#039;Inde, au quai Branly","author":"Fabienne TM","date":"23 avril 2010","format":false,"excerpt":"Une exposition r\u00e9alis\u00e9e dans le cadre du festival de l'Inde en France.l\u2019Inde des populations autochtones et des communaut\u00e9s \u00abfolk\u00bb, dites \u00abAdivasi\u00bb. les repr\u00e9sentations de l'Inde Adivasi * les sculptures Bhuta, Karnataka * Andaman et Nicobar, sud-est de l'Inde * pi\u00e8ces artisanales Ayyanar : sculptures en terre cuite, Tamil Nadu *\u2026","rel":"","context":"Dans &quot;Non class\u00e9&quot;","block_context":{"text":"Non class\u00e9","link":"http:\/\/www.letourismeaparis.fr\/index.php\/category\/non-classe\/"},"img":{"alt_text":"","src":"","width":0,"height":0},"classes":[]},{"id":7334,"url":"http:\/\/www.letourismeaparis.fr\/index.php\/2010\/05\/03\/autres-maitres-de-linde-au-quai-branly-2\/","url_meta":{"origin":1271,"position":2},"title":"&quot;Autres Ma\u00eetres de l&#039;Inde&quot; au quai Branly","author":"Fabienne TM","date":"3 mai 2010","format":false,"excerpt":"Une exposition\u00a0 r\u00e9alis\u00e9e dans le cadre du festival de l'Inde en France. l\u2019Inde des populations autochtones et des communaut\u00e9s \u00abfolk\u00bb, dites \u00abAdivasi\u00bb. les repr\u00e9sentations de l'Inde Adivasi :\u00a0 les sculptures Bhuta, Karnataka bas-reliefs architecturaux : les femmes artistes de Chattisgarh Andaman et Nicobar, sud-est de l'Inde pi\u00e8ces artisanales Ayyanar :\u2026","rel":"","context":"Dans &quot;Non class\u00e9&quot;","block_context":{"text":"Non class\u00e9","link":"http:\/\/www.letourismeaparis.fr\/index.php\/category\/non-classe\/"},"img":{"alt_text":"","src":"","width":0,"height":0},"classes":[]},{"id":15447,"url":"http:\/\/www.letourismeaparis.fr\/index.php\/2014\/08\/13\/lenvol-du-dragon-art-royal-du-vietnam-jusquau-15-septembre\/","url_meta":{"origin":1271,"position":3},"title":"L\u2019Envol du dragon \u2013 Art royal du Vietnam jusqu\u2019au 15 septembre","author":"Fabienne TM","date":"13 ao\u00fbt 2014","format":false,"excerpt":"\u00a0 Dans le Vietnam traditionnel, le dragon occupe une place privil\u00e9gi\u00e9e au sein du bestiaire des animaux fabuleux. Cette fascinante chim\u00e8re manifeste le caract\u00e8re dynamique de son r\u00f4le protecteur et bienfaisant par un aspect \u00e0 la fois gesticulant et anim\u00e9 dont les artistes vietnamiens ont, durant des si\u00e8cles, d\u00e9crit les\u2026","rel":"","context":"Dans &quot;Cultures du Monde&quot;","block_context":{"text":"Cultures du Monde","link":"http:\/\/www.letourismeaparis.fr\/index.php\/category\/culture\/musees-expositions\/cultures-du-monde\/"},"img":{"alt_text":"","src":"","width":0,"height":0},"classes":[]},{"id":25467,"url":"http:\/\/www.letourismeaparis.fr\/index.php\/2024\/02\/05\/des-vacances-carnavalesques-au-louvre\/","url_meta":{"origin":1271,"position":4},"title":"Des vacances carnavalesques au Louvre","author":"Fabienne TM","date":"5 f\u00e9vrier 2024","format":false,"excerpt":"Le Louvre propose pendant les vacances scolaires de F\u00e9vrier de tr\u00e8s nombreuses visites et ateliers pour les petits. L'entr\u00e9e est gratuite pour les moins de 26 ans. Ouvert tous les jours de 9h \u00e0 18h sauf le mardi. Nocturen le vendredi jusqu'\u00e0 21h45 Cr\u00e9dits :\u00a0Statuette de Pazuzu\u00a0\u00a9\u00a02007 Mus\u00e9e du Louvre\u2026","rel":"","context":"Dans &quot;Cultures du Monde&quot;","block_context":{"text":"Cultures du Monde","link":"http:\/\/www.letourismeaparis.fr\/index.php\/category\/culture\/musees-expositions\/cultures-du-monde\/"},"img":{"alt_text":"","src":"https:\/\/i0.wp.com\/www.letourismeaparis.fr\/wp-content\/uploads\/2024\/02\/Capture-decran-2024-02-05-a-13.12.49.png?resize=350%2C200","width":350,"height":200},"classes":[]},{"id":23742,"url":"http:\/\/www.letourismeaparis.fr\/index.php\/2019\/10\/24\/salon-international-du-patrimoine-culturel-2019\/","url_meta":{"origin":1271,"position":5},"title":"Salon International du Patrimoine Culturel 2019","author":"Fabienne TM","date":"24 octobre 2019","format":false,"excerpt":"Le Salon International du Patrimoine Culturel est un salon de prestige pour toutes les personnes impliqu\u00e9es dans le th\u00e8me principal du Patrimoine. des stands particuli\u00e8rement int\u00e9ressants l'atelier des m\u00e9taux Alain Babule (artisan d'art sur porcelaine de Limoges) JL Roelly joaillerie Ateliers Elise et Berthaux: lapidaires Elodie Famel : laque D\u00c9MONSTRATIONS\u2026","rel":"","context":"Dans &quot;Non class\u00e9&quot;","block_context":{"text":"Non class\u00e9","link":"http:\/\/www.letourismeaparis.fr\/index.php\/category\/non-classe\/"},"img":{"alt_text":"","src":"","width":0,"height":0},"classes":[]}],"jetpack_sharing_enabled":true,"jetpack_likes_enabled":true,"_links":{"self":[{"href":"http:\/\/www.letourismeaparis.fr\/index.php\/wp-json\/wp\/v2\/posts\/1271","targetHints":{"allow":["GET"]}}],"collection":[{"href":"http:\/\/www.letourismeaparis.fr\/index.php\/wp-json\/wp\/v2\/posts"}],"about":[{"href":"http:\/\/www.letourismeaparis.fr\/index.php\/wp-json\/wp\/v2\/types\/post"}],"author":[{"embeddable":true,"href":"http:\/\/www.letourismeaparis.fr\/index.php\/wp-json\/wp\/v2\/users\/2"}],"replies":[{"embeddable":true,"href":"http:\/\/www.letourismeaparis.fr\/index.php\/wp-json\/wp\/v2\/comments?post=1271"}],"version-history":[{"count":0,"href":"http:\/\/www.letourismeaparis.fr\/index.php\/wp-json\/wp\/v2\/posts\/1271\/revisions"}],"wp:attachment":[{"href":"http:\/\/www.letourismeaparis.fr\/index.php\/wp-json\/wp\/v2\/media?parent=1271"}],"wp:term":[{"taxonomy":"category","embeddable":true,"href":"http:\/\/www.letourismeaparis.fr\/index.php\/wp-json\/wp\/v2\/categories?post=1271"},{"taxonomy":"post_tag","embeddable":true,"href":"http:\/\/www.letourismeaparis.fr\/index.php\/wp-json\/wp\/v2\/tags?post=1271"}],"curies":[{"name":"wp","href":"https:\/\/api.w.org\/{rel}","templated":true}]}}