{"id":12812,"date":"2013-02-10T21:49:36","date_gmt":"2013-02-10T20:49:36","guid":{"rendered":"http:\/\/www.letourismeaparis.fr\/?p=12812"},"modified":"2013-02-10T21:49:36","modified_gmt":"2013-02-10T20:49:36","slug":"concert-acousmatique-motus-mardi-12-fevrier-a-20h-a-la-mairie-du-2eme-entree-libre-et-gratuite","status":"publish","type":"post","link":"http:\/\/www.letourismeaparis.fr\/index.php\/2013\/02\/10\/concert-acousmatique-motus-mardi-12-fevrier-a-20h-a-la-mairie-du-2eme-entree-libre-et-gratuite\/","title":{"rendered":"Concert acousmatique : Motus ,mardi 12 f\u00e9vrier \u00e0 20h  \u00e0 la mairie du 2\u00e8me &#8211;  Entr\u00e9e libre et gratuite"},"content":{"rendered":"<p>Dans le cadre du cycle de musiques contemporaines :\u00a0 Musiques acousmatiques avec :\u00a0\u00a0 Pierre Barradel \u00ab Anamn\u00e8se \u00bb ,\u00a0 Christine Groult \u00ab L\u2019heure alors s\u2019incline \u00bb\u00a0 Luc Ferrari \u00ab Archives G\u00e9n\u00e9tiquement Modifi\u00e9es \u00bb<br \/>\n&#8211;\u00a0\u00a0 Interpr\u00e8te Guillaume Contr\u00e9 sur l\u2019acousmonium Motus.<!--more--><br \/>\nA travers ces trois compositeurs, ce concert proposera trois approches d\u2019une \u00e9criture musicale o\u00f9 c\u2019est avant tout le son qui prime, plastique et vivant, riche, surprenant. .<br \/>\nEntr\u00e9e libre et gratuite<br \/>\n8, rue de la banque Paris 75002<\/p>\n","protected":false},"excerpt":{"rendered":"<p>Dans le cadre du cycle de musiques contemporaines :\u00a0 Musiques acousmatiques avec :\u00a0\u00a0 Pierre Barradel \u00ab Anamn\u00e8se \u00bb ,\u00a0 Christine Groult \u00ab L\u2019heure alors s\u2019incline \u00bb\u00a0 Luc Ferrari \u00ab Archives G\u00e9n\u00e9tiquement Modifi\u00e9es \u00bb &#8211;\u00a0\u00a0 Interpr\u00e8te Guillaume Contr\u00e9 sur l\u2019acousmonium Motus.<\/p>\n","protected":false},"author":2,"featured_media":0,"comment_status":"open","ping_status":"open","sticky":false,"template":"","format":"standard","meta":{"ngg_post_thumbnail":0,"jetpack_post_was_ever_published":false,"_jetpack_newsletter_access":"","footnotes":""},"categories":[1],"tags":[],"class_list":["post-12812","post","type-post","status-publish","format-standard","hentry","category-non-classe"],"jetpack_featured_media_url":"","jetpack-related-posts":[{"id":15324,"url":"http:\/\/www.letourismeaparis.fr\/index.php\/2014\/06\/08\/concert-motus-de-musique-contemporaine-mardi-10-juin\/","url_meta":{"origin":12812,"position":0},"title":"Concert Motus, de musique contemporaine mardi 10 juin","author":"Fabienne TM","date":"8 juin 2014","format":false,"excerpt":"Concert Motus Dans le cadre du cycle de musiques contemporaines, Jacques Boutault, maire du 2e arrondissement et Motus, vous invitent \u00e0 un concert entre image et son le mardi 10 juin \u00e0 20h en Mairie.\u00a0 Il s\u2019agit, sous quatre angles diff\u00e9rents comme autant d\u2019approches in\u00e9dites, du r\u00e9el \u00e0 la fiction,\u2026","rel":"","context":"Dans &quot;Musique&quot;","block_context":{"text":"Musique","link":"http:\/\/www.letourismeaparis.fr\/index.php\/category\/culture\/concerts-musique\/musique\/"},"img":{"alt_text":"","src":"","width":0,"height":0},"classes":[]},{"id":4565,"url":"http:\/\/www.letourismeaparis.fr\/index.php\/2009\/10\/20\/concert-a-la-mairie-du-2-eme-entree-libre-le-21-octobre\/","url_meta":{"origin":12812,"position":1},"title":"Concert de musiques mixtes (entr\u00e9e libre) le 21 octobre","author":"Fabienne TM","date":"20 octobre 2009","format":false,"excerpt":"Le 21 octobre 2009, \u00e0 19h30, vous \u00eates convi\u00e9 \u00e0 un concert\u00a0 de musiques mixtes associant instruments acoustiques (saxophone, percussions et piano) aux sons fix\u00e9s spatialis\u00e9s sur acousmonium. Une exp\u00e9rience acoustique totale o\u00f9 instrumentalistes et environnement audionum\u00e9rique se m\u00ealent dans des univers sonores largement d\u00e9ploy\u00e9s, gr\u00e2ce \u00e0 une ma\u00eetrise de\u2026","rel":"","context":"Dans &quot;Non class\u00e9&quot;","block_context":{"text":"Non class\u00e9","link":"http:\/\/www.letourismeaparis.fr\/index.php\/category\/non-classe\/"},"img":{"alt_text":"","src":"","width":0,"height":0},"classes":[]},{"id":11358,"url":"http:\/\/www.letourismeaparis.fr\/index.php\/2011\/12\/19\/l-orchestre-de-paris-sous-la-direction-de-pierre-boulez-un-concert-sous-la-pyramide-et-des-activites-musicales-a-lauditorium-pendant-lannee\/","url_meta":{"origin":12812,"position":2},"title":"l&#039; Orchestre de Paris sous la direction de Pierre Boulez : un concert sous la pyramide  mardi 20 d\u00e9cembre et des activit\u00e9s musicales \u00e0 l&#039;auditorium pendant l&#039;ann\u00e9e","author":"Fabienne TM","date":"19 d\u00e9cembre 2011","format":false,"excerpt":"Mardi 20 d\u00e9cembre 2011 \u00e0 20h00 : Pierre Boulez, revient pour le premier rendez-vous d'une s\u00e9rie de trois concerts. Schoenberg, Bart\u00f3k Organis\u00e9 en collaboration avec l'Orchestre de Paris Schoenberg La Nuit transfigur\u00e9e Bart\u00f3k Concerto pour orchestre Dans la limite des places disponibles, en coproduction avec l'orchestre de Paris Pyramide du\u2026","rel":"","context":"Dans &quot;Non class\u00e9&quot;","block_context":{"text":"Non class\u00e9","link":"http:\/\/www.letourismeaparis.fr\/index.php\/category\/non-classe\/"},"img":{"alt_text":"","src":"","width":0,"height":0},"classes":[]},{"id":19009,"url":"http:\/\/www.letourismeaparis.fr\/index.php\/2016\/12\/02\/concert-de-la-sainte-lucie-notre-dame-de-paris-le-6-decembre-2016-a-20h30\/","url_meta":{"origin":12812,"position":3},"title":"Concert de la Sainte Lucie, Notre Dame de Paris le 6 d\u00e9cembre 2016 \u00e0 20h30","author":"Fabienne TM","date":"2 d\u00e9cembre 2016","format":false,"excerpt":"La Sainte Lucie est l\u2019une des c\u00e9l\u00e9brations majeures de la culture su\u00e9doise, \u00e9troitement li\u00e9e aux conditions de vie de la soci\u00e9t\u00e9 nordique \u2013 t\u00e9n\u00e8bres et lumi\u00e8re, froid et chaleur.\u00a0copyright E.Pomstierna C\u00e9l\u00e9br\u00e9e par la soci\u00e9t\u00e9 paysanne su\u00e9doise \u00e0 partir du XVIIIe si\u00e8cle, Sainte Lucie est devenue une coutume populaire au d\u00e9but\u2026","rel":"","context":"Dans &quot;Cultures du Monde&quot;","block_context":{"text":"Cultures du Monde","link":"http:\/\/www.letourismeaparis.fr\/index.php\/category\/culture\/musees-expositions\/cultures-du-monde\/"},"img":{"alt_text":"","src":"","width":0,"height":0},"classes":[]},{"id":514,"url":"http:\/\/www.letourismeaparis.fr\/index.php\/2008\/11\/29\/la-mediatheque-de-la-cite-de-la-musique-a-decouvrir\/","url_meta":{"origin":12812,"position":4},"title":"La m\u00e9diath\u00e8que de la cit\u00e9 de la musique \u00e0 d\u00e9couvrir","author":"Fabienne TM","date":"29 novembre 2008","format":false,"excerpt":"La collection des enregistrements r\u00e9alis\u00e9s dans les salles de la Cit\u00e9 de la musique compte 800 concerts audio et 150 concerts vid\u00e9o. Sont consultables en ligne sur le portail 300 concerts audio\u00a0\u00a0 et 100 concerts vid\u00e9o. Dans le catalogue, le public peut rechercher des musiques de toute \u00e9poque et de\u2026","rel":"","context":"Dans &quot;Non class\u00e9&quot;","block_context":{"text":"Non class\u00e9","link":"http:\/\/www.letourismeaparis.fr\/index.php\/category\/non-classe\/"},"img":{"alt_text":"","src":"","width":0,"height":0},"classes":[]},{"id":15393,"url":"http:\/\/www.letourismeaparis.fr\/index.php\/2014\/07\/21\/festival-europeen-des-jeunes-talents-du-6-au-26-juillet-paris\/","url_meta":{"origin":12812,"position":5},"title":"Festival europ\u00e9en des jeunes talents  les 22, 23, 24, 25, et 26 juillet \u00e0 Paris","author":"Fabienne TM","date":"21 juillet 2014","format":false,"excerpt":"mardi\u00a022\u00a0JUILLET \u00e0\u00a020:00 : Trio Kar\u00e9nine Archives nationales\u00a060 rue des Francs Bourgeois\u00a075003 Parisou emprunts Trio Kar\u00e9nine Les trois oeuvres de ce programme s\u2019inspirent chacune \u00e0 leur mani\u00e8re d\u2019une source musicale ant\u00e9rieure\u2026 Tout d\u2019abord, nous pourrons entendre une citation du\u00a0Lied op. 39 n\u00b02\u00a0(Dein\u00a0Bildnis wunderselig)\u00a0de Schumann\u00a0sur un po\u00e8me d\u2019Eichendorff dans le\u00a0Trio n\u00b02 en\u2026","rel":"","context":"Dans &quot;Musique&quot;","block_context":{"text":"Musique","link":"http:\/\/www.letourismeaparis.fr\/index.php\/category\/culture\/concerts-musique\/musique\/"},"img":{"alt_text":"","src":"","width":0,"height":0},"classes":[]}],"jetpack_sharing_enabled":true,"jetpack_likes_enabled":true,"_links":{"self":[{"href":"http:\/\/www.letourismeaparis.fr\/index.php\/wp-json\/wp\/v2\/posts\/12812","targetHints":{"allow":["GET"]}}],"collection":[{"href":"http:\/\/www.letourismeaparis.fr\/index.php\/wp-json\/wp\/v2\/posts"}],"about":[{"href":"http:\/\/www.letourismeaparis.fr\/index.php\/wp-json\/wp\/v2\/types\/post"}],"author":[{"embeddable":true,"href":"http:\/\/www.letourismeaparis.fr\/index.php\/wp-json\/wp\/v2\/users\/2"}],"replies":[{"embeddable":true,"href":"http:\/\/www.letourismeaparis.fr\/index.php\/wp-json\/wp\/v2\/comments?post=12812"}],"version-history":[{"count":0,"href":"http:\/\/www.letourismeaparis.fr\/index.php\/wp-json\/wp\/v2\/posts\/12812\/revisions"}],"wp:attachment":[{"href":"http:\/\/www.letourismeaparis.fr\/index.php\/wp-json\/wp\/v2\/media?parent=12812"}],"wp:term":[{"taxonomy":"category","embeddable":true,"href":"http:\/\/www.letourismeaparis.fr\/index.php\/wp-json\/wp\/v2\/categories?post=12812"},{"taxonomy":"post_tag","embeddable":true,"href":"http:\/\/www.letourismeaparis.fr\/index.php\/wp-json\/wp\/v2\/tags?post=12812"}],"curies":[{"name":"wp","href":"https:\/\/api.w.org\/{rel}","templated":true}]}}