{"id":12815,"date":"2013-02-10T21:52:58","date_gmt":"2013-02-10T20:52:58","guid":{"rendered":"http:\/\/www.letourismeaparis.fr\/?p=12815"},"modified":"2013-02-10T21:52:58","modified_gmt":"2013-02-10T20:52:58","slug":"nouvel-an-chinois-mardi-12-fevrier-de-14h-a-17h-a-la-mairie-du-6-eme-avec-la-maison-du-the","status":"publish","type":"post","link":"http:\/\/www.letourismeaparis.fr\/index.php\/2013\/02\/10\/nouvel-an-chinois-mardi-12-fevrier-de-14h-a-17h-a-la-mairie-du-6-eme-avec-la-maison-du-the\/","title":{"rendered":"Nouvel An Chinois     Mardi 12 F\u00e9vrier de 14h \u00e0 17h \u00e0 la mairie du 6 \u00e8me avec la&quot; maison du th\u00e9&quot;"},"content":{"rendered":"<p>Nouvel An Chinois<br \/>\nMARDI 12 FEVRIER DE 14H A 17H<br \/>\nLa Maison de la Chine et la Mairie du 6e vous re\u00e7oivent dans une maison de th\u00e9, pour f\u00eater le Nouvel an chinois et l\u2019ann\u00e9e du Serpent. Vous y d\u00e9gusterez de d\u00e9licieux th\u00e9s et des sucreries que l\u2019on offre traditionnellement au Nouvel An en Chine. Venez avec vos amis !<!--more--><br \/>\nMairie du 6e &#8211; Salon Fran\u00e7ois Collet<br \/>\nEntr\u00e9e libre<\/p>\n","protected":false},"excerpt":{"rendered":"<p>Nouvel An Chinois MARDI 12 FEVRIER DE 14H A 17H La Maison de la Chine et la Mairie du 6e vous re\u00e7oivent dans une maison de th\u00e9, pour f\u00eater le Nouvel an chinois et l\u2019ann\u00e9e du Serpent. Vous y d\u00e9gusterez&#8230;<\/p>\n","protected":false},"author":2,"featured_media":0,"comment_status":"open","ping_status":"open","sticky":false,"template":"","format":"standard","meta":{"ngg_post_thumbnail":0,"jetpack_post_was_ever_published":false,"_jetpack_newsletter_access":"","footnotes":""},"categories":[1],"tags":[],"class_list":["post-12815","post","type-post","status-publish","format-standard","hentry","category-non-classe"],"jetpack_featured_media_url":"","jetpack-related-posts":[{"id":6146,"url":"http:\/\/www.letourismeaparis.fr\/index.php\/2010\/02\/12\/nouvel-an-chinois-2010-et-fete-du-tet-14-fevrier\/","url_meta":{"origin":12815,"position":0},"title":"Nouvel an chinois 2010 et F\u00eate du T\u00eat : 14 f\u00e9vrier ! 3\u00e8me  ,13 \u00e8me, 15 f\u00e9vrier dans le 11\u00e8me","author":"Fabienne TM","date":"12 f\u00e9vrier 2010","format":false,"excerpt":"Paris propose des festivit\u00e9s lors du Nouvel an chinois ou f\u00eate du Printemps 2010, qui correspond \u00e9galement au Nouvel An Vietnamien (f\u00eate du t\u00eat). Le Nouvel an Chinois tombe cette ann\u00e9e le 14 f\u00e9vrier, jour de la Saint-Valentin et le Buffle laissera place au signe\u00a0\u00a0\u00a0 zodiacal du Tigre de M\u00e9tal.\u2026","rel":"","context":"Dans &quot;Non class\u00e9&quot;","block_context":{"text":"Non class\u00e9","link":"http:\/\/www.letourismeaparis.fr\/index.php\/category\/non-classe\/"},"img":{"alt_text":"","src":"","width":0,"height":0},"classes":[]},{"id":12797,"url":"http:\/\/www.letourismeaparis.fr\/index.php\/2013\/02\/08\/le-nouvel-an-chinois-defile-dimanche-10-fevrier-et-festivites-du-11-au-16-fevrier\/","url_meta":{"origin":12815,"position":1},"title":"Le nouvel an chinois  festivit\u00e9s du 11 au 16 f\u00e9vrier","author":"Fabienne TM","date":"8 f\u00e9vrier 2013","format":false,"excerpt":"L\u2019ANN\u00c9E DU SERPENT D\u2019EAU ,symbole de prosp\u00e9rit\u00e9. Du 11 au 16 f\u00e9vrier Exposition du peintre p\u00e9kinois, Lu Tianning, dont les oeuvres r\u00e9alis\u00e9es \u00e0 l\u2019encre de Chine sont toutes des cr\u00e9ations originales de tr\u00e8s grandes tailles. Mairie du 3e (p\u00e9ristyle) Mardi 12 f\u00e9vrier \u00e0 14h30 D\u00e9monstration et atelier de Yi Jin\u2026","rel":"","context":"Dans &quot;Non class\u00e9&quot;","block_context":{"text":"Non class\u00e9","link":"http:\/\/www.letourismeaparis.fr\/index.php\/category\/non-classe\/"},"img":{"alt_text":"","src":"","width":0,"height":0},"classes":[]},{"id":12572,"url":"http:\/\/www.letourismeaparis.fr\/index.php\/2013\/02\/05\/nouvel-an-chinois-2013-du-11-fevrier-2013-au-16-fevrier-2013-a-paris-75003\/","url_meta":{"origin":12815,"position":2},"title":"Nouvel an Chinois 2013 Du 11 f\u00e9vrier 2013 au 16 f\u00e9vrier 2013 \u00e0 Paris 75003","author":"Fabienne TM","date":"5 f\u00e9vrier 2013","format":false,"excerpt":"Pour la 13e ann\u00e9e cons\u00e9cutive, le 3e accueille une semaine festive et culturelle pour la nouvelle ann\u00e9e chinoise, sous le signe du serpent d'eau, symbole de prosp\u00e9rit\u00e9. Du lundi 11 au samedi 16 f\u00e9vrier, l'Asie est \u00e0 l'honneur. Du 11 au 16 f\u00e9vrier Exposition du peintre p\u00e9kinois, Lu Tianning, dont\u2026","rel":"","context":"Dans &quot;Non class\u00e9&quot;","block_context":{"text":"Non class\u00e9","link":"http:\/\/www.letourismeaparis.fr\/index.php\/category\/non-classe\/"},"img":{"alt_text":"","src":"","width":0,"height":0},"classes":[]},{"id":12774,"url":"http:\/\/www.letourismeaparis.fr\/index.php\/2013\/02\/15\/nouvel-an-chinois-dans-le-6eme\/","url_meta":{"origin":12815,"position":3},"title":"Nouvel an chinois dans le 3\u00e8me samedi 16 f\u00e9vrier  et le13 \u00e8me dimanche 17 f\u00e9vrier","author":"Fabienne TM","date":"15 f\u00e9vrier 2013","format":false,"excerpt":"Samedi 16 f\u00e9vrier 2013 \u00e0 14h Concert gratuit de musique traditionnelle chinoise Venez assister au concert de musique traditionnelle par de jeunes musiciens chinois et rencontrer ces artistes renomm\u00e9s en Chine.\u00a0 RDV \u00e0 la salle des f\u00eates de la mairie 3\u00e8me. Mairie du 3\u00e8me 2 rue Eug\u00e8ne-Spuller 75003 Paris M\u00b0\u2026","rel":"","context":"Dans &quot;Non class\u00e9&quot;","block_context":{"text":"Non class\u00e9","link":"http:\/\/www.letourismeaparis.fr\/index.php\/category\/non-classe\/"},"img":{"alt_text":"","src":"","width":0,"height":0},"classes":[]},{"id":19369,"url":"http:\/\/www.letourismeaparis.fr\/index.php\/2017\/01\/27\/le-nouvel-an-chinois-a-paris-dans-le-3-eme\/","url_meta":{"origin":12815,"position":4},"title":"Le nouvel an chinois \u00e0 Paris dans le 3 \u00e8me","author":"Fabienne TM","date":"27 janvier 2017","format":false,"excerpt":"La Mairie du 3e arrondissement de Paris organise en cette ann\u00e9e 2017 des festivit\u00e9s pour c\u00e9l\u00e9brer la nouvelle ann\u00e9e chinoise du Coq de Feu. La parade tant attendue se d\u00e9roulera donc dans les rues de la capitale le samedi 28 janvier. Dragons, lions, danseurs, chars et costumes seront de la\u2026","rel":"","context":"Dans &quot;Cultures du Monde&quot;","block_context":{"text":"Cultures du Monde","link":"http:\/\/www.letourismeaparis.fr\/index.php\/category\/culture\/musees-expositions\/cultures-du-monde\/"},"img":{"alt_text":"","src":"","width":0,"height":0},"classes":[]},{"id":20800,"url":"http:\/\/www.letourismeaparis.fr\/index.php\/2018\/02\/16\/le-nouvel-chinois-paris\/","url_meta":{"origin":12815,"position":5},"title":"Le nouvel an chinois \u00e0 Paris","author":"Fabienne TM","date":"16 f\u00e9vrier 2018","format":false,"excerpt":"Pour marquer le passage du nouvel an chinois, du 9 au 23 f\u00e9vrier, deux gigantesques portes lumineuses prennent place en hommage \u00e0 la Chine, rue du Faubourg Saint-Honor\u00e9 et rue Royale. D\u00e9fil\u00e9 vendredi 16 f\u00e9vrier Le 16 f\u00e9vrier 2018\u00a0 \u00a0De 14h30 \u00e0 16h30\u00a0 www.comitedufaubourgsainthonore.com \u00a0 et ce week end de\u2026","rel":"","context":"Dans &quot;Cultures du Monde&quot;","block_context":{"text":"Cultures du Monde","link":"http:\/\/www.letourismeaparis.fr\/index.php\/category\/culture\/musees-expositions\/cultures-du-monde\/"},"img":{"alt_text":"","src":"","width":0,"height":0},"classes":[]}],"jetpack_sharing_enabled":true,"jetpack_likes_enabled":true,"_links":{"self":[{"href":"http:\/\/www.letourismeaparis.fr\/index.php\/wp-json\/wp\/v2\/posts\/12815","targetHints":{"allow":["GET"]}}],"collection":[{"href":"http:\/\/www.letourismeaparis.fr\/index.php\/wp-json\/wp\/v2\/posts"}],"about":[{"href":"http:\/\/www.letourismeaparis.fr\/index.php\/wp-json\/wp\/v2\/types\/post"}],"author":[{"embeddable":true,"href":"http:\/\/www.letourismeaparis.fr\/index.php\/wp-json\/wp\/v2\/users\/2"}],"replies":[{"embeddable":true,"href":"http:\/\/www.letourismeaparis.fr\/index.php\/wp-json\/wp\/v2\/comments?post=12815"}],"version-history":[{"count":0,"href":"http:\/\/www.letourismeaparis.fr\/index.php\/wp-json\/wp\/v2\/posts\/12815\/revisions"}],"wp:attachment":[{"href":"http:\/\/www.letourismeaparis.fr\/index.php\/wp-json\/wp\/v2\/media?parent=12815"}],"wp:term":[{"taxonomy":"category","embeddable":true,"href":"http:\/\/www.letourismeaparis.fr\/index.php\/wp-json\/wp\/v2\/categories?post=12815"},{"taxonomy":"post_tag","embeddable":true,"href":"http:\/\/www.letourismeaparis.fr\/index.php\/wp-json\/wp\/v2\/tags?post=12815"}],"curies":[{"name":"wp","href":"https:\/\/api.w.org\/{rel}","templated":true}]}}