{"id":1297,"date":"2009-01-03T20:28:09","date_gmt":"2009-01-03T19:28:09","guid":{"rendered":"http:\/\/www.letourismeaparis.fr\/?p=1297"},"modified":"2009-01-03T20:28:09","modified_gmt":"2009-01-03T19:28:09","slug":"salsa-a-palaiseau-samedi-10-janvier","status":"publish","type":"post","link":"http:\/\/www.letourismeaparis.fr\/index.php\/2009\/01\/03\/salsa-a-palaiseau-samedi-10-janvier\/","title":{"rendered":"Salsa \u00e0 Palaiseau  samedi 10 janvier"},"content":{"rendered":"<p>Ne manquez pas le samedi 10 janvier le festival de Salsa\u00a0 pour s&rsquo;initier ou se perfectionner &#8230;<!--more--><br \/>\n18h cours,puis concert, puis soir\u00e9e&#8230;<br \/>\nPlace Salvador Allende\u00a0\u00a0\u00a0 Palaiseau<br \/>\nIl faut s&rsquo;inscrire de pr\u00e9f\u00e9rence \u00e0 l&rsquo;avance<br \/>\n<a href=\"http:\/\/www.palaiseausalsa.com\">www.palaiseausalsa.com<\/a><br \/>\n<a href=\"http:\/\/www.letourismeaparis.fr\">http:\/\/www.letourismeaparis.fr<\/a><\/p>\n","protected":false},"excerpt":{"rendered":"<p>Ne manquez pas le samedi 10 janvier le festival de Salsa\u00a0 pour s&rsquo;initier ou se perfectionner &#8230;<\/p>\n","protected":false},"author":2,"featured_media":0,"comment_status":"open","ping_status":"open","sticky":false,"template":"","format":"standard","meta":{"ngg_post_thumbnail":0,"jetpack_post_was_ever_published":false,"_jetpack_newsletter_access":"","footnotes":""},"categories":[1],"tags":[],"class_list":["post-1297","post","type-post","status-publish","format-standard","hentry","category-non-classe"],"jetpack_featured_media_url":"","jetpack-related-posts":[{"id":1379,"url":"http:\/\/www.letourismeaparis.fr\/index.php\/2009\/01\/10\/salsa-et-compagnie-le-10-janvierpalaiseau-et-le-11-janvierparis\/","url_meta":{"origin":1297,"position":0},"title":"Salsa et compagnie le 10 janvier(Palaiseau) et le 11 janvier(Paris) &#8230;.","author":"Fabienne TM","date":"10 janvier 2009","format":false,"excerpt":"Ne manquez pas le samedi 10 janvier le festival de Salsa\u00a0 pour vous initier ou vous\u00a0 perfectionner ... cours,puis concert, puis soir\u00e9e... Place Salvador Allende\u00a0\u00a0\u00a0 Palaiseau Il faut s'inscrire de pr\u00e9f\u00e9rence \u00e0 l'avance www.palaiseausalsa.com http:\/\/www.letourismeaparis.fr Les Bals SALSA du SATELLIT Caf\u00e9 le 11 janvier 2009 de 18h \u00e0 minuit Cours\u2026","rel":"","context":"Dans &quot;Non class\u00e9&quot;","block_context":{"text":"Non class\u00e9","link":"http:\/\/www.letourismeaparis.fr\/index.php\/category\/non-classe\/"},"img":{"alt_text":"","src":"","width":0,"height":0},"classes":[]},{"id":7215,"url":"http:\/\/www.letourismeaparis.fr\/index.php\/2010\/03\/26\/stage-de-salsa-et-danse-chilienne-a-puteauxsamedi-27-mars-de-14h-a-17-h\/","url_meta":{"origin":1297,"position":1},"title":"Stage de salsa et danse chilienne \u00e0 Puteaux,samedi 27 mars de 14h \u00e0 17 h","author":"Fabienne TM","date":"26 mars 2010","format":false,"excerpt":"Si vous appr\u00e9ciez les rythmes sud-am\u00e9ricains, apprenez \u00e0 danser la salsa et la bachata, danse chilienne, le samedi 27 mars de 14h \u00e0 17h avec F\u00e9lip\u00e9 Cortes. Ce professeur put\u00e9olien vous permettra de vous initier \u00e0 ces danses ou de perfectionner vos talents au cours de cet apr\u00e8s-midi de stage\u2026","rel":"","context":"Dans &quot;Non class\u00e9&quot;","block_context":{"text":"Non class\u00e9","link":"http:\/\/www.letourismeaparis.fr\/index.php\/category\/non-classe\/"},"img":{"alt_text":"","src":"","width":0,"height":0},"classes":[]},{"id":20255,"url":"http:\/\/www.letourismeaparis.fr\/index.php\/2017\/09\/26\/ay-colombia-du-vendredi-27-au-dimanche-29-octobre\/","url_meta":{"origin":1297,"position":2},"title":"AY \u00a1 COLOMBIA !  DU VENDREDI 27 AU DIMANCHE 29 OCTOBRE","author":"Fabienne TM","date":"26 septembre 2017","format":false,"excerpt":"\u00a0 Coup de projecteur sur la Colombie, sa culture, son nouveau souffle et ses innovations, avec des ateliers plastiques, v\u00e9g\u00e9taux, musicaux et culinaires, une soir\u00e9e courts m\u00e9trages de la nouvelle vague colombienne, des cours de danse, un concert et un grand bal salsa. Les fl\u00e2neurs pourront aussi faire leur march\u00e9\u2026","rel":"","context":"Dans &quot;Non class\u00e9&quot;","block_context":{"text":"Non class\u00e9","link":"http:\/\/www.letourismeaparis.fr\/index.php\/category\/non-classe\/"},"img":{"alt_text":"","src":"","width":0,"height":0},"classes":[]},{"id":20309,"url":"http:\/\/www.letourismeaparis.fr\/index.php\/2017\/10\/24\/ay-colombia-du-vendredi-27-au-dimanche-29-octobre-2\/","url_meta":{"origin":1297,"position":3},"title":"AY \u00a1 COLOMBIA !  DU VENDREDI 27 AU DIMANCHE 29 OCTOBRE","author":"Fabienne TM","date":"24 octobre 2017","format":false,"excerpt":"\u00a0 ENTR\u00c9E LIBRE Coup de projecteur sur la Colombie, sa culture, son nouveau souffle et ses innovations, avec des ateliers plastiques, v\u00e9g\u00e9taux, musicaux et culinaires, une soir\u00e9e courts m\u00e9trages de la nouvelle vague colombienne, des cours de danse, un concert et un grand bal salsa. Les fl\u00e2neurs pourront aussi faire\u2026","rel":"","context":"Dans &quot;Cultures du Monde&quot;","block_context":{"text":"Cultures du Monde","link":"http:\/\/www.letourismeaparis.fr\/index.php\/category\/culture\/musees-expositions\/cultures-du-monde\/"},"img":{"alt_text":"","src":"","width":0,"height":0},"classes":[]},{"id":7565,"url":"http:\/\/www.letourismeaparis.fr\/index.php\/2010\/05\/07\/vous-aimez-la-salsale-mambo-le-merengue-rendez-vous-le-8-mai-aux-halles-%c2%a7\/","url_meta":{"origin":1297,"position":4},"title":"Vous aimez  la Salsa,le mambo, le merengue, rendez-vous le 8 mai aux HALLES \u00a7","author":"Fabienne TM","date":"7 mai 2010","format":false,"excerpt":"Les danseurs de la Compagnie Salsabor inviteront samedi 8 mai de 12 h \u00e0 19 h le public \u00e0 venir d\u00e9couvrir les secrets du mambo, du merengue et de la salsa cubaine \u00e0 l\u2019occasion d\u2019un show, suivi de\u00a0 s\u00e9ances gratuites d\u2019initiation. Samedi de 12 \u00e0 19h Forum des Halles Espace\u2026","rel":"","context":"Dans &quot;Non class\u00e9&quot;","block_context":{"text":"Non class\u00e9","link":"http:\/\/www.letourismeaparis.fr\/index.php\/category\/non-classe\/"},"img":{"alt_text":"","src":"","width":0,"height":0},"classes":[]},{"id":8646,"url":"http:\/\/www.letourismeaparis.fr\/index.php\/2010\/10\/01\/viva-colombia-les-2-et-3-octobre-a-la-mairie-du-12eme-theatre-salsa-concert-gastronomie\/","url_meta":{"origin":1297,"position":5},"title":"Viva Colombia les 2 et 3 octobre \u00e0 la mairie du 12\u00e8me : th\u00e9atre, salsa, concert, gastronomie &#8230;","author":"Fabienne TM","date":"1 octobre 2010","format":false,"excerpt":"L'Association franco-colombienne \"Tierradentro\" vous invite les samedi 2 et dimanche 3 octobre Expositions d'artistes et d'artisans, stands associatifs et gastronomiques, performances artistiques. SAMEDI 2 OCTOBRE De 10h30 \u00e0 23h : Village du \u00ab Bicentenaire de l'Am\u00e9rique latine\u00bb Rue Bignon - gastronomie colombienne - Exposition d'artisanat et d'artistes plasticiens 10h30-17h: Exposition\u2026","rel":"","context":"Dans &quot;Non class\u00e9&quot;","block_context":{"text":"Non class\u00e9","link":"http:\/\/www.letourismeaparis.fr\/index.php\/category\/non-classe\/"},"img":{"alt_text":"","src":"https:\/\/i0.wp.com\/www.letourismeaparis.fr\/wp-content\/uploads\/2010\/09\/viva-colombia-213x300.jpg?resize=350%2C200","width":350,"height":200},"classes":[]}],"jetpack_sharing_enabled":true,"jetpack_likes_enabled":true,"_links":{"self":[{"href":"http:\/\/www.letourismeaparis.fr\/index.php\/wp-json\/wp\/v2\/posts\/1297","targetHints":{"allow":["GET"]}}],"collection":[{"href":"http:\/\/www.letourismeaparis.fr\/index.php\/wp-json\/wp\/v2\/posts"}],"about":[{"href":"http:\/\/www.letourismeaparis.fr\/index.php\/wp-json\/wp\/v2\/types\/post"}],"author":[{"embeddable":true,"href":"http:\/\/www.letourismeaparis.fr\/index.php\/wp-json\/wp\/v2\/users\/2"}],"replies":[{"embeddable":true,"href":"http:\/\/www.letourismeaparis.fr\/index.php\/wp-json\/wp\/v2\/comments?post=1297"}],"version-history":[{"count":0,"href":"http:\/\/www.letourismeaparis.fr\/index.php\/wp-json\/wp\/v2\/posts\/1297\/revisions"}],"wp:attachment":[{"href":"http:\/\/www.letourismeaparis.fr\/index.php\/wp-json\/wp\/v2\/media?parent=1297"}],"wp:term":[{"taxonomy":"category","embeddable":true,"href":"http:\/\/www.letourismeaparis.fr\/index.php\/wp-json\/wp\/v2\/categories?post=1297"},{"taxonomy":"post_tag","embeddable":true,"href":"http:\/\/www.letourismeaparis.fr\/index.php\/wp-json\/wp\/v2\/tags?post=1297"}],"curies":[{"name":"wp","href":"https:\/\/api.w.org\/{rel}","templated":true}]}}